{"id":142450,"date":"2022-01-08T20:14:28","date_gmt":"2022-01-08T23:14:28","guid":{"rendered":"https:\/\/www.hoymercedes.com.ar\/principal\/?p=142450"},"modified":"2022-01-08T20:14:35","modified_gmt":"2022-01-08T23:14:35","slug":"se-registraron-101-689-nuevos-contagios-de-coronavirus-en-la-argentina","status":"publish","type":"post","link":"https:\/\/www.hoymercedes.com.ar\/principal\/2022\/01\/08\/se-registraron-101-689-nuevos-contagios-de-coronavirus-en-la-argentina\/","title":{"rendered":"Se registraron 101.689 nuevos contagios de coronavirus en la Argentina"},"content":{"rendered":"\n<p>El nuevo parte del Ministerio de Salud indica adem\u00e1s que hubo 37 decesos y que suman\u00a06.237.525 los contagiados desde el inicio de la pandemia. Adem\u00e1s,\u00a0son 1.852 los internados en unidades de terapia intensiva. Con estos datos, suman 117.465 los fallecidos desde el inicio de la pandemia.<\/p>\n\n\n\n<div class=\"wp-block-image\"><figure class=\"aligncenter size-full\"><img loading=\"lazy\" decoding=\"async\" width=\"680\" height=\"465\" data-attachment-id=\"142451\" data-permalink=\"https:\/\/www.hoymercedes.com.ar\/principal\/2022\/01\/08\/se-registraron-101-689-nuevos-contagios-de-coronavirus-en-la-argentina\/fim7kr3xiaqv6rg\/#main\" data-orig-file=\"https:\/\/www.hoymercedes.com.ar\/principal\/wp-content\/uploads\/2022\/01\/FIm7Kr3XIAQv6rg.jpeg\" data-orig-size=\"680,465\" data-comments-opened=\"0\" data-image-meta=\"{&quot;aperture&quot;:&quot;0&quot;,&quot;credit&quot;:&quot;&quot;,&quot;camera&quot;:&quot;&quot;,&quot;caption&quot;:&quot;&quot;,&quot;created_timestamp&quot;:&quot;0&quot;,&quot;copyright&quot;:&quot;&quot;,&quot;focal_length&quot;:&quot;0&quot;,&quot;iso&quot;:&quot;0&quot;,&quot;shutter_speed&quot;:&quot;0&quot;,&quot;title&quot;:&quot;&quot;,&quot;orientation&quot;:&quot;0&quot;}\" data-image-title=\"FIm7Kr3XIAQv6rg\" data-image-description=\"\" data-image-caption=\"\" data-large-file=\"https:\/\/www.hoymercedes.com.ar\/principal\/wp-content\/uploads\/2022\/01\/FIm7Kr3XIAQv6rg.jpeg\" src=\"https:\/\/www.hoymercedes.com.ar\/principal\/wp-content\/uploads\/2022\/01\/FIm7Kr3XIAQv6rg.jpeg\" alt=\"\" class=\"wp-image-142451\" srcset=\"https:\/\/www.hoymercedes.com.ar\/principal\/wp-content\/uploads\/2022\/01\/FIm7Kr3XIAQv6rg.jpeg 680w, https:\/\/www.hoymercedes.com.ar\/principal\/wp-content\/uploads\/2022\/01\/FIm7Kr3XIAQv6rg-630x431.jpeg 630w, https:\/\/www.hoymercedes.com.ar\/principal\/wp-content\/uploads\/2022\/01\/FIm7Kr3XIAQv6rg-150x103.jpeg 150w\" sizes=\"auto, (max-width: 680px) 100vw, 680px\" \/><\/figure><\/div>\n\n\n\n<p>El parte precis\u00f3 que murieron 22 hombres; ocho en la provincia de Buenos Aires, cuatro en la Ciudad de Buenos Aires, dos en Chaco,  uno en C\u00f3rdoba, uno en Entre R\u00edos, dos en la Pampa,  uno en Salta,  uno en San Luis y uno en Santa Fe. El reporte indic\u00f3 que fallecieron 15 mujeres; ocho en la provincia de Buenos Aires, una en Chaco, una en C\u00f3rdoba, una en R\u00edo Negro, dos en Santa Fe, una en Santiago del Estero y una en Tierra del Fuego.<\/p>\n\n\n\n<div class=\"wp-block-image\"><figure class=\"aligncenter size-full\"><img loading=\"lazy\" decoding=\"async\" width=\"422\" height=\"440\" data-attachment-id=\"142452\" data-permalink=\"https:\/\/www.hoymercedes.com.ar\/principal\/2022\/01\/08\/se-registraron-101-689-nuevos-contagios-de-coronavirus-en-la-argentina\/fim73mbxiamocv3\/#main\" data-orig-file=\"https:\/\/www.hoymercedes.com.ar\/principal\/wp-content\/uploads\/2022\/01\/FIm73MBXIAMocv3.png\" data-orig-size=\"422,440\" data-comments-opened=\"0\" data-image-meta=\"{&quot;aperture&quot;:&quot;0&quot;,&quot;credit&quot;:&quot;&quot;,&quot;camera&quot;:&quot;&quot;,&quot;caption&quot;:&quot;&quot;,&quot;created_timestamp&quot;:&quot;0&quot;,&quot;copyright&quot;:&quot;&quot;,&quot;focal_length&quot;:&quot;0&quot;,&quot;iso&quot;:&quot;0&quot;,&quot;shutter_speed&quot;:&quot;0&quot;,&quot;title&quot;:&quot;&quot;,&quot;orientation&quot;:&quot;0&quot;}\" data-image-title=\"FIm73MBXIAMocv3\" data-image-description=\"\" data-image-caption=\"\" data-large-file=\"https:\/\/www.hoymercedes.com.ar\/principal\/wp-content\/uploads\/2022\/01\/FIm73MBXIAMocv3.png\" src=\"https:\/\/www.hoymercedes.com.ar\/principal\/wp-content\/uploads\/2022\/01\/FIm73MBXIAMocv3.png\" alt=\"\" class=\"wp-image-142452\" srcset=\"https:\/\/www.hoymercedes.com.ar\/principal\/wp-content\/uploads\/2022\/01\/FIm73MBXIAMocv3.png 422w, https:\/\/www.hoymercedes.com.ar\/principal\/wp-content\/uploads\/2022\/01\/FIm73MBXIAMocv3-144x150.png 144w\" sizes=\"auto, (max-width: 422px) 100vw, 422px\" \/><\/figure><\/div>\n\n\n\n<p>En las \u00faltimas 24 horas se registraron en la provincia de Buenos Aires Buenos Aires 34.113 casos; en la Ciudad de Buenos Aires 17.723; en Catamarca 742; en Chaco 1.662; en Chubut 638; en Corrientes 2.189; en C\u00f3rdoba 12.336; en Entre R\u00edos 1.592: en Formosa 1.015; en Jujuy 1.454; en La Pampa 864; en La Rioja 218; en Mendoza 2.923; en Misiones 252; en Neuqu\u00e9n 1.776; en R\u00edo Negro 1.104; en Salta 3.502; en San Juan 2.131; en San Luis 1.528; en Santa Cruz 1.251; en Santa Fe 8.252; en Santiago del Estero 1.867; en Tierra del Fuego 389 y en Tucum\u00e1n 2.168.<\/p>\n\n\n\n<p>El total de acumulados por distrito indica para la provincia de Buenos Aires 2.405.089 casos, en la Ciudad de Buenos Aires 663.948; Catamarca 60.403; Chaco 112.842; Chubut 89.003; Corrientes 105.292; C\u00f3rdoba 675.885; Entre R\u00edos 149.104; Formosa 67.123; Jujuy 58.735; La Pampa 76.914; La Rioja 36.131; Mendoza 188.566; Misiones 40.024; Neuqu\u00e9n 130.271; R\u00edo Negro 114.512; Salta 108.471; San Juan 82.695; San Luis 92.213; Santa Cruz 69.556; Santa Fe 536.076; Santiago del Estero 96.586; Tierra del Fuego 34.994 y Tucum\u00e1n 243.092.<\/p>\n\n\n\n<p>Fuente: Telam<\/p>\n\n\n\n<div class=\"wp-block-image\"><figure class=\"aligncenter size-full\"><img loading=\"lazy\" decoding=\"async\" width=\"243\" height=\"797\" data-attachment-id=\"142453\" data-permalink=\"https:\/\/www.hoymercedes.com.ar\/principal\/2022\/01\/08\/se-registraron-101-689-nuevos-contagios-de-coronavirus-en-la-argentina\/fim7643xoamdjg1\/#main\" data-orig-file=\"https:\/\/www.hoymercedes.com.ar\/principal\/wp-content\/uploads\/2022\/01\/FIm7643XoAMdJG1.png\" data-orig-size=\"243,797\" data-comments-opened=\"0\" data-image-meta=\"{&quot;aperture&quot;:&quot;0&quot;,&quot;credit&quot;:&quot;&quot;,&quot;camera&quot;:&quot;&quot;,&quot;caption&quot;:&quot;&quot;,&quot;created_timestamp&quot;:&quot;0&quot;,&quot;copyright&quot;:&quot;&quot;,&quot;focal_length&quot;:&quot;0&quot;,&quot;iso&quot;:&quot;0&quot;,&quot;shutter_speed&quot;:&quot;0&quot;,&quot;title&quot;:&quot;&quot;,&quot;orientation&quot;:&quot;0&quot;}\" data-image-title=\"FIm7643XoAMdJG1\" data-image-description=\"\" data-image-caption=\"\" data-large-file=\"https:\/\/www.hoymercedes.com.ar\/principal\/wp-content\/uploads\/2022\/01\/FIm7643XoAMdJG1.png\" src=\"https:\/\/www.hoymercedes.com.ar\/principal\/wp-content\/uploads\/2022\/01\/FIm7643XoAMdJG1.png\" alt=\"\" class=\"wp-image-142453\" srcset=\"https:\/\/www.hoymercedes.com.ar\/principal\/wp-content\/uploads\/2022\/01\/FIm7643XoAMdJG1.png 243w, https:\/\/www.hoymercedes.com.ar\/principal\/wp-content\/uploads\/2022\/01\/FIm7643XoAMdJG1-189x620.png 189w, https:\/\/www.hoymercedes.com.ar\/principal\/wp-content\/uploads\/2022\/01\/FIm7643XoAMdJG1-46x150.png 46w\" sizes=\"auto, (max-width: 243px) 100vw, 243px\" \/><\/figure><\/div>\n","protected":false},"excerpt":{"rendered":"<p>El nuevo parte del Ministerio de Salud indica adem\u00e1s que hubo 37 decesos y que suman\u00a06.237.525 los contagiados desde el &#8230; <a title=\"Se registraron 101.689 nuevos contagios de coronavirus en la Argentina\" class=\"read-more\" href=\"https:\/\/www.hoymercedes.com.ar\/principal\/2022\/01\/08\/se-registraron-101-689-nuevos-contagios-de-coronavirus-en-la-argentina\/\" aria-label=\"Leer m\u00e1s sobre Se registraron 101.689 nuevos contagios de coronavirus en la Argentina\">Leer m\u00e1s<\/a><\/p>\n","protected":false},"author":1,"featured_media":142451,"comment_status":"closed","ping_status":"open","sticky":false,"template":"","format":"standard","meta":{"_monsterinsights_skip_tracking":false,"_monsterinsights_sitenote_active":false,"_monsterinsights_sitenote_note":"","_monsterinsights_sitenote_category":0,"jetpack_post_was_ever_published":false,"_jetpack_newsletter_access":"","_jetpack_dont_email_post_to_subs":false,"_jetpack_newsletter_tier_id":0,"_jetpack_memberships_contains_paywalled_content":false,"_jetpack_memberships_contains_paid_content":false,"footnotes":"","jetpack_publicize_message":"","jetpack_publicize_feature_enabled":true,"jetpack_social_post_already_shared":true,"jetpack_social_options":{"image_generator_settings":{"template":"highway","default_image_id":0,"font":"","enabled":false},"version":2},"_wpas_customize_per_network":false},"categories":[9791],"tags":[16175,16313],"class_list":["post-142450","post","type-post","status-publish","format-standard","has-post-thumbnail","hentry","category-salud","tag-coronavirus","tag-covid-19","generate-columns","tablet-grid-50","mobile-grid-100","grid-parent","grid-50"],"jetpack_publicize_connections":[],"jetpack_featured_media_url":"https:\/\/www.hoymercedes.com.ar\/principal\/wp-content\/uploads\/2022\/01\/FIm7Kr3XIAQv6rg.jpeg","wps_subtitle":"Informe nacional","jetpack_sharing_enabled":true,"_links":{"self":[{"href":"https:\/\/www.hoymercedes.com.ar\/principal\/wp-json\/wp\/v2\/posts\/142450","targetHints":{"allow":["GET"]}}],"collection":[{"href":"https:\/\/www.hoymercedes.com.ar\/principal\/wp-json\/wp\/v2\/posts"}],"about":[{"href":"https:\/\/www.hoymercedes.com.ar\/principal\/wp-json\/wp\/v2\/types\/post"}],"author":[{"embeddable":true,"href":"https:\/\/www.hoymercedes.com.ar\/principal\/wp-json\/wp\/v2\/users\/1"}],"replies":[{"embeddable":true,"href":"https:\/\/www.hoymercedes.com.ar\/principal\/wp-json\/wp\/v2\/comments?post=142450"}],"version-history":[{"count":0,"href":"https:\/\/www.hoymercedes.com.ar\/principal\/wp-json\/wp\/v2\/posts\/142450\/revisions"}],"wp:featuredmedia":[{"embeddable":true,"href":"https:\/\/www.hoymercedes.com.ar\/principal\/wp-json\/wp\/v2\/media\/142451"}],"wp:attachment":[{"href":"https:\/\/www.hoymercedes.com.ar\/principal\/wp-json\/wp\/v2\/media?parent=142450"}],"wp:term":[{"taxonomy":"category","embeddable":true,"href":"https:\/\/www.hoymercedes.com.ar\/principal\/wp-json\/wp\/v2\/categories?post=142450"},{"taxonomy":"post_tag","embeddable":true,"href":"https:\/\/www.hoymercedes.com.ar\/principal\/wp-json\/wp\/v2\/tags?post=142450"}],"curies":[{"name":"wp","href":"https:\/\/api.w.org\/{rel}","templated":true}]}}