{"id":142490,"date":"2022-01-09T23:49:50","date_gmt":"2022-01-10T02:49:50","guid":{"rendered":"https:\/\/www.hoymercedes.com.ar\/principal\/?p=142490"},"modified":"2022-01-09T23:49:57","modified_gmt":"2022-01-10T02:49:57","slug":"se-vivieron-las-noches-de-las-infancias-en-la-trocha","status":"publish","type":"post","link":"https:\/\/www.hoymercedes.com.ar\/principal\/2022\/01\/09\/se-vivieron-las-noches-de-las-infancias-en-la-trocha\/","title":{"rendered":"Se vivieron las \u201cnoches de las infancias\u201d en La Trocha"},"content":{"rendered":"\n<figure class=\"wp-block-image size-large\"><img loading=\"lazy\" decoding=\"async\" width=\"1024\" height=\"683\" data-attachment-id=\"142491\" data-permalink=\"https:\/\/www.hoymercedes.com.ar\/principal\/2022\/01\/09\/se-vivieron-las-noches-de-las-infancias-en-la-trocha\/infancias08012022-dsc01259\/#main\" data-orig-file=\"https:\/\/www.hoymercedes.com.ar\/principal\/wp-content\/uploads\/2022\/01\/Infancias08012022-DSC01259.jpg\" data-orig-size=\"1200,800\" data-comments-opened=\"0\" data-image-meta=\"{&quot;aperture&quot;:&quot;4&quot;,&quot;credit&quot;:&quot;&quot;,&quot;camera&quot;:&quot;ILCE-7M3&quot;,&quot;caption&quot;:&quot;&quot;,&quot;created_timestamp&quot;:&quot;1641690147&quot;,&quot;copyright&quot;:&quot;&quot;,&quot;focal_length&quot;:&quot;58&quot;,&quot;iso&quot;:&quot;6400&quot;,&quot;shutter_speed&quot;:&quot;0.008&quot;,&quot;title&quot;:&quot;&quot;,&quot;orientation&quot;:&quot;0&quot;}\" data-image-title=\"Infancias08012022-DSC01259\" data-image-description=\"\" data-image-caption=\"\" data-large-file=\"https:\/\/www.hoymercedes.com.ar\/principal\/wp-content\/uploads\/2022\/01\/Infancias08012022-DSC01259-1024x683.jpg\" src=\"https:\/\/www.hoymercedes.com.ar\/principal\/wp-content\/uploads\/2022\/01\/Infancias08012022-DSC01259-1024x683.jpg\" alt=\"\" class=\"wp-image-142491\" srcset=\"https:\/\/www.hoymercedes.com.ar\/principal\/wp-content\/uploads\/2022\/01\/Infancias08012022-DSC01259-1024x683.jpg 1024w, https:\/\/www.hoymercedes.com.ar\/principal\/wp-content\/uploads\/2022\/01\/Infancias08012022-DSC01259-630x420.jpg 630w, https:\/\/www.hoymercedes.com.ar\/principal\/wp-content\/uploads\/2022\/01\/Infancias08012022-DSC01259-150x100.jpg 150w, https:\/\/www.hoymercedes.com.ar\/principal\/wp-content\/uploads\/2022\/01\/Infancias08012022-DSC01259.jpg 1200w\" sizes=\"auto, (max-width: 1024px) 100vw, 1024px\" \/><\/figure>\n\n\n\n<p>En La Trocha se vivieron dos noches de entretenimiento y cultura en \u201cLas Noches de las Infancias\u201d programadas por la Municipalidad. De manera protocolizada y planificadas para las familias y la ni\u00f1ez, este viernes y s\u00e1bado hubo espect\u00e1culos, gastronom\u00eda y especialmente propuestas para la ni\u00f1ez con Estaci\u00f3n Juegos, inflables, actividades circenses, kermesse cultural y los food trucks.<\/p>\n\n\n\n<p>\u201cEs parte de las propuestas para este verano, para disfrutar en Mercedes\u201d comentaron desde la Direcci\u00f3n de Cultura y destacaron que \u201cDesde Ni\u00f1ez se ha preparado un programa de actividades muy diversas, cuidadas, pensadas para la familia y los m\u00e1s peque\u00f1os\u201d.<\/p>\n\n\n\n<p>La directora de ni\u00f1ez y adolescencia, Gabriela Olivella, agradeci\u00f3 a las \u201cfamilias por el acompa\u00f1amiento\u201d y \u201ca cada ni\u00f1o y ni\u00f1a por ser parte de estas hermosas noches vividas\u201d<\/p>\n\n\n\n<p>El viernes se vivi\u00f3, adem\u00e1s, el show de \u201cEsta Musiquita\u201d y \u201cVentolina\u201d el s\u00e1bado.<\/p>\n\n\n\n<figure class=\"wp-block-image size-large\"><img loading=\"lazy\" decoding=\"async\" width=\"1024\" height=\"765\" data-attachment-id=\"142492\" data-permalink=\"https:\/\/www.hoymercedes.com.ar\/principal\/2022\/01\/09\/se-vivieron-las-noches-de-las-infancias-en-la-trocha\/infancias08012022-dsc01317\/#main\" data-orig-file=\"https:\/\/www.hoymercedes.com.ar\/principal\/wp-content\/uploads\/2022\/01\/Infancias08012022-DSC01317.jpg\" data-orig-size=\"1200,896\" data-comments-opened=\"0\" data-image-meta=\"{&quot;aperture&quot;:&quot;4&quot;,&quot;credit&quot;:&quot;&quot;,&quot;camera&quot;:&quot;ILCE-7M3&quot;,&quot;caption&quot;:&quot;&quot;,&quot;created_timestamp&quot;:&quot;1641691139&quot;,&quot;copyright&quot;:&quot;&quot;,&quot;focal_length&quot;:&quot;105&quot;,&quot;iso&quot;:&quot;6400&quot;,&quot;shutter_speed&quot;:&quot;0.00625&quot;,&quot;title&quot;:&quot;&quot;,&quot;orientation&quot;:&quot;0&quot;}\" data-image-title=\"Infancias08012022-DSC01317\" data-image-description=\"\" data-image-caption=\"\" data-large-file=\"https:\/\/www.hoymercedes.com.ar\/principal\/wp-content\/uploads\/2022\/01\/Infancias08012022-DSC01317-1024x765.jpg\" src=\"https:\/\/www.hoymercedes.com.ar\/principal\/wp-content\/uploads\/2022\/01\/Infancias08012022-DSC01317-1024x765.jpg\" alt=\"\" class=\"wp-image-142492\" srcset=\"https:\/\/www.hoymercedes.com.ar\/principal\/wp-content\/uploads\/2022\/01\/Infancias08012022-DSC01317-1024x765.jpg 1024w, https:\/\/www.hoymercedes.com.ar\/principal\/wp-content\/uploads\/2022\/01\/Infancias08012022-DSC01317-630x470.jpg 630w, https:\/\/www.hoymercedes.com.ar\/principal\/wp-content\/uploads\/2022\/01\/Infancias08012022-DSC01317-150x112.jpg 150w, https:\/\/www.hoymercedes.com.ar\/principal\/wp-content\/uploads\/2022\/01\/Infancias08012022-DSC01317.jpg 1200w\" sizes=\"auto, (max-width: 1024px) 100vw, 1024px\" \/><\/figure>\n\n\n\n<p><\/p>\n\n\n\n<p>La acci\u00f3n se enmarca en una serie de actividades que incluyen zumba y aeromunic de lunes a viernes en la rotonda de avenida 40, paseos en bici cada tarde en el parte nuevo, colonias de piletas en el Unzu\u00e9 y el Parque e intervenciones semanales desde diversas tem\u00e1ticas que se van dando a conocer peri\u00f3dicamente y que se pueden consultar en redes sociales de la Comuna o en cultura.mercedes.gob.ar<\/p>\n\n\n\n<p>Info: Ni\u00f1ez<\/p>\n","protected":false},"excerpt":{"rendered":"<p>En La Trocha se vivieron dos noches de entretenimiento y cultura en \u201cLas Noches de las Infancias\u201d programadas por la &#8230; <a title=\"Se vivieron las \u201cnoches de las infancias\u201d en La Trocha\" class=\"read-more\" href=\"https:\/\/www.hoymercedes.com.ar\/principal\/2022\/01\/09\/se-vivieron-las-noches-de-las-infancias-en-la-trocha\/\" aria-label=\"Leer m\u00e1s sobre Se vivieron las \u201cnoches de las infancias\u201d en La Trocha\">Leer m\u00e1s<\/a><\/p>\n","protected":false},"author":1,"featured_media":142492,"comment_status":"closed","ping_status":"open","sticky":false,"template":"","format":"standard","meta":{"_monsterinsights_skip_tracking":false,"_monsterinsights_sitenote_active":false,"_monsterinsights_sitenote_note":"","_monsterinsights_sitenote_category":0,"jetpack_post_was_ever_published":false,"_jetpack_newsletter_access":"","_jetpack_dont_email_post_to_subs":false,"_jetpack_newsletter_tier_id":0,"_jetpack_memberships_contains_paywalled_content":false,"_jetpack_memberships_contains_paid_content":false,"footnotes":"","jetpack_publicize_message":"","jetpack_publicize_feature_enabled":true,"jetpack_social_post_already_shared":true,"jetpack_social_options":{"image_generator_settings":{"template":"highway","default_image_id":0,"font":"","enabled":false},"version":2},"_wpas_customize_per_network":false},"categories":[104],"tags":[16668,18182],"class_list":["post-142490","post","type-post","status-publish","format-standard","has-post-thumbnail","hentry","category-cultura","tag-ninez","tag-noche-de-las-imfancias","generate-columns","tablet-grid-50","mobile-grid-100","grid-parent","grid-50"],"jetpack_publicize_connections":[],"jetpack_featured_media_url":"https:\/\/www.hoymercedes.com.ar\/principal\/wp-content\/uploads\/2022\/01\/Infancias08012022-DSC01317.jpg","wps_subtitle":"Vereno en Mercedes","jetpack_sharing_enabled":true,"_links":{"self":[{"href":"https:\/\/www.hoymercedes.com.ar\/principal\/wp-json\/wp\/v2\/posts\/142490","targetHints":{"allow":["GET"]}}],"collection":[{"href":"https:\/\/www.hoymercedes.com.ar\/principal\/wp-json\/wp\/v2\/posts"}],"about":[{"href":"https:\/\/www.hoymercedes.com.ar\/principal\/wp-json\/wp\/v2\/types\/post"}],"author":[{"embeddable":true,"href":"https:\/\/www.hoymercedes.com.ar\/principal\/wp-json\/wp\/v2\/users\/1"}],"replies":[{"embeddable":true,"href":"https:\/\/www.hoymercedes.com.ar\/principal\/wp-json\/wp\/v2\/comments?post=142490"}],"version-history":[{"count":0,"href":"https:\/\/www.hoymercedes.com.ar\/principal\/wp-json\/wp\/v2\/posts\/142490\/revisions"}],"wp:featuredmedia":[{"embeddable":true,"href":"https:\/\/www.hoymercedes.com.ar\/principal\/wp-json\/wp\/v2\/media\/142492"}],"wp:attachment":[{"href":"https:\/\/www.hoymercedes.com.ar\/principal\/wp-json\/wp\/v2\/media?parent=142490"}],"wp:term":[{"taxonomy":"category","embeddable":true,"href":"https:\/\/www.hoymercedes.com.ar\/principal\/wp-json\/wp\/v2\/categories?post=142490"},{"taxonomy":"post_tag","embeddable":true,"href":"https:\/\/www.hoymercedes.com.ar\/principal\/wp-json\/wp\/v2\/tags?post=142490"}],"curies":[{"name":"wp","href":"https:\/\/api.w.org\/{rel}","templated":true}]}}