{"id":142495,"date":"2022-01-10T07:30:00","date_gmt":"2022-01-10T10:30:00","guid":{"rendered":"https:\/\/www.hoymercedes.com.ar\/principal\/?p=142495"},"modified":"2022-01-10T01:19:50","modified_gmt":"2022-01-10T04:19:50","slug":"matias-dematei-asume-como-intendente-interino","status":"publish","type":"post","link":"https:\/\/www.hoymercedes.com.ar\/principal\/2022\/01\/10\/matias-dematei-asume-como-intendente-interino\/","title":{"rendered":"Mat\u00edas Dematei asume como intendente interino"},"content":{"rendered":"\n<figure class=\"wp-block-image size-large\"><img loading=\"lazy\" decoding=\"async\" width=\"1024\" height=\"576\" data-attachment-id=\"142496\" data-permalink=\"https:\/\/www.hoymercedes.com.ar\/principal\/2022\/01\/10\/matias-dematei-asume-como-intendente-interino\/matiasdematei-intendenteinterino2022\/#main\" data-orig-file=\"https:\/\/www.hoymercedes.com.ar\/principal\/wp-content\/uploads\/2022\/01\/MatiasDematei-IntendenteInterino2022.jpeg\" data-orig-size=\"1280,720\" data-comments-opened=\"0\" data-image-meta=\"{&quot;aperture&quot;:&quot;0&quot;,&quot;credit&quot;:&quot;&quot;,&quot;camera&quot;:&quot;&quot;,&quot;caption&quot;:&quot;&quot;,&quot;created_timestamp&quot;:&quot;0&quot;,&quot;copyright&quot;:&quot;&quot;,&quot;focal_length&quot;:&quot;0&quot;,&quot;iso&quot;:&quot;0&quot;,&quot;shutter_speed&quot;:&quot;0&quot;,&quot;title&quot;:&quot;&quot;,&quot;orientation&quot;:&quot;0&quot;}\" data-image-title=\"MatiasDematei-IntendenteInterino2022\" data-image-description=\"\" data-image-caption=\"\" data-large-file=\"https:\/\/www.hoymercedes.com.ar\/principal\/wp-content\/uploads\/2022\/01\/MatiasDematei-IntendenteInterino2022-1024x576.jpeg\" src=\"https:\/\/www.hoymercedes.com.ar\/principal\/wp-content\/uploads\/2022\/01\/MatiasDematei-IntendenteInterino2022-1024x576.jpeg\" alt=\"\" class=\"wp-image-142496\" srcset=\"https:\/\/www.hoymercedes.com.ar\/principal\/wp-content\/uploads\/2022\/01\/MatiasDematei-IntendenteInterino2022-1024x576.jpeg 1024w, https:\/\/www.hoymercedes.com.ar\/principal\/wp-content\/uploads\/2022\/01\/MatiasDematei-IntendenteInterino2022-630x354.jpeg 630w, https:\/\/www.hoymercedes.com.ar\/principal\/wp-content\/uploads\/2022\/01\/MatiasDematei-IntendenteInterino2022-150x84.jpeg 150w, https:\/\/www.hoymercedes.com.ar\/principal\/wp-content\/uploads\/2022\/01\/MatiasDematei-IntendenteInterino2022.jpeg 1280w\" sizes=\"auto, (max-width: 1024px) 100vw, 1024px\" \/><\/figure>\n\n\n\n<p>El actual jefe de gabinete, <strong>Mat\u00edas Dematie<\/strong>, asumir\u00e1 como<strong> intendente interino <\/strong>desde este lunes. Ser\u00e1 en remplazo por licencia anual aprobada por el Concejo para el<strong> jefe comunal Ustarroz<\/strong>. Se espera una agenda nutrida de gesti\u00f3n, tal como viene siendo hasta ahora, afirmaron desde el oficialismo.<\/p>\n\n\n\n<p><em>\u201cEs un gran orgullo volver a tener esta responsabilidad, un compromiso enorme, pero que no deja de ser una continuidad de lo que d\u00eda a d\u00eda realizamos, que es trabajar en equipo con la conducci\u00f3n de Juani en pos de nuestra ciudad<\/em>\u201d sostuvo Demetai y destac\u00f3 que <em><subama>\u201chay un equipo consustanciado, que coordina nuestro intendente y que tiene una gran solidez para trabajar y eso haremos en estos d\u00edas, donde tenemos una importante planificaci\u00f3n que no para\u201d<\/subama> <\/em>manifest\u00f3 y remarc\u00f3 <em>\u201ces un orgullo ser parte de un gabinete con funcionario y funcionarias comprometidos, dedicados y con una capacidad de gesti\u00f3n enorme\u201d.<\/em><\/p>\n\n\n\n<p>Desde el pasado 10 de diciembre, vale recordar, Dematei ocupa la jefatura de gabinete, tras ser presidente del Concejo Deliberante y sumarse al ejecutivo, espacios que en el pasado ya ha ocupado y sobre los que tiene experiencia.<\/p>\n","protected":false},"excerpt":{"rendered":"<p>El actual jefe de gabinete, Mat\u00edas Dematie, asumir\u00e1 como intendente interino desde este lunes. Ser\u00e1 en remplazo por licencia anual &#8230; <a title=\"Mat\u00edas Dematei asume como intendente interino\" class=\"read-more\" href=\"https:\/\/www.hoymercedes.com.ar\/principal\/2022\/01\/10\/matias-dematei-asume-como-intendente-interino\/\" aria-label=\"Leer m\u00e1s sobre Mat\u00edas Dematei asume como intendente interino\">Leer m\u00e1s<\/a><\/p>\n","protected":false},"author":1,"featured_media":142496,"comment_status":"closed","ping_status":"open","sticky":false,"template":"","format":"standard","meta":{"_monsterinsights_skip_tracking":false,"_monsterinsights_sitenote_active":false,"_monsterinsights_sitenote_note":"","_monsterinsights_sitenote_category":0,"jetpack_post_was_ever_published":false,"_jetpack_newsletter_access":"","_jetpack_dont_email_post_to_subs":false,"_jetpack_newsletter_tier_id":0,"_jetpack_memberships_contains_paywalled_content":false,"_jetpack_memberships_contains_paid_content":false,"footnotes":"","jetpack_publicize_message":"","jetpack_publicize_feature_enabled":true,"jetpack_social_post_already_shared":true,"jetpack_social_options":{"image_generator_settings":{"template":"highway","default_image_id":0,"font":"","enabled":false},"version":2},"_wpas_customize_per_network":false},"categories":[8],"tags":[3810,12689],"class_list":["post-142495","post","type-post","status-publish","format-standard","has-post-thumbnail","hentry","category-sociedad","tag-matias-dematei","tag-matias-dematei-intendente-interino","generate-columns","tablet-grid-50","mobile-grid-100","grid-parent","grid-50"],"jetpack_publicize_connections":[],"jetpack_featured_media_url":"https:\/\/www.hoymercedes.com.ar\/principal\/wp-content\/uploads\/2022\/01\/MatiasDematei-IntendenteInterino2022.jpeg","wps_subtitle":"Poder Ejecutivo","jetpack_sharing_enabled":true,"_links":{"self":[{"href":"https:\/\/www.hoymercedes.com.ar\/principal\/wp-json\/wp\/v2\/posts\/142495","targetHints":{"allow":["GET"]}}],"collection":[{"href":"https:\/\/www.hoymercedes.com.ar\/principal\/wp-json\/wp\/v2\/posts"}],"about":[{"href":"https:\/\/www.hoymercedes.com.ar\/principal\/wp-json\/wp\/v2\/types\/post"}],"author":[{"embeddable":true,"href":"https:\/\/www.hoymercedes.com.ar\/principal\/wp-json\/wp\/v2\/users\/1"}],"replies":[{"embeddable":true,"href":"https:\/\/www.hoymercedes.com.ar\/principal\/wp-json\/wp\/v2\/comments?post=142495"}],"version-history":[{"count":0,"href":"https:\/\/www.hoymercedes.com.ar\/principal\/wp-json\/wp\/v2\/posts\/142495\/revisions"}],"wp:featuredmedia":[{"embeddable":true,"href":"https:\/\/www.hoymercedes.com.ar\/principal\/wp-json\/wp\/v2\/media\/142496"}],"wp:attachment":[{"href":"https:\/\/www.hoymercedes.com.ar\/principal\/wp-json\/wp\/v2\/media?parent=142495"}],"wp:term":[{"taxonomy":"category","embeddable":true,"href":"https:\/\/www.hoymercedes.com.ar\/principal\/wp-json\/wp\/v2\/categories?post=142495"},{"taxonomy":"post_tag","embeddable":true,"href":"https:\/\/www.hoymercedes.com.ar\/principal\/wp-json\/wp\/v2\/tags?post=142495"}],"curies":[{"name":"wp","href":"https:\/\/api.w.org\/{rel}","templated":true}]}}