{"id":14269,"date":"2012-07-03T02:57:54","date_gmt":"2012-07-03T02:57:54","guid":{"rendered":"http:\/\/www.hoymercedes.com.ar\/principal\/?p=14269"},"modified":"2012-07-03T02:57:54","modified_gmt":"2012-07-03T02:57:54","slug":"unidad-y-lealtad-y-el-medio-aguinaldo-de-los-estatales","status":"publish","type":"post","link":"https:\/\/www.hoymercedes.com.ar\/principal\/2012\/07\/03\/unidad-y-lealtad-y-el-medio-aguinaldo-de-los-estatales\/","title":{"rendered":"\u201cUnidad y Lealtad\u201d y el medio aguinaldo de los estatales"},"content":{"rendered":"<p>La Agrupaci\u00f3n Justicialista \u201cUnidad y Lealtad\u201d expresa su claro y contundente rechazo al pago en cuotas del medio aguinaldo a la totalidad de la masa de agentes estatales bonaerenses.<\/p>\n<p>No es admisible que los agentes p\u00fablicos hayan quedado rehenes de las disputas de la Presidenta de la Naci\u00f3n con el Gobernador de Buenos Aires.<\/p>\n<p>A ello se ha llegado por falta de una ley regulatoria de la coparticipaci\u00f3n federal de impuestos tal cual lo estableci\u00f3 la reforma de la Constituci\u00f3n Nacional en 1994.<\/p>\n<p>Sepa el pueblo que el pago en cuotas del medio aguinaldo se debe a la interna desatada dentro del Kirchnerismo. Ello perjudica a quinientos cincuenta mil trabajadores estatales y sus familias que esperaban el estipendio para estos d\u00edas.<\/p>\n<p>Rechazamos, tambi\u00e9n, las malintencionadas declaraciones del vicegobernador Mariotto al haber afirmado que se pagar\u00eda en t\u00e9rmino el medio aguinaldo, declaraciones que hizo mientras el Gobernador se hallaba en uso de licencia.<\/p>\n<p>Se\u00f1ora Presidente, basta de mon\u00f3logos; desh\u00e1gase del \u201cmicroclima\u201d que la acompa\u00f1a; su\u00e9ltele la mano a los funcionarios sospechados de acciones delictivas; dialogue con los argentinos que desean ayudar al pa\u00eds. Audite y luego reduzca los gastos innecesarios y sup\u00e9rfluos en, por ejemplo, prensa acomodaticia; abra las puertas a la exportaciones \u2013 sin l\u00edmites \u2013 de la producci\u00f3n nacional, porque ahoga no s\u00f3lo al empresariado argentino sino fundamentalmente a los trabajadores que ven cercenados sus salarios por las suspensiones en sus labores. Impida la atomizaci\u00f3n del movimiento obrero organizado y que la dirigencia sindical \u2013 como anhelaba el general Per\u00f3n \u2013 dirima, org\u00e1nicamente sus autoridades.<\/p>\n<p>&nbsp;<\/p>\n<p>Juan Carlos Benitez \u00a0 \u00a0 \u00a0 \u00a0 \u00a0 \u00a0 \u00a0 \u00a0 \u00a0 \u00a0 \u00a0 \u00a0 \u00a0 \u00a0 \u00a0 \u00a0 \u00a0 \u00a0 \u00a0 \u00a0 \u00a0 \u00a0 Alejandro Francisco Molle<\/p>\n<p>Secretario General. \u00a0 \u00a0 \u00a0 \u00a0 \u00a0 \u00a0 \u00a0 \u00a0 \u00a0 \u00a0 \u00a0 \u00a0 \u00a0 \u00a0 \u00a0 \u00a0 \u00a0 \u00a0 \u00a0 \u00a0 \u00a0 \u00a0Sec. Adjunto.<\/p>\n","protected":false},"excerpt":{"rendered":"<p>La Agrupaci\u00f3n Justicialista \u201cUnidad y Lealtad\u201d expresa su claro y contundente rechazo al pago en cuotas del medio aguinaldo a &#8230; <a title=\"\u201cUnidad y Lealtad\u201d y el medio aguinaldo de los estatales\" class=\"read-more\" href=\"https:\/\/www.hoymercedes.com.ar\/principal\/2012\/07\/03\/unidad-y-lealtad-y-el-medio-aguinaldo-de-los-estatales\/\" aria-label=\"Leer m\u00e1s sobre \u201cUnidad y Lealtad\u201d y el medio aguinaldo de los estatales\">Leer m\u00e1s<\/a><\/p>\n","protected":false},"author":1,"featured_media":0,"comment_status":"open","ping_status":"open","sticky":false,"template":"","format":"standard","meta":{"_monsterinsights_skip_tracking":false,"_monsterinsights_sitenote_active":false,"_monsterinsights_sitenote_note":"","_monsterinsights_sitenote_category":0,"jetpack_post_was_ever_published":false,"_jetpack_newsletter_access":"","_jetpack_dont_email_post_to_subs":false,"_jetpack_newsletter_tier_id":0,"_jetpack_memberships_contains_paywalled_content":false,"_jetpack_memberships_contains_paid_content":false,"footnotes":"","jetpack_publicize_message":"","jetpack_publicize_feature_enabled":true,"jetpack_social_post_already_shared":false,"jetpack_social_options":{"image_generator_settings":{"template":"highway","default_image_id":0,"font":"","enabled":false},"version":2},"_wpas_customize_per_network":false},"categories":[5],"tags":[566,313,129],"class_list":["post-14269","post","type-post","status-publish","format-standard","hentry","category-politica","tag-alejandro-molle","tag-juan-carlos-benitez","tag-unidad-y-lealtad","generate-columns","tablet-grid-50","mobile-grid-100","grid-parent","grid-50"],"jetpack_publicize_connections":[],"jetpack_featured_media_url":"","wps_subtitle":"","jetpack_sharing_enabled":true,"_links":{"self":[{"href":"https:\/\/www.hoymercedes.com.ar\/principal\/wp-json\/wp\/v2\/posts\/14269","targetHints":{"allow":["GET"]}}],"collection":[{"href":"https:\/\/www.hoymercedes.com.ar\/principal\/wp-json\/wp\/v2\/posts"}],"about":[{"href":"https:\/\/www.hoymercedes.com.ar\/principal\/wp-json\/wp\/v2\/types\/post"}],"author":[{"embeddable":true,"href":"https:\/\/www.hoymercedes.com.ar\/principal\/wp-json\/wp\/v2\/users\/1"}],"replies":[{"embeddable":true,"href":"https:\/\/www.hoymercedes.com.ar\/principal\/wp-json\/wp\/v2\/comments?post=14269"}],"version-history":[{"count":0,"href":"https:\/\/www.hoymercedes.com.ar\/principal\/wp-json\/wp\/v2\/posts\/14269\/revisions"}],"wp:attachment":[{"href":"https:\/\/www.hoymercedes.com.ar\/principal\/wp-json\/wp\/v2\/media?parent=14269"}],"wp:term":[{"taxonomy":"category","embeddable":true,"href":"https:\/\/www.hoymercedes.com.ar\/principal\/wp-json\/wp\/v2\/categories?post=14269"},{"taxonomy":"post_tag","embeddable":true,"href":"https:\/\/www.hoymercedes.com.ar\/principal\/wp-json\/wp\/v2\/tags?post=14269"}],"curies":[{"name":"wp","href":"https:\/\/api.w.org\/{rel}","templated":true}]}}