{"id":142722,"date":"2022-01-15T18:30:00","date_gmt":"2022-01-15T21:30:00","guid":{"rendered":"https:\/\/www.hoymercedes.com.ar\/principal\/?p=142722"},"modified":"2022-01-15T17:54:01","modified_gmt":"2022-01-15T20:54:01","slug":"este-sabado-en-san-jose-inicia-musica-en-las-plazas","status":"publish","type":"post","link":"https:\/\/www.hoymercedes.com.ar\/principal\/2022\/01\/15\/este-sabado-en-san-jose-inicia-musica-en-las-plazas\/","title":{"rendered":"Este s\u00e1bado en San Jos\u00e9 inicia \u00abM\u00fasica en las Plazas\u00bb"},"content":{"rendered":"\n<figure class=\"wp-block-image size-large\"><img loading=\"lazy\" decoding=\"async\" width=\"1024\" height=\"683\" data-attachment-id=\"142723\" data-permalink=\"https:\/\/www.hoymercedes.com.ar\/principal\/2022\/01\/15\/este-sabado-en-san-jose-inicia-musica-en-las-plazas\/271773683_4738350959592025_1343387808625451197_n\/#main\" data-orig-file=\"https:\/\/www.hoymercedes.com.ar\/principal\/wp-content\/uploads\/2022\/01\/271773683_4738350959592025_1343387808625451197_n.jpg\" data-orig-size=\"2048,1365\" data-comments-opened=\"0\" data-image-meta=\"{&quot;aperture&quot;:&quot;0&quot;,&quot;credit&quot;:&quot;&quot;,&quot;camera&quot;:&quot;&quot;,&quot;caption&quot;:&quot;&quot;,&quot;created_timestamp&quot;:&quot;0&quot;,&quot;copyright&quot;:&quot;&quot;,&quot;focal_length&quot;:&quot;0&quot;,&quot;iso&quot;:&quot;0&quot;,&quot;shutter_speed&quot;:&quot;0&quot;,&quot;title&quot;:&quot;&quot;,&quot;orientation&quot;:&quot;0&quot;}\" data-image-title=\"271773683_4738350959592025_1343387808625451197_n\" data-image-description=\"\" data-image-caption=\"\" data-large-file=\"https:\/\/www.hoymercedes.com.ar\/principal\/wp-content\/uploads\/2022\/01\/271773683_4738350959592025_1343387808625451197_n-1024x683.jpg\" src=\"https:\/\/www.hoymercedes.com.ar\/principal\/wp-content\/uploads\/2022\/01\/271773683_4738350959592025_1343387808625451197_n-1024x683.jpg\" alt=\"\" class=\"wp-image-142723\" srcset=\"https:\/\/www.hoymercedes.com.ar\/principal\/wp-content\/uploads\/2022\/01\/271773683_4738350959592025_1343387808625451197_n-1024x683.jpg 1024w, https:\/\/www.hoymercedes.com.ar\/principal\/wp-content\/uploads\/2022\/01\/271773683_4738350959592025_1343387808625451197_n-630x420.jpg 630w, https:\/\/www.hoymercedes.com.ar\/principal\/wp-content\/uploads\/2022\/01\/271773683_4738350959592025_1343387808625451197_n-150x100.jpg 150w, https:\/\/www.hoymercedes.com.ar\/principal\/wp-content\/uploads\/2022\/01\/271773683_4738350959592025_1343387808625451197_n-1536x1024.jpg 1536w, https:\/\/www.hoymercedes.com.ar\/principal\/wp-content\/uploads\/2022\/01\/271773683_4738350959592025_1343387808625451197_n.jpg 2048w\" sizes=\"auto, (max-width: 1024px) 100vw, 1024px\" \/><\/figure>\n\n\n\n<p>Este s\u00e1bado 15 comienza el reconocido ciclo \u201cVerano en las Plazas\u201d en el barrio San Jos\u00e9 (calle 29 y 50), una acci\u00f3n m\u00e1s, que se suma a la amplia agenda de actividades que el Municipio de Mercedes prepar\u00f3 para todos los vecinos de la ciudad. Contin\u00faa el domingo 16 en Blandengues (calle 16 y 103) ambos arrancan a las 21:00 horas y tendr\u00e1n intervenciones art\u00edsticas para las infancias y shows musicales, adem\u00e1s del hist\u00f3rico concurso de baile. &nbsp;<\/p>\n\n\n\n<p>El intendente interino, Mat\u00edas Dematei expres\u00f3 \u201cla verdad que la cantidad de actividades que hay son much\u00edsimas y esto tiene que ver con una pol\u00edtica que viene llevando adelante el intendente Ustarroz desde el primer d\u00eda de la gesti\u00f3n, misma que se viene jerarquizando y brindando mejores propuestas\u201d.<\/p>\n\n\n\n<p>En este sentido, Dematei indic\u00f3 \u201cvemos que Mercedes se ha transformado en un polo tur\u00edstico, viene mucha gente de afuera a disfrutar las diferentes propuestas, lo que genera empleo directo para los mercedinos y se abren espacios para los artistas locales\u201d y destac\u00f3 \u201cestas son propuestas muy integrales, donde est\u00e1n contemplados los ni\u00f1os, los adolescentes, la gente mayor, la verdad que la idea es esa, que se pueda trabajar en conjunto\u201d.<\/p>\n\n\n\n<p>\u201cFelicito a los trabajadores de cultura y de todas las \u00e1reas que van a trabajar mucho durante estos fines de semana, porque uno encuentra mucha pasi\u00f3n y compromiso en cada uno de ellos, y es en pos de estar al servicio de los vecinos\u201d dijo orgulloso Mat\u00edas Dematei. &nbsp;&nbsp;<\/p>\n\n\n\n<p>Por su parte, Jimena Rivas coordinadora del Museo de Arte, cont\u00f3 \u201ccomo parte de las propuestas de la agenda de verano este s\u00e1bado 15 damos inicio al ciclo \u201cVerano en las Plazas\u201d mismo que est\u00e1 pensando desde las diferentes \u00e1reas de la Municipalidad de Mercedes, trabajado en conjunto con las sociedades de fomento y las diferentes instituciones que se encuentran en el barrio\u201d y agreg\u00f3 \u201cde esta manera se fomenta el trabajo a trav\u00e9s de una cantina en beneficio del barrio y un lugar de encuentro para toda la familia\u201d.<\/p>\n\n\n\n<p>Asimismo, se\u00f1al\u00f3 \u201cen cada una de estas fechas habr\u00e1 espacio destinado para las infancias, donde el inicio estar\u00e1 a cargo de una intervenci\u00f3n art\u00edstica para las infancias, shows musicales y el tradicional concurso de baile\u201d y apunt\u00f3 \u201cma\u00f1ana ser\u00e1 la apertura en la Plaza San Jos\u00e9 (calle 29 y 50) a partir de las 21:00 horas y el domingo ser\u00e1 en la plaza del barrio Blandengues (calle 16 y 103) en el mismo horario. El fin de semana siguiente continuamos en el barrio San Mart\u00edn, luego Santa Teresita y el \u00faltimo fin de semana en la Estaci\u00f3n Sarmiento, finalizando el certamen y el ciclo, en el Centro Cultural La Trocha\u201d.<\/p>\n\n\n\n<p>Info: Dir.Cultura<\/p>\n","protected":false},"excerpt":{"rendered":"<p>Este s\u00e1bado 15 comienza el reconocido ciclo \u201cVerano en las Plazas\u201d en el barrio San Jos\u00e9 (calle 29 y 50), &#8230; <a title=\"Este s\u00e1bado en San Jos\u00e9 inicia \u00abM\u00fasica en las Plazas\u00bb\" class=\"read-more\" href=\"https:\/\/www.hoymercedes.com.ar\/principal\/2022\/01\/15\/este-sabado-en-san-jose-inicia-musica-en-las-plazas\/\" aria-label=\"Leer m\u00e1s sobre Este s\u00e1bado en San Jos\u00e9 inicia \u00abM\u00fasica en las Plazas\u00bb\">Leer m\u00e1s<\/a><\/p>\n","protected":false},"author":1,"featured_media":142723,"comment_status":"closed","ping_status":"open","sticky":false,"template":"","format":"standard","meta":{"_monsterinsights_skip_tracking":false,"_monsterinsights_sitenote_active":false,"_monsterinsights_sitenote_note":"","_monsterinsights_sitenote_category":0,"jetpack_post_was_ever_published":false,"_jetpack_newsletter_access":"","_jetpack_dont_email_post_to_subs":false,"_jetpack_newsletter_tier_id":0,"_jetpack_memberships_contains_paywalled_content":false,"_jetpack_memberships_contains_paid_content":false,"footnotes":"","jetpack_publicize_message":"","jetpack_publicize_feature_enabled":true,"jetpack_social_post_already_shared":true,"jetpack_social_options":{"image_generator_settings":{"template":"highway","default_image_id":0,"font":"","enabled":false},"version":2},"_wpas_customize_per_network":false},"categories":[104],"tags":[10455],"class_list":["post-142722","post","type-post","status-publish","format-standard","has-post-thumbnail","hentry","category-cultura","tag-musica-en-las-plazas","generate-columns","tablet-grid-50","mobile-grid-100","grid-parent","grid-50"],"jetpack_publicize_connections":[],"jetpack_featured_media_url":"https:\/\/www.hoymercedes.com.ar\/principal\/wp-content\/uploads\/2022\/01\/271773683_4738350959592025_1343387808625451197_n.jpg","wps_subtitle":"Actividades de verano","jetpack_sharing_enabled":true,"_links":{"self":[{"href":"https:\/\/www.hoymercedes.com.ar\/principal\/wp-json\/wp\/v2\/posts\/142722","targetHints":{"allow":["GET"]}}],"collection":[{"href":"https:\/\/www.hoymercedes.com.ar\/principal\/wp-json\/wp\/v2\/posts"}],"about":[{"href":"https:\/\/www.hoymercedes.com.ar\/principal\/wp-json\/wp\/v2\/types\/post"}],"author":[{"embeddable":true,"href":"https:\/\/www.hoymercedes.com.ar\/principal\/wp-json\/wp\/v2\/users\/1"}],"replies":[{"embeddable":true,"href":"https:\/\/www.hoymercedes.com.ar\/principal\/wp-json\/wp\/v2\/comments?post=142722"}],"version-history":[{"count":0,"href":"https:\/\/www.hoymercedes.com.ar\/principal\/wp-json\/wp\/v2\/posts\/142722\/revisions"}],"wp:featuredmedia":[{"embeddable":true,"href":"https:\/\/www.hoymercedes.com.ar\/principal\/wp-json\/wp\/v2\/media\/142723"}],"wp:attachment":[{"href":"https:\/\/www.hoymercedes.com.ar\/principal\/wp-json\/wp\/v2\/media?parent=142722"}],"wp:term":[{"taxonomy":"category","embeddable":true,"href":"https:\/\/www.hoymercedes.com.ar\/principal\/wp-json\/wp\/v2\/categories?post=142722"},{"taxonomy":"post_tag","embeddable":true,"href":"https:\/\/www.hoymercedes.com.ar\/principal\/wp-json\/wp\/v2\/tags?post=142722"}],"curies":[{"name":"wp","href":"https:\/\/api.w.org\/{rel}","templated":true}]}}