{"id":142777,"date":"2022-01-17T13:07:00","date_gmt":"2022-01-17T16:07:00","guid":{"rendered":"https:\/\/www.hoymercedes.com.ar\/principal\/?p=142777"},"modified":"2022-01-17T16:37:21","modified_gmt":"2022-01-17T19:37:21","slug":"eleccion-en-sttm-con-la-naranja-prohibida-la-eleccion-fue-una-mentira","status":"publish","type":"post","link":"https:\/\/www.hoymercedes.com.ar\/principal\/2022\/01\/17\/eleccion-en-sttm-con-la-naranja-prohibida-la-eleccion-fue-una-mentira\/","title":{"rendered":"Elecci\u00f3n en STMM: \u201cCon la Naranja prohibida la elecci\u00f3n fue una mentira\u201d"},"content":{"rendered":"\n<p><em><strong>En un extenso comunicado difundido luego de la elecci\u00f3n del Sindicato de Trabajadores Municipales, la Agrupaci\u00f3n Naranja, referenciada en Dami\u00e1n Arcenegui y Norma Ag\u00fcero se refiri\u00f3 a las elecciones en su gremio.\u00a0<\/strong><\/em><\/p>\n\n\n\n<div class=\"wp-block-image\"><figure class=\"aligncenter size-full\"><img loading=\"lazy\" decoding=\"async\" width=\"800\" height=\"534\" data-attachment-id=\"142778\" data-permalink=\"https:\/\/www.hoymercedes.com.ar\/principal\/2022\/01\/17\/eleccion-en-sttm-con-la-naranja-prohibida-la-eleccion-fue-una-mentira\/whatsapp-image-2022-01-17-at-13-57-01\/#main\" data-orig-file=\"https:\/\/www.hoymercedes.com.ar\/principal\/wp-content\/uploads\/2022\/01\/WhatsApp-Image-2022-01-17-at-13.57.01.jpeg\" data-orig-size=\"800,534\" data-comments-opened=\"0\" data-image-meta=\"{&quot;aperture&quot;:&quot;0&quot;,&quot;credit&quot;:&quot;&quot;,&quot;camera&quot;:&quot;&quot;,&quot;caption&quot;:&quot;&quot;,&quot;created_timestamp&quot;:&quot;1642431372&quot;,&quot;copyright&quot;:&quot;&quot;,&quot;focal_length&quot;:&quot;0&quot;,&quot;iso&quot;:&quot;0&quot;,&quot;shutter_speed&quot;:&quot;0&quot;,&quot;title&quot;:&quot;&quot;,&quot;orientation&quot;:&quot;1&quot;}\" data-image-title=\"WhatsApp Image 2022-01-17 at 13.57.01\" data-image-description=\"\" data-image-caption=\"\" data-large-file=\"https:\/\/www.hoymercedes.com.ar\/principal\/wp-content\/uploads\/2022\/01\/WhatsApp-Image-2022-01-17-at-13.57.01.jpeg\" src=\"https:\/\/www.hoymercedes.com.ar\/principal\/wp-content\/uploads\/2022\/01\/WhatsApp-Image-2022-01-17-at-13.57.01.jpeg\" alt=\"\" class=\"wp-image-142778\" srcset=\"https:\/\/www.hoymercedes.com.ar\/principal\/wp-content\/uploads\/2022\/01\/WhatsApp-Image-2022-01-17-at-13.57.01.jpeg 800w, https:\/\/www.hoymercedes.com.ar\/principal\/wp-content\/uploads\/2022\/01\/WhatsApp-Image-2022-01-17-at-13.57.01-630x421.jpeg 630w, https:\/\/www.hoymercedes.com.ar\/principal\/wp-content\/uploads\/2022\/01\/WhatsApp-Image-2022-01-17-at-13.57.01-150x100.jpeg 150w\" sizes=\"auto, (max-width: 800px) 100vw, 800px\" \/><\/figure><\/div>\n\n\n\n<p>\u201cCon la Naranja prohibida, la elecci\u00f3n en el Sindicato de Trabajadores Municipales fue una gran mentira\u201d, dijeron los integrantes del nucleamiento que luego de haberse presentado ante la Junta Electoral para pedir la documentaci\u00f3n correspondiente a la formal inscripci\u00f3n de lista, impugn\u00f3 ante el Ministerio de Trabajo de Naci\u00f3n, el acto fue realizado el viernes 14,&nbsp;&nbsp;<\/p>\n\n\n\n<p>Dami\u00e1n Arcenegui y Norma Ag\u00fcero reiteraron que \u201cla Junta Electoral constituida el 16 de diciembre, con funcionamiento establecido en la convocatoria formal de noviembre, jam\u00e1s pod\u00eda cumplir con el art\u00edculo 74) de exhibir y entregar copia del Padr\u00f3n general y el padr\u00f3n particular de afiliados por sector. Pues este establece cinco (5) d\u00edas de antemano, como m\u00ednimo y esta autoridad m\u00e1xima de la elecci\u00f3n, s\u00f3lo iba a funcionar tres (3) d\u00edas, de acuerdo a la convocatoria. No hay dudas que la intenci\u00f3n fue hacer trampa contra las y los trabajadores municipales desde el inicio.&nbsp;<\/p>\n\n\n\n<p>El tiempo de funcionamiento de la Junta Electoral fue fijado para, apenas, seis horas de funcionamiento, lapso en el cual jam\u00e1s pod\u00eda realizar toda la tarea de su competencia que el mismo Estatuto establece.&nbsp;<\/p>\n\n\n\n<p>Y la rectificaci\u00f3n que intent\u00f3 hacer la Delegaci\u00f3n Normalizadora, el mismo d\u00eda del vergonzoso cierre de plazo, no se encuadra dentro de la excusa \u201cFe de erratas\u201d, sino de \u201cFalta grave\u201d toda vez que \u00e9sta se alza contra las posibilidades de presentaci\u00f3n de los afiliados que quieren hacer una lista y participar de un proceso de democracia sindical.&nbsp;&nbsp;<\/p>\n\n\n\n<p>Aqu\u00ed no se cumpli\u00f3 con el principio de \u201ccomunicar adecuadamente\u201d, una decisi\u00f3n (que en este caso y por sustituir, esa Intervenci\u00f3n a un Secretariado, deber\u00eda haber obrado de acuerdo al inciso f) del art\u00edculo 32), y no lo hizo. Y eso que era para que la Junta Electoral funcionara \u00a1cuatro horas m\u00e1s (repartidas en dos d\u00edas)!&nbsp;<\/p>\n\n\n\n<p><strong>Dura calificaci\u00f3n<\/strong>&nbsp;<\/p>\n\n\n\n<p>M\u00e1s grave fue que ante los representantes de la Agrupaci\u00f3n Naranja que fuimos en tiempo y forma, a retirar documentaci\u00f3n espec\u00edfica relacionada con la oficializaci\u00f3n de nuestra Lista Naranja, inclusive habiendo llegado antes que ingresaran sus propios integrantes, nos encontramos con que la Junta Electoral no cumpli\u00f3 con el punto 1) del art\u00edculo 71), toda vez que debi\u00f3 haber entregado la documentaci\u00f3n oficial requerida para la presentaci\u00f3n de la Lista, debi\u00f3 exhibir y entregar un Reglamento Electoral espec\u00edfico sobre lo que no puede especificar un Estatuto,, como deber\u00eda corresponder ante cada elecci\u00f3n y se neg\u00f3 a recibir por escrito, la petici\u00f3n expuesta, condicionando adem\u00e1s a que lo recibir\u00eda si se quitaban ciertos p\u00e1rrafos.&nbsp;<\/p>\n\n\n\n<p>La Naranja no entr\u00f3 en los comentarios realizados por integrantes que luego fueron parte de la lista oficialista, que estaban presentes en el lugar. Y s\u00f3lo nos abocamos a dialogar con el presidente de la Junta Electoral, tal como corresponde.&nbsp;<\/p>\n\n\n\n<p>Pero mucho m\u00e1s grave fue cuando la Junta Electoral nos sorprende con la novedad de que hab\u00eda que ingresar a la red Internet y obtener formularios y planillas por medio de un sitio virtual, que no existe para ese fin.&nbsp;<\/p>\n\n\n\n<p>Este procedimiento nunca antes llevado a cabo en la historia de las elecciones de nuestro gremio, si fuese verdadero, representa un cambio sustancial del proceso electoral que la Junta Electoral debi\u00f3 haber comunicado, en virtud del esp\u00edritu general del art\u00edculo 71) y nunca emiti\u00f3 un comunicado al respecto, para el cual ten\u00eda, una vez puesta en funciones, todas sus facultades.&nbsp;<\/p>\n\n\n\n<p>Y encima demostr\u00f3 no entender, puesto que confundi\u00f3 el Estatuto y la Ley 23.551 con Reglamento Electora, Planilla de Avales, Aceptaci\u00f3n de Candidaturas y Cargos a Cubrir, con lo cual demostr\u00f3 incumplimiento espec\u00edfico ante el inciso a) en el punto 3) del art\u00edculo 71, que especifica textualmente: \u201centender en las cuestiones que se susciten con motivo de la confecci\u00f3n del padr\u00f3n electoral y en todas las que se relacionen con el proceso electoral\u201d.&nbsp;<\/p>\n\n\n\n<p>Como la Naranja demuestra, la elecci\u00f3n en s\u00ed y el proceso electoral general en el Sindicato de Trabajadores Municipales de Mercedes, est\u00e1 literalmente \u201cViciado de Nulidad\u201d, figura jur\u00eddica suficiente para que la autoridad competente declare que existen las pruebas suficientes de un fraude y dicte como sentencia que debe realizarse de nuevo.&nbsp;<\/p>\n\n\n\n<p>\u201cSin control correspondiente, con algunos compa\u00f1eros intimidados bajo una feroz presi\u00f3n, sin emisi\u00f3n de dictamen ante las objeciones, quejas e impugnaciones formales como las presentadas por nuestra Agrupaci\u00f3n Naranja y sin la participaci\u00f3n de la base municipal, se realiz\u00f3 una verdadera parodia de lo que deber\u00eda haber sido una elecci\u00f3n libre entre listas de compa\u00f1eras y compa\u00f1eras con distintos enfoques sobre nuestra vida sindical.&nbsp;&nbsp;<\/p>\n\n\n\n<p>Y la verdadera abstenci\u00f3n del Ministerio de Trabajo, reafirm\u00f3 las sospechas de complicidad para que se pueda llevar a cabo este mismo fraude que ha sido el \u00fanico modo de imponer a todos los municipales, una conducci\u00f3n ampliamente rechazada en cada lugar de trabajo, deslegitimada por su descarado accionar y sin futuro, m\u00e1s que servir a intereses ajenos a las y los trabajadores.&nbsp;&nbsp;&nbsp;<\/p>\n\n\n\n<p>M\u00e1s all\u00e1 de lo que decidamos hacer para continuar desenmascarando esta verdadera farsa contra los afiliados y afiliadas, y dado que el accionar de estas conducciones sindicales afectan a los m\u00e1s de 1100 compa\u00f1eros y compa\u00f1eras de todos los sectores del Municipio, desde nuestra Agrupaci\u00f3n decimos:\u00a0Sum\u00e9monos a la Naranja para seguir peleando por recuperar y mejorar nuestro sueldo en la pr\u00f3xima Paritaria. Que la base de nuestro sueldo no sea la Indigencia.\u00a0Por la Canasta B\u00e1sica de 75 mil pesos sin las horas extras.\u00a0 Ning\u00fan municipal por debajo de la l\u00ednea pobreza.\u00a0Agrupaci\u00f3n Naranja de Trabajadoras y Trabajadores Municipales\u201d.\u00a0<\/p>\n\n\n\n<p>Colaboraci\u00f3n: Mariano Oyraz\u00fa<\/p>\n\n\n\n<p><\/p>\n","protected":false},"excerpt":{"rendered":"<p>En un extenso comunicado difundido luego de la elecci\u00f3n del Sindicato de Trabajadores Municipales, la Agrupaci\u00f3n Naranja, referenciada en Dami\u00e1n &#8230; <a title=\"Elecci\u00f3n en STMM: \u201cCon la Naranja prohibida la elecci\u00f3n fue una mentira\u201d\" class=\"read-more\" href=\"https:\/\/www.hoymercedes.com.ar\/principal\/2022\/01\/17\/eleccion-en-sttm-con-la-naranja-prohibida-la-eleccion-fue-una-mentira\/\" aria-label=\"Leer m\u00e1s sobre Elecci\u00f3n en STMM: \u201cCon la Naranja prohibida la elecci\u00f3n fue una mentira\u201d\">Leer m\u00e1s<\/a><\/p>\n","protected":false},"author":1,"featured_media":142778,"comment_status":"closed","ping_status":"open","sticky":false,"template":"","format":"standard","meta":{"_monsterinsights_skip_tracking":false,"_monsterinsights_sitenote_active":false,"_monsterinsights_sitenote_note":"","_monsterinsights_sitenote_category":0,"jetpack_post_was_ever_published":false,"_jetpack_newsletter_access":"","_jetpack_dont_email_post_to_subs":false,"_jetpack_newsletter_tier_id":0,"_jetpack_memberships_contains_paywalled_content":false,"_jetpack_memberships_contains_paid_content":false,"footnotes":"","jetpack_publicize_message":"","jetpack_publicize_feature_enabled":true,"jetpack_social_post_already_shared":true,"jetpack_social_options":{"image_generator_settings":{"template":"highway","default_image_id":0,"font":"","enabled":false},"version":2},"_wpas_customize_per_network":false},"categories":[10563],"tags":[244],"class_list":["post-142777","post","type-post","status-publish","format-standard","has-post-thumbnail","hentry","category-gremios-sindicatos","tag-municipio-2","generate-columns","tablet-grid-50","mobile-grid-100","grid-parent","grid-50"],"jetpack_publicize_connections":[],"jetpack_featured_media_url":"https:\/\/www.hoymercedes.com.ar\/principal\/wp-content\/uploads\/2022\/01\/WhatsApp-Image-2022-01-17-at-13.57.01.jpeg","wps_subtitle":"","jetpack_sharing_enabled":true,"_links":{"self":[{"href":"https:\/\/www.hoymercedes.com.ar\/principal\/wp-json\/wp\/v2\/posts\/142777","targetHints":{"allow":["GET"]}}],"collection":[{"href":"https:\/\/www.hoymercedes.com.ar\/principal\/wp-json\/wp\/v2\/posts"}],"about":[{"href":"https:\/\/www.hoymercedes.com.ar\/principal\/wp-json\/wp\/v2\/types\/post"}],"author":[{"embeddable":true,"href":"https:\/\/www.hoymercedes.com.ar\/principal\/wp-json\/wp\/v2\/users\/1"}],"replies":[{"embeddable":true,"href":"https:\/\/www.hoymercedes.com.ar\/principal\/wp-json\/wp\/v2\/comments?post=142777"}],"version-history":[{"count":0,"href":"https:\/\/www.hoymercedes.com.ar\/principal\/wp-json\/wp\/v2\/posts\/142777\/revisions"}],"wp:featuredmedia":[{"embeddable":true,"href":"https:\/\/www.hoymercedes.com.ar\/principal\/wp-json\/wp\/v2\/media\/142778"}],"wp:attachment":[{"href":"https:\/\/www.hoymercedes.com.ar\/principal\/wp-json\/wp\/v2\/media?parent=142777"}],"wp:term":[{"taxonomy":"category","embeddable":true,"href":"https:\/\/www.hoymercedes.com.ar\/principal\/wp-json\/wp\/v2\/categories?post=142777"},{"taxonomy":"post_tag","embeddable":true,"href":"https:\/\/www.hoymercedes.com.ar\/principal\/wp-json\/wp\/v2\/tags?post=142777"}],"curies":[{"name":"wp","href":"https:\/\/api.w.org\/{rel}","templated":true}]}}