{"id":142867,"date":"2022-01-21T09:55:36","date_gmt":"2022-01-21T12:55:36","guid":{"rendered":"https:\/\/www.hoymercedes.com.ar\/principal\/?p=142867"},"modified":"2022-01-21T09:55:43","modified_gmt":"2022-01-21T12:55:43","slug":"avanzan-las-obras-en-la-escuela-municipal-los-caranchos","status":"publish","type":"post","link":"https:\/\/www.hoymercedes.com.ar\/principal\/2022\/01\/21\/avanzan-las-obras-en-la-escuela-municipal-los-caranchos\/","title":{"rendered":"Avanzan las obras en la Escuela Municipal Los Caranchos"},"content":{"rendered":"\n<p>El intendente interino, Mat\u00edas Dematei, recorri\u00f3 el avance de obra de la escuela municipal \u201cLos Caranchos\u201d que les permitir\u00e1 a muchos ni\u00f1os acceder a una opci\u00f3n pedag\u00f3gica diferente en la ciudad. Recordemos que tanto, en este nuevo establecimiento, como as\u00ed tambi\u00e9n, en la escuela municipal \u201cEl Pampero\u201d y \u201cLas Carquejas\u201d se desarrolla la metodolog\u00eda Waldorf, un sistema educativo alternativo.      <\/p>\n\n\n\n<div class=\"wp-block-image\"><figure class=\"aligncenter size-full\"><img loading=\"lazy\" decoding=\"async\" width=\"800\" height=\"533\" data-attachment-id=\"142970\" data-permalink=\"https:\/\/www.hoymercedes.com.ar\/principal\/2022\/01\/21\/avanzan-las-obras-en-la-escuela-municipal-los-caranchos\/dsc07416\/#main\" data-orig-file=\"https:\/\/www.hoymercedes.com.ar\/principal\/wp-content\/uploads\/2022\/01\/DSC07416.jpg\" data-orig-size=\"800,533\" data-comments-opened=\"0\" data-image-meta=\"{&quot;aperture&quot;:&quot;0&quot;,&quot;credit&quot;:&quot;&quot;,&quot;camera&quot;:&quot;&quot;,&quot;caption&quot;:&quot;&quot;,&quot;created_timestamp&quot;:&quot;1642679534&quot;,&quot;copyright&quot;:&quot;&quot;,&quot;focal_length&quot;:&quot;0&quot;,&quot;iso&quot;:&quot;0&quot;,&quot;shutter_speed&quot;:&quot;0&quot;,&quot;title&quot;:&quot;&quot;,&quot;orientation&quot;:&quot;1&quot;}\" data-image-title=\"DSC07416\" data-image-description=\"\" data-image-caption=\"\" data-large-file=\"https:\/\/www.hoymercedes.com.ar\/principal\/wp-content\/uploads\/2022\/01\/DSC07416.jpg\" src=\"https:\/\/www.hoymercedes.com.ar\/principal\/wp-content\/uploads\/2022\/01\/DSC07416.jpg\" alt=\"\" class=\"wp-image-142970\" srcset=\"https:\/\/www.hoymercedes.com.ar\/principal\/wp-content\/uploads\/2022\/01\/DSC07416.jpg 800w, https:\/\/www.hoymercedes.com.ar\/principal\/wp-content\/uploads\/2022\/01\/DSC07416-630x420.jpg 630w, https:\/\/www.hoymercedes.com.ar\/principal\/wp-content\/uploads\/2022\/01\/DSC07416-150x100.jpg 150w, https:\/\/www.hoymercedes.com.ar\/principal\/wp-content\/uploads\/2022\/01\/DSC07416-700x465.jpg 700w\" sizes=\"auto, (max-width: 800px) 100vw, 800px\" \/><\/figure><\/div>\n\n\n\n<p>\u201cEstamos recorriendo la escuela municipal \u201cLos Caranchos\u201d, este SUM de m\u00e1s de 200 metros cubiertos, que significar\u00e1 la ampliaci\u00f3n de su matr\u00edcula, lo que nos pone muy felices\u201d manifest\u00f3 Mat\u00edas Dematei. Adem\u00e1s, afirm\u00f3 \u201cesto tiene que ver con la pol\u00edtica de educaci\u00f3n que lleva adelante el intendente Ustarroz donde se viene invirtiendo y apoyando a todo lo que tiene que ver con la ni\u00f1ez, contenci\u00f3n y ense\u00f1anza en la ciudad\u201d.  <\/p>\n\n\n\n<p>Asimismo, Mat\u00edas Dematei se\u00f1al\u00f3 \u201cestamos muy contentos por como se viene trabajando, la labor que lleva adelante la Secretar\u00eda de Obras P\u00fablicas, misma que es muy importante y con tantas obras, las cuales viene cumpliendo todo en tiempo y forma\u201d y a\u00f1adi\u00f3 \u201cnos pone muy contentos poder seguir trabajando articuladamente con las distintas \u00e1reas del municipio en algo tan importante como es la educaci\u00f3n de nuestros chicos\u201d.  <\/p>\n\n\n\n<p>Por Prensa Municipal<\/p>\n\n\n\n<div class=\"wp-block-image\"><figure class=\"aligncenter size-full\"><img loading=\"lazy\" decoding=\"async\" width=\"800\" height=\"533\" data-attachment-id=\"142969\" data-permalink=\"https:\/\/www.hoymercedes.com.ar\/principal\/2022\/01\/21\/avanzan-las-obras-en-la-escuela-municipal-los-caranchos\/dsc07389\/#main\" data-orig-file=\"https:\/\/www.hoymercedes.com.ar\/principal\/wp-content\/uploads\/2022\/01\/DSC07389.jpg\" data-orig-size=\"800,533\" data-comments-opened=\"0\" data-image-meta=\"{&quot;aperture&quot;:&quot;0&quot;,&quot;credit&quot;:&quot;&quot;,&quot;camera&quot;:&quot;&quot;,&quot;caption&quot;:&quot;&quot;,&quot;created_timestamp&quot;:&quot;1642678416&quot;,&quot;copyright&quot;:&quot;&quot;,&quot;focal_length&quot;:&quot;0&quot;,&quot;iso&quot;:&quot;0&quot;,&quot;shutter_speed&quot;:&quot;0&quot;,&quot;title&quot;:&quot;&quot;,&quot;orientation&quot;:&quot;1&quot;}\" data-image-title=\"DSC07389\" data-image-description=\"\" data-image-caption=\"\" data-large-file=\"https:\/\/www.hoymercedes.com.ar\/principal\/wp-content\/uploads\/2022\/01\/DSC07389.jpg\" src=\"https:\/\/www.hoymercedes.com.ar\/principal\/wp-content\/uploads\/2022\/01\/DSC07389.jpg\" alt=\"\" class=\"wp-image-142969\" srcset=\"https:\/\/www.hoymercedes.com.ar\/principal\/wp-content\/uploads\/2022\/01\/DSC07389.jpg 800w, https:\/\/www.hoymercedes.com.ar\/principal\/wp-content\/uploads\/2022\/01\/DSC07389-630x420.jpg 630w, https:\/\/www.hoymercedes.com.ar\/principal\/wp-content\/uploads\/2022\/01\/DSC07389-150x100.jpg 150w, https:\/\/www.hoymercedes.com.ar\/principal\/wp-content\/uploads\/2022\/01\/DSC07389-700x465.jpg 700w\" sizes=\"auto, (max-width: 800px) 100vw, 800px\" \/><\/figure><\/div>\n","protected":false},"excerpt":{"rendered":"<p>El intendente interino, Mat\u00edas Dematei, recorri\u00f3 el avance de obra de la escuela municipal \u201cLos Caranchos\u201d que les permitir\u00e1 a &#8230; <a title=\"Avanzan las obras en la Escuela Municipal Los Caranchos\" class=\"read-more\" href=\"https:\/\/www.hoymercedes.com.ar\/principal\/2022\/01\/21\/avanzan-las-obras-en-la-escuela-municipal-los-caranchos\/\" aria-label=\"Leer m\u00e1s sobre Avanzan las obras en la Escuela Municipal Los Caranchos\">Leer m\u00e1s<\/a><\/p>\n","protected":false},"author":1,"featured_media":142969,"comment_status":"closed","ping_status":"open","sticky":false,"template":"","format":"standard","meta":{"_monsterinsights_skip_tracking":false,"_monsterinsights_sitenote_active":false,"_monsterinsights_sitenote_note":"","_monsterinsights_sitenote_category":0,"jetpack_post_was_ever_published":false,"_jetpack_newsletter_access":"","_jetpack_dont_email_post_to_subs":false,"_jetpack_newsletter_tier_id":0,"_jetpack_memberships_contains_paywalled_content":false,"_jetpack_memberships_contains_paid_content":false,"footnotes":"","jetpack_publicize_message":"","jetpack_publicize_feature_enabled":true,"jetpack_social_post_already_shared":true,"jetpack_social_options":{"image_generator_settings":{"template":"highway","default_image_id":0,"font":"","enabled":false},"version":2},"_wpas_customize_per_network":false},"categories":[30],"tags":[244],"class_list":["post-142867","post","type-post","status-publish","format-standard","has-post-thumbnail","hentry","category-municipio","tag-municipio-2","generate-columns","tablet-grid-50","mobile-grid-100","grid-parent","grid-50"],"jetpack_publicize_connections":[],"jetpack_featured_media_url":"https:\/\/www.hoymercedes.com.ar\/principal\/wp-content\/uploads\/2022\/01\/DSC07389.jpg","wps_subtitle":"","jetpack_sharing_enabled":true,"_links":{"self":[{"href":"https:\/\/www.hoymercedes.com.ar\/principal\/wp-json\/wp\/v2\/posts\/142867","targetHints":{"allow":["GET"]}}],"collection":[{"href":"https:\/\/www.hoymercedes.com.ar\/principal\/wp-json\/wp\/v2\/posts"}],"about":[{"href":"https:\/\/www.hoymercedes.com.ar\/principal\/wp-json\/wp\/v2\/types\/post"}],"author":[{"embeddable":true,"href":"https:\/\/www.hoymercedes.com.ar\/principal\/wp-json\/wp\/v2\/users\/1"}],"replies":[{"embeddable":true,"href":"https:\/\/www.hoymercedes.com.ar\/principal\/wp-json\/wp\/v2\/comments?post=142867"}],"version-history":[{"count":0,"href":"https:\/\/www.hoymercedes.com.ar\/principal\/wp-json\/wp\/v2\/posts\/142867\/revisions"}],"wp:featuredmedia":[{"embeddable":true,"href":"https:\/\/www.hoymercedes.com.ar\/principal\/wp-json\/wp\/v2\/media\/142969"}],"wp:attachment":[{"href":"https:\/\/www.hoymercedes.com.ar\/principal\/wp-json\/wp\/v2\/media?parent=142867"}],"wp:term":[{"taxonomy":"category","embeddable":true,"href":"https:\/\/www.hoymercedes.com.ar\/principal\/wp-json\/wp\/v2\/categories?post=142867"},{"taxonomy":"post_tag","embeddable":true,"href":"https:\/\/www.hoymercedes.com.ar\/principal\/wp-json\/wp\/v2\/tags?post=142867"}],"curies":[{"name":"wp","href":"https:\/\/api.w.org\/{rel}","templated":true}]}}