{"id":142880,"date":"2022-01-19T23:57:00","date_gmt":"2022-01-20T02:57:00","guid":{"rendered":"https:\/\/www.hoymercedes.com.ar\/principal\/?p=142880"},"modified":"2022-01-19T22:00:47","modified_gmt":"2022-01-20T01:00:47","slug":"roban-a-una-vecino-con-el-cuento-del-tio","status":"publish","type":"post","link":"https:\/\/www.hoymercedes.com.ar\/principal\/2022\/01\/19\/roban-a-una-vecino-con-el-cuento-del-tio\/","title":{"rendered":"Roban a una vecino con el cuento del t\u00edo"},"content":{"rendered":"\n<p>En la ma\u00f1ana de este mi\u00e9rcoles se conoci\u00f3 que una vecina de Mercedes fue enga\u00f1ada y estafada a trav\u00e9s del \u00abcuento del t\u00edo\u00bb. Trascendi\u00f3 que la mujer recibi\u00f3 una llamada telef\u00f3nica de un presunto familiar diciendo que enviar\u00eda a alguien a buscar dinero. As\u00ed fue como luego le robaron d\u00f3lares. <\/p>\n\n\n\n<p>A media ma\u00f1ana, un importante despliegue de m\u00f3viles y efectivos policiales se hicieron presentes en la cuadra de avenida 29, entre 46 y 48, luego que la v\u00edctima se diera cuenta que hab\u00eda sido objeto de un enga\u00f1o. La v\u00edctima habr\u00eda recibido el llamado de una persona que manifestaba ser un familiar, indic\u00e1ndole que ir\u00eda alguien a buscar el dinero. <\/p>\n\n\n\n<p>Los pesquisas llevaron adelante una serie de diligencias, entre ellas recabar informaci\u00f3n de ocasionales testigos y la presencia de c\u00e1maras de seguridad en viviendas y comercios del barrio.<\/p>\n\n\n\n<p>Fuente: Semanario Protagonistas<\/p>\n","protected":false},"excerpt":{"rendered":"<p>En la ma\u00f1ana de este mi\u00e9rcoles se conoci\u00f3 que una vecina de Mercedes fue enga\u00f1ada y estafada a trav\u00e9s del &#8230; <a title=\"Roban a una vecino con el cuento del t\u00edo\" class=\"read-more\" href=\"https:\/\/www.hoymercedes.com.ar\/principal\/2022\/01\/19\/roban-a-una-vecino-con-el-cuento-del-tio\/\" aria-label=\"Leer m\u00e1s sobre Roban a una vecino con el cuento del t\u00edo\">Leer m\u00e1s<\/a><\/p>\n","protected":false},"author":1,"featured_media":125642,"comment_status":"closed","ping_status":"open","sticky":false,"template":"","format":"standard","meta":{"_monsterinsights_skip_tracking":false,"_monsterinsights_sitenote_active":false,"_monsterinsights_sitenote_note":"","_monsterinsights_sitenote_category":0,"jetpack_post_was_ever_published":false,"_jetpack_newsletter_access":"","_jetpack_dont_email_post_to_subs":false,"_jetpack_newsletter_tier_id":0,"_jetpack_memberships_contains_paywalled_content":false,"_jetpack_memberships_contains_paid_content":false,"footnotes":"","jetpack_publicize_message":"","jetpack_publicize_feature_enabled":true,"jetpack_social_post_already_shared":true,"jetpack_social_options":{"image_generator_settings":{"template":"highway","default_image_id":0,"font":"","enabled":false},"version":2},"_wpas_customize_per_network":false},"categories":[85],"tags":[],"class_list":["post-142880","post","type-post","status-publish","format-standard","has-post-thumbnail","hentry","category-policial","generate-columns","tablet-grid-50","mobile-grid-100","grid-parent","grid-50"],"jetpack_publicize_connections":[],"jetpack_featured_media_url":"https:\/\/www.hoymercedes.com.ar\/principal\/wp-content\/uploads\/2021\/03\/02-movil-policia.jpg","wps_subtitle":"","jetpack_sharing_enabled":true,"_links":{"self":[{"href":"https:\/\/www.hoymercedes.com.ar\/principal\/wp-json\/wp\/v2\/posts\/142880","targetHints":{"allow":["GET"]}}],"collection":[{"href":"https:\/\/www.hoymercedes.com.ar\/principal\/wp-json\/wp\/v2\/posts"}],"about":[{"href":"https:\/\/www.hoymercedes.com.ar\/principal\/wp-json\/wp\/v2\/types\/post"}],"author":[{"embeddable":true,"href":"https:\/\/www.hoymercedes.com.ar\/principal\/wp-json\/wp\/v2\/users\/1"}],"replies":[{"embeddable":true,"href":"https:\/\/www.hoymercedes.com.ar\/principal\/wp-json\/wp\/v2\/comments?post=142880"}],"version-history":[{"count":0,"href":"https:\/\/www.hoymercedes.com.ar\/principal\/wp-json\/wp\/v2\/posts\/142880\/revisions"}],"wp:featuredmedia":[{"embeddable":true,"href":"https:\/\/www.hoymercedes.com.ar\/principal\/wp-json\/wp\/v2\/media\/125642"}],"wp:attachment":[{"href":"https:\/\/www.hoymercedes.com.ar\/principal\/wp-json\/wp\/v2\/media?parent=142880"}],"wp:term":[{"taxonomy":"category","embeddable":true,"href":"https:\/\/www.hoymercedes.com.ar\/principal\/wp-json\/wp\/v2\/categories?post=142880"},{"taxonomy":"post_tag","embeddable":true,"href":"https:\/\/www.hoymercedes.com.ar\/principal\/wp-json\/wp\/v2\/tags?post=142880"}],"curies":[{"name":"wp","href":"https:\/\/api.w.org\/{rel}","templated":true}]}}