{"id":142926,"date":"2022-01-20T15:11:04","date_gmt":"2022-01-20T18:11:04","guid":{"rendered":"https:\/\/www.hoymercedes.com.ar\/principal\/?p=142926"},"modified":"2022-01-20T15:11:09","modified_gmt":"2022-01-20T18:11:09","slug":"avanza-la-obra-del-octavo-espacio-de-primera-infancia","status":"publish","type":"post","link":"https:\/\/www.hoymercedes.com.ar\/principal\/2022\/01\/20\/avanza-la-obra-del-octavo-espacio-de-primera-infancia\/","title":{"rendered":"Avanza la obra del octavo Espacio de Primera Infancia"},"content":{"rendered":"\n<p>En el barrio Eva Duarte se est\u00e1 construyendo el octavo Espacio Primera Infancia del Municipio de Mercedes. Por estos d\u00edas, las autoridades municipales recorrieron las obras que se realizan de manera conjunta entre el Municipio y la Provincia, de manos de los empleados de la Secretar\u00eda de Obras P\u00fablicas. <\/p>\n\n\n\n<div class=\"wp-block-image\"><figure class=\"aligncenter size-full\"><img loading=\"lazy\" decoding=\"async\" width=\"800\" height=\"533\" data-attachment-id=\"142927\" data-permalink=\"https:\/\/www.hoymercedes.com.ar\/principal\/2022\/01\/20\/avanza-la-obra-del-octavo-espacio-de-primera-infancia\/dsc07322\/#main\" data-orig-file=\"https:\/\/www.hoymercedes.com.ar\/principal\/wp-content\/uploads\/2022\/01\/DSC07322.jpg\" data-orig-size=\"800,533\" data-comments-opened=\"0\" data-image-meta=\"{&quot;aperture&quot;:&quot;0&quot;,&quot;credit&quot;:&quot;&quot;,&quot;camera&quot;:&quot;&quot;,&quot;caption&quot;:&quot;&quot;,&quot;created_timestamp&quot;:&quot;1642591093&quot;,&quot;copyright&quot;:&quot;&quot;,&quot;focal_length&quot;:&quot;0&quot;,&quot;iso&quot;:&quot;0&quot;,&quot;shutter_speed&quot;:&quot;0&quot;,&quot;title&quot;:&quot;&quot;,&quot;orientation&quot;:&quot;1&quot;}\" data-image-title=\"DSC07322\" data-image-description=\"\" data-image-caption=\"\" data-large-file=\"https:\/\/www.hoymercedes.com.ar\/principal\/wp-content\/uploads\/2022\/01\/DSC07322.jpg\" src=\"https:\/\/www.hoymercedes.com.ar\/principal\/wp-content\/uploads\/2022\/01\/DSC07322.jpg\" alt=\"\" class=\"wp-image-142927\" srcset=\"https:\/\/www.hoymercedes.com.ar\/principal\/wp-content\/uploads\/2022\/01\/DSC07322.jpg 800w, https:\/\/www.hoymercedes.com.ar\/principal\/wp-content\/uploads\/2022\/01\/DSC07322-630x420.jpg 630w, https:\/\/www.hoymercedes.com.ar\/principal\/wp-content\/uploads\/2022\/01\/DSC07322-150x100.jpg 150w, https:\/\/www.hoymercedes.com.ar\/principal\/wp-content\/uploads\/2022\/01\/DSC07322-700x465.jpg 700w\" sizes=\"auto, (max-width: 800px) 100vw, 800px\" \/><\/figure><\/div>\n\n\n\n<p>\u201cEste edificio lo hab\u00edan comenzado los vecinos del barrio, cuyas dimensiones le fueron demasiado grandes para poder continuarla, por lo que tras un trabajo en conjunto con el Municipio de Mercedes y el apoyo del Gobierno Provincial se pudo retomar la construcci\u00f3n del mismo. Son m\u00e1s de 200 metros cubiertos, que contar\u00e1, adem\u00e1s, con un patio al aire libre\u201d, explic\u00f3 el Intendente Interino Mat\u00edas Dematei. <\/p>\n\n\n\n<p>Asimismo, las autoridades municipales comentaron que la construcci\u00f3n lleva un avance del 60% realizado. \u201cEn este momento se est\u00e1 en la etapa de la obra gruesa, todo lo que es revoque y la parte exterior \u2013recuadro de ventanas- e instalaciones, para luego comenzar con las terminaciones\u201d agreg\u00f3 Mat\u00edas Dematei en el marco de la recorrida por la obra de acuerdo a lo transmitido por el Municipio. \u00a0<\/p>\n\n\n\n<div class=\"wp-block-image\"><figure class=\"aligncenter size-full\"><img loading=\"lazy\" decoding=\"async\" width=\"800\" height=\"533\" data-attachment-id=\"142928\" data-permalink=\"https:\/\/www.hoymercedes.com.ar\/principal\/2022\/01\/20\/avanza-la-obra-del-octavo-espacio-de-primera-infancia\/dsc07279\/#main\" data-orig-file=\"https:\/\/www.hoymercedes.com.ar\/principal\/wp-content\/uploads\/2022\/01\/DSC07279.jpg\" data-orig-size=\"800,533\" data-comments-opened=\"0\" data-image-meta=\"{&quot;aperture&quot;:&quot;0&quot;,&quot;credit&quot;:&quot;&quot;,&quot;camera&quot;:&quot;&quot;,&quot;caption&quot;:&quot;&quot;,&quot;created_timestamp&quot;:&quot;1642590521&quot;,&quot;copyright&quot;:&quot;&quot;,&quot;focal_length&quot;:&quot;0&quot;,&quot;iso&quot;:&quot;0&quot;,&quot;shutter_speed&quot;:&quot;0&quot;,&quot;title&quot;:&quot;&quot;,&quot;orientation&quot;:&quot;1&quot;}\" data-image-title=\"DSC07279\" data-image-description=\"\" data-image-caption=\"\" data-large-file=\"https:\/\/www.hoymercedes.com.ar\/principal\/wp-content\/uploads\/2022\/01\/DSC07279.jpg\" src=\"https:\/\/www.hoymercedes.com.ar\/principal\/wp-content\/uploads\/2022\/01\/DSC07279.jpg\" alt=\"\" class=\"wp-image-142928\" srcset=\"https:\/\/www.hoymercedes.com.ar\/principal\/wp-content\/uploads\/2022\/01\/DSC07279.jpg 800w, https:\/\/www.hoymercedes.com.ar\/principal\/wp-content\/uploads\/2022\/01\/DSC07279-630x420.jpg 630w, https:\/\/www.hoymercedes.com.ar\/principal\/wp-content\/uploads\/2022\/01\/DSC07279-150x100.jpg 150w, https:\/\/www.hoymercedes.com.ar\/principal\/wp-content\/uploads\/2022\/01\/DSC07279-700x465.jpg 700w\" sizes=\"auto, (max-width: 800px) 100vw, 800px\" \/><\/figure><\/div>\n","protected":false},"excerpt":{"rendered":"<p>En el barrio Eva Duarte se est\u00e1 construyendo el octavo Espacio Primera Infancia del Municipio de Mercedes. Por estos d\u00edas, &#8230; <a title=\"Avanza la obra del octavo Espacio de Primera Infancia\" class=\"read-more\" href=\"https:\/\/www.hoymercedes.com.ar\/principal\/2022\/01\/20\/avanza-la-obra-del-octavo-espacio-de-primera-infancia\/\" aria-label=\"Leer m\u00e1s sobre Avanza la obra del octavo Espacio de Primera Infancia\">Leer m\u00e1s<\/a><\/p>\n","protected":false},"author":1,"featured_media":142928,"comment_status":"closed","ping_status":"open","sticky":false,"template":"","format":"standard","meta":{"_monsterinsights_skip_tracking":false,"_monsterinsights_sitenote_active":false,"_monsterinsights_sitenote_note":"","_monsterinsights_sitenote_category":0,"jetpack_post_was_ever_published":false,"_jetpack_newsletter_access":"","_jetpack_dont_email_post_to_subs":false,"_jetpack_newsletter_tier_id":0,"_jetpack_memberships_contains_paywalled_content":false,"_jetpack_memberships_contains_paid_content":false,"footnotes":"","jetpack_publicize_message":"","jetpack_publicize_feature_enabled":true,"jetpack_social_post_already_shared":true,"jetpack_social_options":{"image_generator_settings":{"template":"highway","default_image_id":0,"font":"","enabled":false},"version":2},"_wpas_customize_per_network":false},"categories":[8],"tags":[244],"class_list":["post-142926","post","type-post","status-publish","format-standard","has-post-thumbnail","hentry","category-sociedad","tag-municipio-2","generate-columns","tablet-grid-50","mobile-grid-100","grid-parent","grid-50"],"jetpack_publicize_connections":[],"jetpack_featured_media_url":"https:\/\/www.hoymercedes.com.ar\/principal\/wp-content\/uploads\/2022\/01\/DSC07279.jpg","wps_subtitle":"","jetpack_sharing_enabled":true,"_links":{"self":[{"href":"https:\/\/www.hoymercedes.com.ar\/principal\/wp-json\/wp\/v2\/posts\/142926","targetHints":{"allow":["GET"]}}],"collection":[{"href":"https:\/\/www.hoymercedes.com.ar\/principal\/wp-json\/wp\/v2\/posts"}],"about":[{"href":"https:\/\/www.hoymercedes.com.ar\/principal\/wp-json\/wp\/v2\/types\/post"}],"author":[{"embeddable":true,"href":"https:\/\/www.hoymercedes.com.ar\/principal\/wp-json\/wp\/v2\/users\/1"}],"replies":[{"embeddable":true,"href":"https:\/\/www.hoymercedes.com.ar\/principal\/wp-json\/wp\/v2\/comments?post=142926"}],"version-history":[{"count":0,"href":"https:\/\/www.hoymercedes.com.ar\/principal\/wp-json\/wp\/v2\/posts\/142926\/revisions"}],"wp:featuredmedia":[{"embeddable":true,"href":"https:\/\/www.hoymercedes.com.ar\/principal\/wp-json\/wp\/v2\/media\/142928"}],"wp:attachment":[{"href":"https:\/\/www.hoymercedes.com.ar\/principal\/wp-json\/wp\/v2\/media?parent=142926"}],"wp:term":[{"taxonomy":"category","embeddable":true,"href":"https:\/\/www.hoymercedes.com.ar\/principal\/wp-json\/wp\/v2\/categories?post=142926"},{"taxonomy":"post_tag","embeddable":true,"href":"https:\/\/www.hoymercedes.com.ar\/principal\/wp-json\/wp\/v2\/tags?post=142926"}],"curies":[{"name":"wp","href":"https:\/\/api.w.org\/{rel}","templated":true}]}}