{"id":14303,"date":"2012-07-04T12:36:35","date_gmt":"2012-07-04T12:36:35","guid":{"rendered":"http:\/\/www.hoymercedes.com.ar\/principal\/?p=14303"},"modified":"2012-07-04T12:36:35","modified_gmt":"2012-07-04T12:36:35","slug":"frente-mercedino-llevo-a-cabo-jornada-sobre-alfabetizacion","status":"publish","type":"post","link":"https:\/\/www.hoymercedes.com.ar\/principal\/2012\/07\/04\/frente-mercedino-llevo-a-cabo-jornada-sobre-alfabetizacion\/","title":{"rendered":"Frente Mercedino llev\u00f3 a cabo jornada sobre alfabetizaci\u00f3n"},"content":{"rendered":"<p><a href=\"https:\/\/www.hoymercedes.com.ar\/principal\/wp-content\/uploads\/2012\/07\/AlfabetizacionFMPV.jpg\"><img loading=\"lazy\" decoding=\"async\" data-attachment-id=\"14305\" data-permalink=\"https:\/\/www.hoymercedes.com.ar\/principal\/2012\/07\/04\/frente-mercedino-llevo-a-cabo-jornada-sobre-alfabetizacion\/alfabetizacionfmpv\/#main\" data-orig-file=\"https:\/\/www.hoymercedes.com.ar\/principal\/wp-content\/uploads\/2012\/07\/AlfabetizacionFMPV.jpg\" data-orig-size=\"612,459\" data-comments-opened=\"1\" data-image-meta=\"{&quot;aperture&quot;:&quot;2.8&quot;,&quot;credit&quot;:&quot;&quot;,&quot;camera&quot;:&quot;N95&quot;,&quot;caption&quot;:&quot;&quot;,&quot;created_timestamp&quot;:&quot;1341082725&quot;,&quot;copyright&quot;:&quot;&quot;,&quot;focal_length&quot;:&quot;5.6&quot;,&quot;iso&quot;:&quot;500&quot;,&quot;shutter_speed&quot;:&quot;0.029&quot;,&quot;title&quot;:&quot;&quot;}\" data-image-title=\"AlfabetizacionFMPV\" data-image-description=\"\" data-image-caption=\"\" data-large-file=\"https:\/\/www.hoymercedes.com.ar\/principal\/wp-content\/uploads\/2012\/07\/AlfabetizacionFMPV.jpg\" class=\"aligncenter size-full wp-image-14305\" title=\"AlfabetizacionFMPV\" src=\"https:\/\/www.hoymercedes.com.ar\/principal\/wp-content\/uploads\/2012\/07\/AlfabetizacionFMPV.jpg\" alt=\"\" width=\"612\" height=\"459\" \/><\/a><\/p>\n<p>El s\u00e1bado 30 de junio, los compa\u00f1eros de La C\u00e1mpora Mercedes realizaron en la unidad b\u00e1sica del Frente Mercedino una charla abierta sobre alfabetizaci\u00f3n bajo el lema \u201cAlfabetizaci\u00f3n para todos\u201d, de esta forma se busca capacitar a aquellos que lleven adelante esta tarea, llegando a cada rinc\u00f3n donde falte la educaci\u00f3n, esto se llevo adelante siguiendo la consigna que dio la Presidenta de la Nacion Cristina Fernandez de Kirchner, de impulsar la educaci\u00f3n como herramienta de inclusi\u00f3n social.<\/p>\n<p>Concurrieron vecinos de diferentes barrios de la ciudad y tuvieron la oportunidad de debatir con los compa\u00f1eros que estaban presentes.<\/p>\n<p>Tambi\u00e9n se pasaron algunos videos que proyectaron la importancia de la educaci\u00f3n en nuestro pa\u00eds y c\u00f3mo se increment\u00f3 el n\u00famero de chicos en las escuelas en estos \u00faltimos a\u00f1os.<\/p>\n","protected":false},"excerpt":{"rendered":"<p>El s\u00e1bado 30 de junio, los compa\u00f1eros de La C\u00e1mpora Mercedes realizaron en la unidad b\u00e1sica del Frente Mercedino una &#8230; <a title=\"Frente Mercedino llev\u00f3 a cabo jornada sobre alfabetizaci\u00f3n\" class=\"read-more\" href=\"https:\/\/www.hoymercedes.com.ar\/principal\/2012\/07\/04\/frente-mercedino-llevo-a-cabo-jornada-sobre-alfabetizacion\/\" aria-label=\"Leer m\u00e1s sobre Frente Mercedino llev\u00f3 a cabo jornada sobre alfabetizaci\u00f3n\">Leer m\u00e1s<\/a><\/p>\n","protected":false},"author":1,"featured_media":0,"comment_status":"open","ping_status":"open","sticky":false,"template":"","format":"standard","meta":{"_monsterinsights_skip_tracking":false,"_monsterinsights_sitenote_active":false,"_monsterinsights_sitenote_note":"","_monsterinsights_sitenote_category":0,"jetpack_post_was_ever_published":false,"_jetpack_newsletter_access":"","_jetpack_dont_email_post_to_subs":false,"_jetpack_newsletter_tier_id":0,"_jetpack_memberships_contains_paywalled_content":false,"_jetpack_memberships_contains_paid_content":false,"footnotes":"","jetpack_publicize_message":"","jetpack_publicize_feature_enabled":true,"jetpack_social_post_already_shared":false,"jetpack_social_options":{"image_generator_settings":{"template":"highway","default_image_id":0,"font":"","enabled":false},"version":2},"_wpas_customize_per_network":false},"categories":[5],"tags":[1007],"class_list":["post-14303","post","type-post","status-publish","format-standard","hentry","category-politica","tag-frente-mercedino","generate-columns","tablet-grid-50","mobile-grid-100","grid-parent","grid-50"],"jetpack_publicize_connections":[],"jetpack_featured_media_url":"","wps_subtitle":"","jetpack_sharing_enabled":true,"_links":{"self":[{"href":"https:\/\/www.hoymercedes.com.ar\/principal\/wp-json\/wp\/v2\/posts\/14303","targetHints":{"allow":["GET"]}}],"collection":[{"href":"https:\/\/www.hoymercedes.com.ar\/principal\/wp-json\/wp\/v2\/posts"}],"about":[{"href":"https:\/\/www.hoymercedes.com.ar\/principal\/wp-json\/wp\/v2\/types\/post"}],"author":[{"embeddable":true,"href":"https:\/\/www.hoymercedes.com.ar\/principal\/wp-json\/wp\/v2\/users\/1"}],"replies":[{"embeddable":true,"href":"https:\/\/www.hoymercedes.com.ar\/principal\/wp-json\/wp\/v2\/comments?post=14303"}],"version-history":[{"count":0,"href":"https:\/\/www.hoymercedes.com.ar\/principal\/wp-json\/wp\/v2\/posts\/14303\/revisions"}],"wp:attachment":[{"href":"https:\/\/www.hoymercedes.com.ar\/principal\/wp-json\/wp\/v2\/media?parent=14303"}],"wp:term":[{"taxonomy":"category","embeddable":true,"href":"https:\/\/www.hoymercedes.com.ar\/principal\/wp-json\/wp\/v2\/categories?post=14303"},{"taxonomy":"post_tag","embeddable":true,"href":"https:\/\/www.hoymercedes.com.ar\/principal\/wp-json\/wp\/v2\/tags?post=14303"}],"curies":[{"name":"wp","href":"https:\/\/api.w.org\/{rel}","templated":true}]}}