{"id":143107,"date":"2022-01-26T17:17:00","date_gmt":"2022-01-26T20:17:00","guid":{"rendered":"https:\/\/www.hoymercedes.com.ar\/principal\/?p=143107"},"modified":"2022-01-26T14:42:41","modified_gmt":"2022-01-26T17:42:41","slug":"ministro-de-infraestructura-e-intendente-recorrieron-hospital-odontologico","status":"publish","type":"post","link":"https:\/\/www.hoymercedes.com.ar\/principal\/2022\/01\/26\/ministro-de-infraestructura-e-intendente-recorrieron-hospital-odontologico\/","title":{"rendered":"Ministro de Infraestructura e intendente recorrieron Hospital Odontol\u00f3gico"},"content":{"rendered":"\n<figure class=\"wp-block-image size-full\"><img loading=\"lazy\" decoding=\"async\" width=\"900\" height=\"595\" data-attachment-id=\"143108\" data-permalink=\"https:\/\/www.hoymercedes.com.ar\/principal\/2022\/01\/26\/ministro-de-infraestructura-e-intendente-recorrieron-hospital-odontologico\/hospitalodontologicomerceds_nardiniustarroz\/#main\" data-orig-file=\"https:\/\/www.hoymercedes.com.ar\/principal\/wp-content\/uploads\/2022\/01\/HospitalOdontologicoMerceds_NardiniUstarroz.jpg\" data-orig-size=\"900,595\" data-comments-opened=\"0\" data-image-meta=\"{&quot;aperture&quot;:&quot;0&quot;,&quot;credit&quot;:&quot;&quot;,&quot;camera&quot;:&quot;&quot;,&quot;caption&quot;:&quot;&quot;,&quot;created_timestamp&quot;:&quot;0&quot;,&quot;copyright&quot;:&quot;&quot;,&quot;focal_length&quot;:&quot;0&quot;,&quot;iso&quot;:&quot;0&quot;,&quot;shutter_speed&quot;:&quot;0&quot;,&quot;title&quot;:&quot;&quot;,&quot;orientation&quot;:&quot;0&quot;}\" data-image-title=\"HospitalOdontologicoMerceds_NardiniUstarroz\" data-image-description=\"\" data-image-caption=\"\" data-large-file=\"https:\/\/www.hoymercedes.com.ar\/principal\/wp-content\/uploads\/2022\/01\/HospitalOdontologicoMerceds_NardiniUstarroz.jpg\" src=\"https:\/\/www.hoymercedes.com.ar\/principal\/wp-content\/uploads\/2022\/01\/HospitalOdontologicoMerceds_NardiniUstarroz.jpg\" alt=\"\" class=\"wp-image-143108\" srcset=\"https:\/\/www.hoymercedes.com.ar\/principal\/wp-content\/uploads\/2022\/01\/HospitalOdontologicoMerceds_NardiniUstarroz.jpg 900w, https:\/\/www.hoymercedes.com.ar\/principal\/wp-content\/uploads\/2022\/01\/HospitalOdontologicoMerceds_NardiniUstarroz-630x417.jpg 630w, https:\/\/www.hoymercedes.com.ar\/principal\/wp-content\/uploads\/2022\/01\/HospitalOdontologicoMerceds_NardiniUstarroz-150x99.jpg 150w\" sizes=\"auto, (max-width: 900px) 100vw, 900px\" \/><\/figure>\n\n\n\n<p>En una jornada de recorridas por obras de la ciudad, el intendente Juan Ignacio Ustarroz junto al ministro de Infraestructura y Servicios P\u00fablicos la provincia de Buenos Aires, Leonardo Nardini, recorrieron el Hospital Odontol\u00f3gico Municipal. Este espacio, \u00fanico en la regi\u00f3n, se lleva adelante con apoyo de la Provincia de Buenos Aires y contar\u00e1 con la participaci\u00f3n acad\u00e9mica de la Universidad Nacional de La Plata. \u00a0<\/p>\n\n\n\n<p>Fueron parte de la recorrida, el secretario de obras p\u00fablicas, Emanuel P\u00e9rez Carrera, el Secretario de Salud, N\u00e9stor Pisapia y concejales de la ciudad. &nbsp;<\/p>\n\n\n\n<p>El intendente Juan Ignacio Ustarroz manifest\u00f3 \u201cmuy contentos con la visita del Ministro Leonado Nardini a la ciudad de Mercedes, recorriendo esta obra que es emblem\u00e1tica para la gesti\u00f3n y que tiene que ver con la salud, en este caso, bucal\u201d y cont\u00f3 \u201cesto comenz\u00f3 con el programa \u201cMercedes Sonr\u00ede\u201d con un esfuerzo enorme que hizo el Municipio para poder sostenerlo, y desde all\u00ed se comenz\u00f3 a visualizar una realidad de mucha demanda de vecinos para estos dispositivos de salud bucal\u201d. &nbsp;<\/p>\n\n\n\n<p>\u201cTrabajando en conjunto con la Universidad de La Plata logramos avanzar y proyectar este edificio que dar\u00e1 una prestaci\u00f3n sumamente importante\u201d sostuvo el intendente Ustarroz y remarc\u00f3 \u201cAdem\u00e1s, gracias a diferentes convenios que hacemos con la provincia de Buenos Aires, con un Ministro, como Leonardo, y un Gobernador como Axel Kicillof, que est\u00e1n permanentemente recorriendo, escuchando, viendo, cu\u00e1les son las necesidades y las propuestas de los diferentes municipios\u201d destac\u00f3 el intendente Ustarroz.&nbsp;<\/p>\n\n\n\n<p>En este sentido, el Dr. Ustarroz dijo \u201centendemos que salimos adelante trabajando, en unidad, con obras que generen mejor calidad de vida en nuestra gente\u201d. &nbsp;<\/p>\n\n\n\n<p>Por su parte, el ministro de infraestructura y servicios p\u00fablicos de la provincia de Buenos Aires, Leonardo Nardini se\u00f1al\u00f3 \u201cfelices de poder recorrer esta obra que le va a venir muy bien a la ciudad y sus habitantes, que adem\u00e1s, tendr\u00e1 una gran connotaci\u00f3n a nivel regional esta prestaci\u00f3n\u201d y sostuvo \u201clos vecinos tendr\u00e1n una herramienta m\u00e1s a nivel sanitario, con profesionales de primera calidad \u2013a trav\u00e9s del convenio con la Universidad de la Plata- con la infraestructura y el equipamiento, en un trabajo en conjunto entre el Municipio de Mercedes, esta importante entidad educativa y el Gobierno Provincial\u201d.&nbsp;<\/p>\n\n\n\n<p>\u201cEsta es una obra que jerarquiza a la zona y le da la oportunidad a mucha gente de poder acceder a la salud de manera mucho m\u00e1s accesible\u201d remarc\u00f3 Nardini.&nbsp;&nbsp;&nbsp; &nbsp;&nbsp;<\/p>\n\n\n\n<p>El secretario de salud, el Dr. N\u00e9stor Pisapia expres\u00f3 \u201ces un placer recibir al Ministro de Infraestructura de la provincia de Buenos Aires y al intendente Ustarroz, para que recorran la obra del Hospital Odontol\u00f3gico, misma que ya est\u00e1 muy avanzada, estamos en los \u00faltimos tramos, y la verdad que estamos muy orgullosos y agradecidos\u201d.&nbsp;<\/p>\n","protected":false},"excerpt":{"rendered":"<p>En una jornada de recorridas por obras de la ciudad, el intendente Juan Ignacio Ustarroz junto al ministro de Infraestructura &#8230; <a title=\"Ministro de Infraestructura e intendente recorrieron Hospital Odontol\u00f3gico\" class=\"read-more\" href=\"https:\/\/www.hoymercedes.com.ar\/principal\/2022\/01\/26\/ministro-de-infraestructura-e-intendente-recorrieron-hospital-odontologico\/\" aria-label=\"Leer m\u00e1s sobre Ministro de Infraestructura e intendente recorrieron Hospital Odontol\u00f3gico\">Leer m\u00e1s<\/a><\/p>\n","protected":false},"author":1,"featured_media":143108,"comment_status":"closed","ping_status":"open","sticky":false,"template":"","format":"standard","meta":{"_monsterinsights_skip_tracking":false,"_monsterinsights_sitenote_active":false,"_monsterinsights_sitenote_note":"","_monsterinsights_sitenote_category":0,"jetpack_post_was_ever_published":false,"_jetpack_newsletter_access":"","_jetpack_dont_email_post_to_subs":false,"_jetpack_newsletter_tier_id":0,"_jetpack_memberships_contains_paywalled_content":false,"_jetpack_memberships_contains_paid_content":false,"footnotes":"","jetpack_publicize_message":"","jetpack_publicize_feature_enabled":true,"jetpack_social_post_already_shared":true,"jetpack_social_options":{"image_generator_settings":{"template":"highway","default_image_id":0,"font":"","enabled":false},"version":2},"_wpas_customize_per_network":false},"categories":[8],"tags":[],"class_list":["post-143107","post","type-post","status-publish","format-standard","has-post-thumbnail","hentry","category-sociedad","generate-columns","tablet-grid-50","mobile-grid-100","grid-parent","grid-50"],"jetpack_publicize_connections":[],"jetpack_featured_media_url":"https:\/\/www.hoymercedes.com.ar\/principal\/wp-content\/uploads\/2022\/01\/HospitalOdontologicoMerceds_NardiniUstarroz.jpg","wps_subtitle":"Infraestructura","jetpack_sharing_enabled":true,"_links":{"self":[{"href":"https:\/\/www.hoymercedes.com.ar\/principal\/wp-json\/wp\/v2\/posts\/143107","targetHints":{"allow":["GET"]}}],"collection":[{"href":"https:\/\/www.hoymercedes.com.ar\/principal\/wp-json\/wp\/v2\/posts"}],"about":[{"href":"https:\/\/www.hoymercedes.com.ar\/principal\/wp-json\/wp\/v2\/types\/post"}],"author":[{"embeddable":true,"href":"https:\/\/www.hoymercedes.com.ar\/principal\/wp-json\/wp\/v2\/users\/1"}],"replies":[{"embeddable":true,"href":"https:\/\/www.hoymercedes.com.ar\/principal\/wp-json\/wp\/v2\/comments?post=143107"}],"version-history":[{"count":0,"href":"https:\/\/www.hoymercedes.com.ar\/principal\/wp-json\/wp\/v2\/posts\/143107\/revisions"}],"wp:featuredmedia":[{"embeddable":true,"href":"https:\/\/www.hoymercedes.com.ar\/principal\/wp-json\/wp\/v2\/media\/143108"}],"wp:attachment":[{"href":"https:\/\/www.hoymercedes.com.ar\/principal\/wp-json\/wp\/v2\/media?parent=143107"}],"wp:term":[{"taxonomy":"category","embeddable":true,"href":"https:\/\/www.hoymercedes.com.ar\/principal\/wp-json\/wp\/v2\/categories?post=143107"},{"taxonomy":"post_tag","embeddable":true,"href":"https:\/\/www.hoymercedes.com.ar\/principal\/wp-json\/wp\/v2\/tags?post=143107"}],"curies":[{"name":"wp","href":"https:\/\/api.w.org\/{rel}","templated":true}]}}