{"id":14326,"date":"2012-07-05T13:52:27","date_gmt":"2012-07-05T13:52:27","guid":{"rendered":"http:\/\/www.hoymercedes.com.ar\/principal\/?p=14326"},"modified":"2012-07-05T13:52:27","modified_gmt":"2012-07-05T13:52:27","slug":"las-elecciones-en-la-ajb-departamental-mercedes-comenzaron-a-tomar-temperatura","status":"publish","type":"post","link":"https:\/\/www.hoymercedes.com.ar\/principal\/2012\/07\/05\/las-elecciones-en-la-ajb-departamental-mercedes-comenzaron-a-tomar-temperatura\/","title":{"rendered":"Las elecciones en la AJB Departamental Mercedes comenzaron a tomar temperatura"},"content":{"rendered":"<p>El candidato a Secretario General de la lista opositora a la actual conducci\u00f3n hizo \u00b4publico su punto e vista tras las declaraciones efectuadas en mi\u00e9rcoles por Alberto Igoldi a <strong>LA HORA<\/strong><\/p>\n<p>Daniel Bojorge, candidato a Secretario General de la AJB Mercedes por la lista Azul y Blanco n\u00famero 10 se refiri\u00f3 a las elecci0nes y particularmente a las declaraciones de Igoldi a nuestro matutino.<\/p>\n<p>Sostuvo entre otros conceptos \u201cpor supuesto que no es nada agradable que por primera vez en una acto eleccionario de la Departamental Mercedes desde su puesta en funcionamiento vayan a competir dos listas que en definitiva buscan yo dir\u00eda casi lo mismo para el afiliado y trabajador judicial bonaerense pero es evidente que lo hacemos por caminos muy diferentes.<\/p>\n<p>En nuestra Departamental fue realmente imposible formar nuevamente una lista de unidad, el grupo que yo encabezo se remonta a una reuni\u00f3n de Comisi\u00f3n Directiva efectuada en abril donde el compa\u00f1ero Igoldi sostuvo que tenia el deseo de ir a elecciones pero con otra lista, m\u00e1s all\u00e1 de ello tuvimos pruebas concretas y fehaciente que se estaba trabajando y armando otra lista a espaldas de la Comisi\u00f3n Directiva Departamental e la cual no hab\u00eda participaci\u00f3n de muchos compa\u00f1eros que entendemos han sido y son muy \u00fatiles para nuestro gremio.<\/p>\n<p>Por tal motivo fuimos a dialogar con el para ofrecerle la posibilidad de hacer una lista de unidad, es decir con acuerdos entre las dos pares y el nos manifest\u00f3 que seguramente nosotros no \u00edbamos aceptar algunos nombres que \u00e9l pensaba proponer y nosotros le informamos que si a pesar que en ning\u00fan momento se dieron nombres.<\/p>\n<p>Pero la realidad indicaba que ya la decisi\u00f3n de ir con otra lista estaba tomada y eso nos llev\u00f3 a participar en las elecciones y aqu\u00ed estamos.<\/p>\n<p>Tengo la gran suerte que m\u00e1s de la mitad de los actuales integrantes de la CD me acompa\u00f1en, incluso pensamos que la actual integraci\u00f3n de la misma se encontraba trabajando bastante bien pero pedimos ajustar el funcionamiento de algunas de las secretar\u00edas pero lamentablemente no se entendi\u00f3 asi y bueno nosotros entendemos que la nueva comisi\u00f3n seguir\u00e1 trabajando para fortalecer cada ves m\u00e1s al gremio, logar todo lo posible para mejorar la situaci\u00f3n de los compa\u00f1eros y sobre todo trabajar orla verdadera y aut\u00e9ntica unidad, y en ning\u00fan momento quisimos dividir, ese es el mensaje que pretendemos dejar y no el que Igoldi expres\u00f3 de divisi\u00f3n mezclando a la CTA e incluso al Kircherismo porque les puedo asegurar en nuestra lista hay varias personas que para nada comparten este modelo del gobierno nacional que encabeza la se\u00f1ora Cristina Fern\u00e1ndez, incluso mantenemos la idea de independencia con los patrones y con los gobiernos de turno<\/p>\n<p>Vuelvo a reiterar que en nuestra lista hay muchos compa\u00f1eros que en la actualidad integran la lista que llev\u00f3 a Igoldi secretariado general.<\/p>\n<p>Se incorpora tambi\u00e9n gente nueva y en el caso de Miguel Veron ha sido convocado por una de la tres listas que se presentan a nivel provincial as\u00ed que en la nuestra va cono vocal, y adem\u00e1s me acompa\u00f1a como candidato a Congresal.<\/p>\n<p>A nosotros nos interesa antes que la CGT, la CTA o cualquier otro grupo, nos interesa la AJB seccional Mercedes.<\/p>\n<p>Despu\u00e9s veremos si Moyano tiene raz\u00f3n o no en la CGT y si la CTA es de Yasky o de Michelis, para ello hay mucho mas tiempo\u201d.<\/p>\n<p>&nbsp;<\/p>\n","protected":false},"excerpt":{"rendered":"<p>El candidato a Secretario General de la lista opositora a la actual conducci\u00f3n hizo \u00b4publico su punto e vista tras &#8230; <a title=\"Las elecciones en la AJB Departamental Mercedes comenzaron a tomar temperatura\" class=\"read-more\" href=\"https:\/\/www.hoymercedes.com.ar\/principal\/2012\/07\/05\/las-elecciones-en-la-ajb-departamental-mercedes-comenzaron-a-tomar-temperatura\/\" aria-label=\"Leer m\u00e1s sobre Las elecciones en la AJB Departamental Mercedes comenzaron a tomar temperatura\">Leer m\u00e1s<\/a><\/p>\n","protected":false},"author":1,"featured_media":0,"comment_status":"open","ping_status":"open","sticky":false,"template":"","format":"standard","meta":{"_monsterinsights_skip_tracking":false,"_monsterinsights_sitenote_active":false,"_monsterinsights_sitenote_note":"","_monsterinsights_sitenote_category":0,"jetpack_post_was_ever_published":false,"_jetpack_newsletter_access":"","_jetpack_dont_email_post_to_subs":false,"_jetpack_newsletter_tier_id":0,"_jetpack_memberships_contains_paywalled_content":false,"_jetpack_memberships_contains_paid_content":false,"footnotes":"","jetpack_publicize_message":"","jetpack_publicize_feature_enabled":true,"jetpack_social_post_already_shared":false,"jetpack_social_options":{"image_generator_settings":{"template":"highway","default_image_id":0,"font":"","enabled":false},"version":2},"_wpas_customize_per_network":false},"categories":[8],"tags":[95,322],"class_list":["post-14326","post","type-post","status-publish","format-standard","hentry","category-sociedad","tag-ajb","tag-igoldi","generate-columns","tablet-grid-50","mobile-grid-100","grid-parent","grid-50"],"jetpack_publicize_connections":[],"jetpack_featured_media_url":"","wps_subtitle":"","jetpack_sharing_enabled":true,"_links":{"self":[{"href":"https:\/\/www.hoymercedes.com.ar\/principal\/wp-json\/wp\/v2\/posts\/14326","targetHints":{"allow":["GET"]}}],"collection":[{"href":"https:\/\/www.hoymercedes.com.ar\/principal\/wp-json\/wp\/v2\/posts"}],"about":[{"href":"https:\/\/www.hoymercedes.com.ar\/principal\/wp-json\/wp\/v2\/types\/post"}],"author":[{"embeddable":true,"href":"https:\/\/www.hoymercedes.com.ar\/principal\/wp-json\/wp\/v2\/users\/1"}],"replies":[{"embeddable":true,"href":"https:\/\/www.hoymercedes.com.ar\/principal\/wp-json\/wp\/v2\/comments?post=14326"}],"version-history":[{"count":0,"href":"https:\/\/www.hoymercedes.com.ar\/principal\/wp-json\/wp\/v2\/posts\/14326\/revisions"}],"wp:attachment":[{"href":"https:\/\/www.hoymercedes.com.ar\/principal\/wp-json\/wp\/v2\/media?parent=14326"}],"wp:term":[{"taxonomy":"category","embeddable":true,"href":"https:\/\/www.hoymercedes.com.ar\/principal\/wp-json\/wp\/v2\/categories?post=14326"},{"taxonomy":"post_tag","embeddable":true,"href":"https:\/\/www.hoymercedes.com.ar\/principal\/wp-json\/wp\/v2\/tags?post=14326"}],"curies":[{"name":"wp","href":"https:\/\/api.w.org\/{rel}","templated":true}]}}