{"id":143396,"date":"2022-02-01T13:37:00","date_gmt":"2022-02-01T16:37:00","guid":{"rendered":"https:\/\/www.hoymercedes.com.ar\/principal\/?p=143396"},"modified":"2022-02-01T18:51:15","modified_gmt":"2022-02-01T21:51:15","slug":"ustarroz-recibio-a-las-nuevas-autoridades-de-la-policia-comunal-y-comisaria-de-la-mujer","status":"publish","type":"post","link":"https:\/\/www.hoymercedes.com.ar\/principal\/2022\/02\/01\/ustarroz-recibio-a-las-nuevas-autoridades-de-la-policia-comunal-y-comisaria-de-la-mujer\/","title":{"rendered":"Ustarroz recibi\u00f3 a las nuevas autoridades de la Polic\u00eda Comunal y Comisaria de la Mujer"},"content":{"rendered":"\n<figure class=\"wp-block-image size-large\"><img loading=\"lazy\" decoding=\"async\" width=\"1024\" height=\"546\" data-attachment-id=\"143398\" data-permalink=\"https:\/\/www.hoymercedes.com.ar\/principal\/2022\/02\/01\/ustarroz-recibio-a-las-nuevas-autoridades-de-la-policia-comunal-y-comisaria-de-la-mujer\/pedro_-6\/#main\" data-orig-file=\"https:\/\/www.hoymercedes.com.ar\/principal\/wp-content\/uploads\/2022\/02\/Pedro_-6.jpg\" data-orig-size=\"1154,615\" data-comments-opened=\"0\" data-image-meta=\"{&quot;aperture&quot;:&quot;0&quot;,&quot;credit&quot;:&quot;&quot;,&quot;camera&quot;:&quot;&quot;,&quot;caption&quot;:&quot;&quot;,&quot;created_timestamp&quot;:&quot;0&quot;,&quot;copyright&quot;:&quot;&quot;,&quot;focal_length&quot;:&quot;0&quot;,&quot;iso&quot;:&quot;0&quot;,&quot;shutter_speed&quot;:&quot;0&quot;,&quot;title&quot;:&quot;&quot;,&quot;orientation&quot;:&quot;0&quot;}\" data-image-title=\"Pedro_-6\" data-image-description=\"\" data-image-caption=\"\" data-large-file=\"https:\/\/www.hoymercedes.com.ar\/principal\/wp-content\/uploads\/2022\/02\/Pedro_-6-1024x546.jpg\" src=\"https:\/\/www.hoymercedes.com.ar\/principal\/wp-content\/uploads\/2022\/02\/Pedro_-6-1024x546.jpg\" alt=\"\" class=\"wp-image-143398\" srcset=\"https:\/\/www.hoymercedes.com.ar\/principal\/wp-content\/uploads\/2022\/02\/Pedro_-6-1024x546.jpg 1024w, https:\/\/www.hoymercedes.com.ar\/principal\/wp-content\/uploads\/2022\/02\/Pedro_-6-630x336.jpg 630w, https:\/\/www.hoymercedes.com.ar\/principal\/wp-content\/uploads\/2022\/02\/Pedro_-6-150x80.jpg 150w, https:\/\/www.hoymercedes.com.ar\/principal\/wp-content\/uploads\/2022\/02\/Pedro_-6.jpg 1154w\" sizes=\"auto, (max-width: 1024px) 100vw, 1024px\" \/><\/figure>\n\n\n\n<p>El intendente Juan I. Ustarroz se reuni\u00f3 con las nuevas autoridades de la Polic\u00eda de nuestra ciudad. Fue en el Palacio municipal y tuvo como objetivo adem\u00e1s de la presentaci\u00f3n formal iniciar r\u00e1pidamente el proceso de planificaci\u00f3n y trabajos conjunto para el cuidado de las y los mercedinos.<\/p>\n\n\n\n<p>\u201cPara nosotros este encuentro ha sido muy importante. Estamos agradecidos de los nuevos responsables de las distintas fuerzas por esta mesa de trabajo y presentaci\u00f3n sumamente valiosa para coordinar, planificar y gestionar en comunidad la prevenci\u00f3n y cuidado de nuestro pueblo\u201d afirm\u00f3 y remarco y \u201cadem\u00e1s, ratificar, como siempre ha sido, el apoyo de parte de la Comuna hacia los efectivos y las instituciones de cuidado\u201d afirm\u00f3 Gonzalo Anselmo, secretario de seguridad municipal.<\/p>\n\n\n\n<subama>De la reuni\u00f3n fueron parte Jefe de Polic\u00eda Comunal, Comisario Oscar Elizalde, Jefa de Estaci\u00f3n de Polic\u00eda Comunal, Subcomisario Vanesa Casas y Jefa de Comisar\u00eda de la Mujer y la Familia, Oficial principal Vanesa Esquivel.<\/subama>\n\n\n\n<p>Fueron parte tambi\u00e9n de la mesa de trabajo y gesti\u00f3n, adem\u00e1s del intendente Juan I. Ustarroz, la secretaria de gobierno, Clara Zunino y el director de seguridad V\u00edctor Palazzo.<\/p>\n","protected":false},"excerpt":{"rendered":"<p>El intendente Juan I. Ustarroz se reuni\u00f3 con las nuevas autoridades de la Polic\u00eda de nuestra ciudad. Fue en el &#8230; <a title=\"Ustarroz recibi\u00f3 a las nuevas autoridades de la Polic\u00eda Comunal y Comisaria de la Mujer\" class=\"read-more\" href=\"https:\/\/www.hoymercedes.com.ar\/principal\/2022\/02\/01\/ustarroz-recibio-a-las-nuevas-autoridades-de-la-policia-comunal-y-comisaria-de-la-mujer\/\" aria-label=\"Leer m\u00e1s sobre Ustarroz recibi\u00f3 a las nuevas autoridades de la Polic\u00eda Comunal y Comisaria de la Mujer\">Leer m\u00e1s<\/a><\/p>\n","protected":false},"author":1,"featured_media":0,"comment_status":"closed","ping_status":"open","sticky":false,"template":"","format":"standard","meta":{"_monsterinsights_skip_tracking":false,"_monsterinsights_sitenote_active":false,"_monsterinsights_sitenote_note":"","_monsterinsights_sitenote_category":0,"jetpack_post_was_ever_published":false,"_jetpack_newsletter_access":"","_jetpack_dont_email_post_to_subs":false,"_jetpack_newsletter_tier_id":0,"_jetpack_memberships_contains_paywalled_content":false,"_jetpack_memberships_contains_paid_content":false,"footnotes":"","jetpack_publicize_message":"","jetpack_publicize_feature_enabled":true,"jetpack_social_post_already_shared":true,"jetpack_social_options":{"image_generator_settings":{"template":"highway","default_image_id":0,"font":"","enabled":false},"version":2},"_wpas_customize_per_network":false},"categories":[30,85,16115],"tags":[17481,244,18201,5766,96,802,424,14348],"class_list":["post-143396","post","type-post","status-publish","format-standard","hentry","category-municipio","category-policial","category-seguridad","tag-anselmo","tag-municipio-2","tag-palazzo","tag-policia-comunal","tag-policial-2","tag-seguridad","tag-ustarroz","tag-zunino","generate-columns","tablet-grid-50","mobile-grid-100","grid-parent","grid-50"],"jetpack_publicize_connections":[],"jetpack_featured_media_url":"","wps_subtitle":"Fuerzas de Seguridad","jetpack_sharing_enabled":true,"_links":{"self":[{"href":"https:\/\/www.hoymercedes.com.ar\/principal\/wp-json\/wp\/v2\/posts\/143396","targetHints":{"allow":["GET"]}}],"collection":[{"href":"https:\/\/www.hoymercedes.com.ar\/principal\/wp-json\/wp\/v2\/posts"}],"about":[{"href":"https:\/\/www.hoymercedes.com.ar\/principal\/wp-json\/wp\/v2\/types\/post"}],"author":[{"embeddable":true,"href":"https:\/\/www.hoymercedes.com.ar\/principal\/wp-json\/wp\/v2\/users\/1"}],"replies":[{"embeddable":true,"href":"https:\/\/www.hoymercedes.com.ar\/principal\/wp-json\/wp\/v2\/comments?post=143396"}],"version-history":[{"count":0,"href":"https:\/\/www.hoymercedes.com.ar\/principal\/wp-json\/wp\/v2\/posts\/143396\/revisions"}],"wp:attachment":[{"href":"https:\/\/www.hoymercedes.com.ar\/principal\/wp-json\/wp\/v2\/media?parent=143396"}],"wp:term":[{"taxonomy":"category","embeddable":true,"href":"https:\/\/www.hoymercedes.com.ar\/principal\/wp-json\/wp\/v2\/categories?post=143396"},{"taxonomy":"post_tag","embeddable":true,"href":"https:\/\/www.hoymercedes.com.ar\/principal\/wp-json\/wp\/v2\/tags?post=143396"}],"curies":[{"name":"wp","href":"https:\/\/api.w.org\/{rel}","templated":true}]}}