{"id":14341,"date":"2012-07-06T00:57:03","date_gmt":"2012-07-06T00:57:03","guid":{"rendered":"http:\/\/www.hoymercedes.com.ar\/principal\/?p=14341"},"modified":"2012-07-06T00:57:03","modified_gmt":"2012-07-06T00:57:03","slug":"matias-silvestre-ya-es-del-inter","status":"publish","type":"post","link":"https:\/\/www.hoymercedes.com.ar\/principal\/2012\/07\/06\/matias-silvestre-ya-es-del-inter\/","title":{"rendered":"Mat\u00edas Silvestre ya es del Inter"},"content":{"rendered":"<p>El mercedino Mat\u00edas Silvestre sigue ascendiendo es su carrera como futbolistas. Si bien empez\u00f3 su carrera fuerte en Boca Juniors y luego pas\u00f3 a Europa nunca fue en un Club tan poderoso como el Inter de Italia el cual acaba de adquirirlo por 8 millones de euros por una temporada con la opci\u00f3n de compra al finalizar la misma por otros dos millones por el pr\u00e9stamos y otros 6 si desean la totalidad del pase.<\/p>\n<p>Algo que se ven\u00eda comentando hace tiempo y que ahora se materializa. El Inter lo busc\u00f3 durante tiempo y ahora al mejorar la oferta de otros pudo hacerse del pase.<\/p>\n","protected":false},"excerpt":{"rendered":"<p>El mercedino Mat\u00edas Silvestre sigue ascendiendo es su carrera como futbolistas. Si bien empez\u00f3 su carrera fuerte en Boca Juniors &#8230; <a title=\"Mat\u00edas Silvestre ya es del Inter\" class=\"read-more\" href=\"https:\/\/www.hoymercedes.com.ar\/principal\/2012\/07\/06\/matias-silvestre-ya-es-del-inter\/\" aria-label=\"Leer m\u00e1s sobre Mat\u00edas Silvestre ya es del Inter\">Leer m\u00e1s<\/a><\/p>\n","protected":false},"author":1,"featured_media":0,"comment_status":"open","ping_status":"open","sticky":false,"template":"","format":"standard","meta":{"_monsterinsights_skip_tracking":false,"_monsterinsights_sitenote_active":false,"_monsterinsights_sitenote_note":"","_monsterinsights_sitenote_category":0,"jetpack_post_was_ever_published":false,"_jetpack_newsletter_access":"","_jetpack_dont_email_post_to_subs":false,"_jetpack_newsletter_tier_id":0,"_jetpack_memberships_contains_paywalled_content":false,"_jetpack_memberships_contains_paid_content":false,"footnotes":"","jetpack_publicize_message":"","jetpack_publicize_feature_enabled":true,"jetpack_social_post_already_shared":false,"jetpack_social_options":{"image_generator_settings":{"template":"highway","default_image_id":0,"font":"","enabled":false},"version":2},"_wpas_customize_per_network":false},"categories":[21],"tags":[2478,753],"class_list":["post-14341","post","type-post","status-publish","format-standard","hentry","category-deportes","tag-inter-de-italia-matias-silvestre","tag-matias-silvestre","generate-columns","tablet-grid-50","mobile-grid-100","grid-parent","grid-50"],"jetpack_publicize_connections":[],"jetpack_featured_media_url":"","wps_subtitle":"","jetpack_sharing_enabled":true,"_links":{"self":[{"href":"https:\/\/www.hoymercedes.com.ar\/principal\/wp-json\/wp\/v2\/posts\/14341","targetHints":{"allow":["GET"]}}],"collection":[{"href":"https:\/\/www.hoymercedes.com.ar\/principal\/wp-json\/wp\/v2\/posts"}],"about":[{"href":"https:\/\/www.hoymercedes.com.ar\/principal\/wp-json\/wp\/v2\/types\/post"}],"author":[{"embeddable":true,"href":"https:\/\/www.hoymercedes.com.ar\/principal\/wp-json\/wp\/v2\/users\/1"}],"replies":[{"embeddable":true,"href":"https:\/\/www.hoymercedes.com.ar\/principal\/wp-json\/wp\/v2\/comments?post=14341"}],"version-history":[{"count":0,"href":"https:\/\/www.hoymercedes.com.ar\/principal\/wp-json\/wp\/v2\/posts\/14341\/revisions"}],"wp:attachment":[{"href":"https:\/\/www.hoymercedes.com.ar\/principal\/wp-json\/wp\/v2\/media?parent=14341"}],"wp:term":[{"taxonomy":"category","embeddable":true,"href":"https:\/\/www.hoymercedes.com.ar\/principal\/wp-json\/wp\/v2\/categories?post=14341"},{"taxonomy":"post_tag","embeddable":true,"href":"https:\/\/www.hoymercedes.com.ar\/principal\/wp-json\/wp\/v2\/tags?post=14341"}],"curies":[{"name":"wp","href":"https:\/\/api.w.org\/{rel}","templated":true}]}}