{"id":143440,"date":"2022-02-01T18:00:00","date_gmt":"2022-02-01T21:00:00","guid":{"rendered":"https:\/\/www.hoymercedes.com.ar\/principal\/?p=143440"},"modified":"2022-02-01T18:50:09","modified_gmt":"2022-02-01T21:50:09","slug":"covid-en-el-pais-confirman-240-muertes-y-49-122-contagios","status":"publish","type":"post","link":"https:\/\/www.hoymercedes.com.ar\/principal\/2022\/02\/01\/covid-en-el-pais-confirman-240-muertes-y-49-122-contagios\/","title":{"rendered":"Covid en el pa\u00eds: confirman 240 muertes y 49.122 contagios"},"content":{"rendered":"\n<p>El Ministerio de Salud de la Naci\u00f3n inform\u00f3 este martes el registro de 49.122 nuevos contagios de coronavirus y 240 muertes. Con estos datos, el total de casos positivos desde el inicio de la pandemia se elev\u00f3 a 8.427.778, mientras que las v\u00edctimas fatales suman 121.513.<\/p>\n\n\n\n<div class=\"wp-block-image\"><figure class=\"aligncenter size-large is-resized\"><img loading=\"lazy\" decoding=\"async\" data-attachment-id=\"143437\" data-permalink=\"https:\/\/www.hoymercedes.com.ar\/principal\/img_20220201_182244\/\" data-orig-file=\"https:\/\/www.hoymercedes.com.ar\/principal\/wp-content\/uploads\/2022\/02\/IMG_20220201_182244.jpg\" data-orig-size=\"1093,537\" data-comments-opened=\"0\" data-image-meta=\"{&quot;aperture&quot;:&quot;0&quot;,&quot;credit&quot;:&quot;&quot;,&quot;camera&quot;:&quot;&quot;,&quot;caption&quot;:&quot;&quot;,&quot;created_timestamp&quot;:&quot;0&quot;,&quot;copyright&quot;:&quot;&quot;,&quot;focal_length&quot;:&quot;0&quot;,&quot;iso&quot;:&quot;0&quot;,&quot;shutter_speed&quot;:&quot;0&quot;,&quot;title&quot;:&quot;&quot;,&quot;orientation&quot;:&quot;0&quot;}\" data-image-title=\"IMG_20220201_182244\" data-image-description=\"\" data-image-caption=\"\" data-large-file=\"https:\/\/www.hoymercedes.com.ar\/principal\/wp-content\/uploads\/2022\/02\/IMG_20220201_182244-1024x503.jpg\" src=\"https:\/\/www.hoymercedes.com.ar\/principal\/wp-content\/uploads\/2022\/02\/IMG_20220201_182244-1024x503.jpg\" alt=\"\" class=\"wp-image-143437\" width=\"640\" height=\"306\"\/><\/figure><\/div>\n\n\n\n<p>Del total de muertes reportadas, 143 son hombres y 96 mujeres. Una persona fallecida residente en la provincia de Buenos Aires fue reportada sin dato de sexo. La provincia de Salta fue la que m\u00e1s decesos notific\u00f3, con 33 fallecidos. La siguieron la provincia y la Ciudad de Buenos Aires con 29 y 28, respectivamente.<\/p>\n\n\n\n<p>El parte precis\u00f3 que murieron 143 hombres, 21 en Buenos Aires, 16 en la Ciudad de Buenos Aires, ocho en Chaco, 10 en Corrientes, 14 en C\u00f3rdoba, cuatro en Entre R\u00edos, dos en Jujuy, cuatro en La Pampa, cuatro en Mendoza, tres en Misiones, seis en Neuqu\u00e9n, 23 en Salta, cinco en San Juan, seis en San Luis, 12 en Santa Fe, dos en Santiago del Estero, y tres en Tucum\u00e1n. Tambi\u00e9n fallecieron 96 mujeres: siete en Buenos Aires, 12 en la Ciudad de Buenos Aires, cinco en Chaco, dos en Chubut, dos en Corrientes, 10 en C\u00f3rdoba, dos en Entre R\u00edos, dos en Jujuy, dos en La Pampa, dos en Mendoza, cinco en Misiones, ocho en Neuqu\u00e9n, seis en R\u00edo Negro, 10 en Salta, cuatro en San Juan, dos en San Luis, tres en Santa Fe, ocho en Santiago del Estero, dos en Tierra del Fuego y dos en Tucum\u00e1n. \u00a0 <\/p>\n\n\n\n<div class=\"wp-block-image\"><figure class=\"aligncenter size-full\"><img loading=\"lazy\" decoding=\"async\" width=\"486\" height=\"544\" data-attachment-id=\"143439\" data-permalink=\"https:\/\/www.hoymercedes.com.ar\/principal\/img_20220201_182250\/\" data-orig-file=\"https:\/\/www.hoymercedes.com.ar\/principal\/wp-content\/uploads\/2022\/02\/IMG_20220201_182250.png\" data-orig-size=\"486,544\" data-comments-opened=\"0\" data-image-meta=\"{&quot;aperture&quot;:&quot;0&quot;,&quot;credit&quot;:&quot;&quot;,&quot;camera&quot;:&quot;&quot;,&quot;caption&quot;:&quot;&quot;,&quot;created_timestamp&quot;:&quot;0&quot;,&quot;copyright&quot;:&quot;&quot;,&quot;focal_length&quot;:&quot;0&quot;,&quot;iso&quot;:&quot;0&quot;,&quot;shutter_speed&quot;:&quot;0&quot;,&quot;title&quot;:&quot;&quot;,&quot;orientation&quot;:&quot;0&quot;}\" data-image-title=\"IMG_20220201_182250\" data-image-description=\"\" data-image-caption=\"\" data-large-file=\"https:\/\/www.hoymercedes.com.ar\/principal\/wp-content\/uploads\/2022\/02\/IMG_20220201_182250.png\" src=\"https:\/\/www.hoymercedes.com.ar\/principal\/wp-content\/uploads\/2022\/02\/IMG_20220201_182250.png\" alt=\"\" class=\"wp-image-143439\" srcset=\"https:\/\/www.hoymercedes.com.ar\/principal\/wp-content\/uploads\/2022\/02\/IMG_20220201_182250.png 486w, https:\/\/www.hoymercedes.com.ar\/principal\/wp-content\/uploads\/2022\/02\/IMG_20220201_182250-134x150.png 134w\" sizes=\"auto, (max-width: 486px) 100vw, 486px\" \/><\/figure><\/div>\n\n\n\n<p>Este martes se registraron en la provincia de Buenos Aires 20.358 casos; en la Ciudad de Buenos Aires, 6.173; en Catamarca, 529; en Chaco, 751; en Chubut, 467; en Corrientes, 1.416.; en C\u00f3rdoba, 4.267; en Entre R\u00edos, 1.316; en Formosa, 1.206; en Jujuy, 420; en La Pampa, 527; en La Rioja, 409; en Mendoza, 1.480; en Misiones, 301; en Neuqu\u00e9n, 593; en R\u00edo Negro, 839; en Salta, 518; en San Juan, 862; en San Luis, 447; en Santa Cruz, 257; en Santa Fe, 3.894; en Santiago del Estero, 193; en Tierra del Fuego, 267 y en Tucum\u00e1n, 1.632. \u00a0 <\/p>\n\n\n\n<p>El total de acumulados por distrito indica para la provincia de Buenos Aires 3.274.911 casos; la Ciudad de Buenos Aires, 951.026; Catamarca, 80.930; Chaco, 158.649; Chubut, 110.112; Corrientes, 122.710; C\u00f3rdoba, 906.212; Entre R\u00edos, 189.266; Formosa, 100.609; Jujuy, 102.589; La Pampa, 97.179; La Rioja, 43.688; Mendoza, 256.963; Misiones, 48.861; Neuqu\u00e9n, 161.491; R\u00edo Negro, 138.111; Salta, 150.608; San Juan, 139.812; San Luis, 130.353; Santa Cruz, 84.427; Santa Fe, 697.166; Santiago del Estero, 123.142; Tierra del Fuego, 43.617 y Tucum\u00e1n, 315.346. \u00a0 <\/p>\n\n\n\n<div class=\"wp-block-image\"><figure class=\"aligncenter size-full\"><img loading=\"lazy\" decoding=\"async\" width=\"282\" height=\"733\" data-attachment-id=\"143438\" data-permalink=\"https:\/\/www.hoymercedes.com.ar\/principal\/img_20220201_182254\/\" data-orig-file=\"https:\/\/www.hoymercedes.com.ar\/principal\/wp-content\/uploads\/2022\/02\/IMG_20220201_182254.png\" data-orig-size=\"282,733\" data-comments-opened=\"0\" data-image-meta=\"{&quot;aperture&quot;:&quot;0&quot;,&quot;credit&quot;:&quot;&quot;,&quot;camera&quot;:&quot;&quot;,&quot;caption&quot;:&quot;&quot;,&quot;created_timestamp&quot;:&quot;0&quot;,&quot;copyright&quot;:&quot;&quot;,&quot;focal_length&quot;:&quot;0&quot;,&quot;iso&quot;:&quot;0&quot;,&quot;shutter_speed&quot;:&quot;0&quot;,&quot;title&quot;:&quot;&quot;,&quot;orientation&quot;:&quot;0&quot;}\" data-image-title=\"IMG_20220201_182254\" data-image-description=\"\" data-image-caption=\"\" data-large-file=\"https:\/\/www.hoymercedes.com.ar\/principal\/wp-content\/uploads\/2022\/02\/IMG_20220201_182254.png\" src=\"https:\/\/www.hoymercedes.com.ar\/principal\/wp-content\/uploads\/2022\/02\/IMG_20220201_182254.png\" alt=\"\" class=\"wp-image-143438\" srcset=\"https:\/\/www.hoymercedes.com.ar\/principal\/wp-content\/uploads\/2022\/02\/IMG_20220201_182254.png 282w, https:\/\/www.hoymercedes.com.ar\/principal\/wp-content\/uploads\/2022\/02\/IMG_20220201_182254-239x620.png 239w, https:\/\/www.hoymercedes.com.ar\/principal\/wp-content\/uploads\/2022\/02\/IMG_20220201_182254-58x150.png 58w\" sizes=\"auto, (max-width: 282px) 100vw, 282px\" \/><\/figure><\/div>\n","protected":false},"excerpt":{"rendered":"<p>El Ministerio de Salud de la Naci\u00f3n inform\u00f3 este martes el registro de 49.122 nuevos contagios de coronavirus y 240 &#8230; <a title=\"Covid en el pa\u00eds: confirman 240 muertes y 49.122 contagios\" class=\"read-more\" href=\"https:\/\/www.hoymercedes.com.ar\/principal\/2022\/02\/01\/covid-en-el-pais-confirman-240-muertes-y-49-122-contagios\/\" aria-label=\"Leer m\u00e1s sobre Covid en el pa\u00eds: confirman 240 muertes y 49.122 contagios\">Leer m\u00e1s<\/a><\/p>\n","protected":false},"author":1,"featured_media":143437,"comment_status":"closed","ping_status":"open","sticky":false,"template":"","format":"standard","meta":{"_monsterinsights_skip_tracking":false,"_monsterinsights_sitenote_active":false,"_monsterinsights_sitenote_note":"","_monsterinsights_sitenote_category":0,"jetpack_post_was_ever_published":false,"_jetpack_newsletter_access":"","_jetpack_dont_email_post_to_subs":false,"_jetpack_newsletter_tier_id":0,"_jetpack_memberships_contains_paywalled_content":false,"_jetpack_memberships_contains_paid_content":false,"footnotes":"","jetpack_publicize_message":"","jetpack_publicize_feature_enabled":true,"jetpack_social_post_already_shared":true,"jetpack_social_options":{"image_generator_settings":{"template":"highway","default_image_id":0,"font":"","enabled":false},"version":2},"_wpas_customize_per_network":false},"categories":[17182],"tags":[16175,16313,185,134],"class_list":["post-143440","post","type-post","status-publish","format-standard","has-post-thumbnail","hentry","category-nacion","tag-coronavirus","tag-covid-19","tag-nacion","tag-salud","generate-columns","tablet-grid-50","mobile-grid-100","grid-parent","grid-50"],"jetpack_publicize_connections":[],"jetpack_featured_media_url":"https:\/\/www.hoymercedes.com.ar\/principal\/wp-content\/uploads\/2022\/02\/IMG_20220201_182244.jpg","wps_subtitle":"Informe nacional","jetpack_sharing_enabled":true,"_links":{"self":[{"href":"https:\/\/www.hoymercedes.com.ar\/principal\/wp-json\/wp\/v2\/posts\/143440","targetHints":{"allow":["GET"]}}],"collection":[{"href":"https:\/\/www.hoymercedes.com.ar\/principal\/wp-json\/wp\/v2\/posts"}],"about":[{"href":"https:\/\/www.hoymercedes.com.ar\/principal\/wp-json\/wp\/v2\/types\/post"}],"author":[{"embeddable":true,"href":"https:\/\/www.hoymercedes.com.ar\/principal\/wp-json\/wp\/v2\/users\/1"}],"replies":[{"embeddable":true,"href":"https:\/\/www.hoymercedes.com.ar\/principal\/wp-json\/wp\/v2\/comments?post=143440"}],"version-history":[{"count":0,"href":"https:\/\/www.hoymercedes.com.ar\/principal\/wp-json\/wp\/v2\/posts\/143440\/revisions"}],"wp:featuredmedia":[{"embeddable":true,"href":"https:\/\/www.hoymercedes.com.ar\/principal\/wp-json\/wp\/v2\/media\/143437"}],"wp:attachment":[{"href":"https:\/\/www.hoymercedes.com.ar\/principal\/wp-json\/wp\/v2\/media?parent=143440"}],"wp:term":[{"taxonomy":"category","embeddable":true,"href":"https:\/\/www.hoymercedes.com.ar\/principal\/wp-json\/wp\/v2\/categories?post=143440"},{"taxonomy":"post_tag","embeddable":true,"href":"https:\/\/www.hoymercedes.com.ar\/principal\/wp-json\/wp\/v2\/tags?post=143440"}],"curies":[{"name":"wp","href":"https:\/\/api.w.org\/{rel}","templated":true}]}}