{"id":143651,"date":"2022-02-06T12:55:00","date_gmt":"2022-02-06T15:55:00","guid":{"rendered":"https:\/\/www.hoymercedes.com.ar\/principal\/?p=143651"},"modified":"2022-02-06T04:58:56","modified_gmt":"2022-02-06T07:58:56","slug":"se-reunieron-el-intendente-y-las-nuevas-autoridades-de-la-policia-federal-mercedes","status":"publish","type":"post","link":"https:\/\/www.hoymercedes.com.ar\/principal\/2022\/02\/06\/se-reunieron-el-intendente-y-las-nuevas-autoridades-de-la-policia-federal-mercedes\/","title":{"rendered":"Se reunieron el intendente y las nuevas autoridades de la Polic\u00eda Federal Mercedes"},"content":{"rendered":"\n<div class=\"wp-block-image\"><figure class=\"aligncenter size-full\"><img loading=\"lazy\" decoding=\"async\" width=\"922\" height=\"615\" data-attachment-id=\"143652\" data-permalink=\"https:\/\/www.hoymercedes.com.ar\/principal\/2022\/02\/06\/se-reunieron-el-intendente-y-las-nuevas-autoridades-de-la-policia-federal-mercedes\/attachment\/301\/#main\" data-orig-file=\"https:\/\/www.hoymercedes.com.ar\/principal\/wp-content\/uploads\/2022\/02\/301.jpg\" data-orig-size=\"922,615\" data-comments-opened=\"0\" data-image-meta=\"{&quot;aperture&quot;:&quot;0&quot;,&quot;credit&quot;:&quot;&quot;,&quot;camera&quot;:&quot;&quot;,&quot;caption&quot;:&quot;&quot;,&quot;created_timestamp&quot;:&quot;0&quot;,&quot;copyright&quot;:&quot;&quot;,&quot;focal_length&quot;:&quot;0&quot;,&quot;iso&quot;:&quot;0&quot;,&quot;shutter_speed&quot;:&quot;0&quot;,&quot;title&quot;:&quot;&quot;,&quot;orientation&quot;:&quot;0&quot;}\" data-image-title=\"301\" data-image-description=\"\" data-image-caption=\"\" data-large-file=\"https:\/\/www.hoymercedes.com.ar\/principal\/wp-content\/uploads\/2022\/02\/301.jpg\" src=\"https:\/\/www.hoymercedes.com.ar\/principal\/wp-content\/uploads\/2022\/02\/301.jpg\" alt=\"\" class=\"wp-image-143652\" srcset=\"https:\/\/www.hoymercedes.com.ar\/principal\/wp-content\/uploads\/2022\/02\/301.jpg 922w, https:\/\/www.hoymercedes.com.ar\/principal\/wp-content\/uploads\/2022\/02\/301-630x420.jpg 630w, https:\/\/www.hoymercedes.com.ar\/principal\/wp-content\/uploads\/2022\/02\/301-150x100.jpg 150w\" sizes=\"auto, (max-width: 922px) 100vw, 922px\" \/><\/figure><\/div>\n\n\n\n<p>El intendente Dr. Juan I. Ustarroz recibi\u00f3 a las nuevas autoridades de la Polic\u00eda Federal delegaci\u00f3n Mercedes. La reuni\u00f3n de gesti\u00f3n y trabajo fue en el Palacio Municipal. Cont\u00f3 con la presencia de la nueva conducci\u00f3n de la fuerza y el secretario de seguridad comunal, Gonzalo Anselmo.<\/p>\n\n\n\n<p>\u201cHa sido un encuentro muy importante\u201d destac\u00f3 Ustarroz y remarc\u00f3 \u201csiempre decimos que el trabajo entra las instituciones es fundamental y m\u00e1s en un tema tan sensible como la seguridad. Agradecemos a las nuevas autoridades y ratificamos nuestro compromiso de colaborar y trabajar mancomunadamente\u201d mencion\u00f3.<\/p>\n\n\n\n<p>Por su parte, el secretario Anselmo sostuvo que \u201ces sumamente grato tener este encuentro. Nos permite no s\u00f3lo conocernos m\u00e1s, sino tambi\u00e9n poner sobre la mesa aquellos aspectos sensibles que le interesan a la fuerza, a la Municipalidad y la ciudadan\u00eda, sabiendo la vocaci\u00f3n de servicio que tienen\u201d y destac\u00f3 que \u201cplanificar y trabajar unidos es la mejor manera, por eso este encuentro es tan importante\u201d destac\u00f3 el funcionario.<\/p>\n\n\n\n<p>Del encuentro fueron parte, adem\u00e1s, el nuevo Comisario V\u00edctor Mart\u00ednez, Jefe e Dependencia, la Principal Alejandra C\u00f3rdoba y el Suboficial Roque Lucero.<\/p>\n\n\n\n<figure class=\"wp-block-image size-full\"><img loading=\"lazy\" decoding=\"async\" width=\"922\" height=\"615\" data-attachment-id=\"143653\" data-permalink=\"https:\/\/www.hoymercedes.com.ar\/principal\/2022\/02\/06\/se-reunieron-el-intendente-y-las-nuevas-autoridades-de-la-policia-federal-mercedes\/300-3\/#main\" data-orig-file=\"https:\/\/www.hoymercedes.com.ar\/principal\/wp-content\/uploads\/2022\/02\/300.jpg\" data-orig-size=\"922,615\" data-comments-opened=\"0\" data-image-meta=\"{&quot;aperture&quot;:&quot;0&quot;,&quot;credit&quot;:&quot;&quot;,&quot;camera&quot;:&quot;&quot;,&quot;caption&quot;:&quot;&quot;,&quot;created_timestamp&quot;:&quot;0&quot;,&quot;copyright&quot;:&quot;&quot;,&quot;focal_length&quot;:&quot;0&quot;,&quot;iso&quot;:&quot;0&quot;,&quot;shutter_speed&quot;:&quot;0&quot;,&quot;title&quot;:&quot;&quot;,&quot;orientation&quot;:&quot;0&quot;}\" data-image-title=\"300\" data-image-description=\"\" data-image-caption=\"\" data-large-file=\"https:\/\/www.hoymercedes.com.ar\/principal\/wp-content\/uploads\/2022\/02\/300.jpg\" src=\"https:\/\/www.hoymercedes.com.ar\/principal\/wp-content\/uploads\/2022\/02\/300.jpg\" alt=\"\" class=\"wp-image-143653\" srcset=\"https:\/\/www.hoymercedes.com.ar\/principal\/wp-content\/uploads\/2022\/02\/300.jpg 922w, https:\/\/www.hoymercedes.com.ar\/principal\/wp-content\/uploads\/2022\/02\/300-630x420.jpg 630w, https:\/\/www.hoymercedes.com.ar\/principal\/wp-content\/uploads\/2022\/02\/300-150x100.jpg 150w\" sizes=\"auto, (max-width: 922px) 100vw, 922px\" \/><\/figure>\n\n\n\n<p>Seg\u00fan se supo se prev\u00e9n m\u00e1s encuentros de articulaci\u00f3n, gesti\u00f3n, planificaci\u00f3n y uni\u00f3n de criterios para el trabajo colaborativo entre la Municipalidad, la Secretar\u00eda de Seguridad y la Delegaci\u00f3n Mercedes de la Polic\u00eda Federal Argentina.<\/p>\n\n\n\n<p>Anselmo tambi\u00e9n destac\u00f3 \u201cla excelente relaci\u00f3n y articulaci\u00f3n que tiene el municipio con todas las fuerzas que se encuentran en la ciudad. Desde Gendarmer\u00eda Nacional y el Servicio Penitenciario, hasta la Polic\u00eda Bonaerense y Federal\u201d sostuvo entre otros conceptos.<\/p>\n\n\n\n<p>Info: S.Seguridad<\/p>\n","protected":false},"excerpt":{"rendered":"<p>El intendente Dr. Juan I. Ustarroz recibi\u00f3 a las nuevas autoridades de la Polic\u00eda Federal delegaci\u00f3n Mercedes. La reuni\u00f3n de &#8230; <a title=\"Se reunieron el intendente y las nuevas autoridades de la Polic\u00eda Federal Mercedes\" class=\"read-more\" href=\"https:\/\/www.hoymercedes.com.ar\/principal\/2022\/02\/06\/se-reunieron-el-intendente-y-las-nuevas-autoridades-de-la-policia-federal-mercedes\/\" aria-label=\"Leer m\u00e1s sobre Se reunieron el intendente y las nuevas autoridades de la Polic\u00eda Federal Mercedes\">Leer m\u00e1s<\/a><\/p>\n","protected":false},"author":1,"featured_media":143652,"comment_status":"closed","ping_status":"open","sticky":false,"template":"","format":"standard","meta":{"_monsterinsights_skip_tracking":false,"_monsterinsights_sitenote_active":false,"_monsterinsights_sitenote_note":"","_monsterinsights_sitenote_category":0,"jetpack_post_was_ever_published":false,"_jetpack_newsletter_access":"","_jetpack_dont_email_post_to_subs":false,"_jetpack_newsletter_tier_id":0,"_jetpack_memberships_contains_paywalled_content":false,"_jetpack_memberships_contains_paid_content":false,"footnotes":"","jetpack_publicize_message":"","jetpack_publicize_feature_enabled":true,"jetpack_social_post_already_shared":true,"jetpack_social_options":{"image_generator_settings":{"template":"highway","default_image_id":0,"font":"","enabled":false},"version":2},"_wpas_customize_per_network":false},"categories":[85],"tags":[17481,6549,424],"class_list":["post-143651","post","type-post","status-publish","format-standard","has-post-thumbnail","hentry","category-policial","tag-anselmo","tag-policia-federal","tag-ustarroz","generate-columns","tablet-grid-50","mobile-grid-100","grid-parent","grid-50"],"jetpack_publicize_connections":[],"jetpack_featured_media_url":"https:\/\/www.hoymercedes.com.ar\/principal\/wp-content\/uploads\/2022\/02\/301.jpg","wps_subtitle":"Reuniones institucionales","jetpack_sharing_enabled":true,"_links":{"self":[{"href":"https:\/\/www.hoymercedes.com.ar\/principal\/wp-json\/wp\/v2\/posts\/143651","targetHints":{"allow":["GET"]}}],"collection":[{"href":"https:\/\/www.hoymercedes.com.ar\/principal\/wp-json\/wp\/v2\/posts"}],"about":[{"href":"https:\/\/www.hoymercedes.com.ar\/principal\/wp-json\/wp\/v2\/types\/post"}],"author":[{"embeddable":true,"href":"https:\/\/www.hoymercedes.com.ar\/principal\/wp-json\/wp\/v2\/users\/1"}],"replies":[{"embeddable":true,"href":"https:\/\/www.hoymercedes.com.ar\/principal\/wp-json\/wp\/v2\/comments?post=143651"}],"version-history":[{"count":0,"href":"https:\/\/www.hoymercedes.com.ar\/principal\/wp-json\/wp\/v2\/posts\/143651\/revisions"}],"wp:featuredmedia":[{"embeddable":true,"href":"https:\/\/www.hoymercedes.com.ar\/principal\/wp-json\/wp\/v2\/media\/143652"}],"wp:attachment":[{"href":"https:\/\/www.hoymercedes.com.ar\/principal\/wp-json\/wp\/v2\/media?parent=143651"}],"wp:term":[{"taxonomy":"category","embeddable":true,"href":"https:\/\/www.hoymercedes.com.ar\/principal\/wp-json\/wp\/v2\/categories?post=143651"},{"taxonomy":"post_tag","embeddable":true,"href":"https:\/\/www.hoymercedes.com.ar\/principal\/wp-json\/wp\/v2\/tags?post=143651"}],"curies":[{"name":"wp","href":"https:\/\/api.w.org\/{rel}","templated":true}]}}