{"id":143656,"date":"2022-02-06T15:30:00","date_gmt":"2022-02-06T18:30:00","guid":{"rendered":"https:\/\/www.hoymercedes.com.ar\/principal\/?p=143656"},"modified":"2022-02-06T19:28:19","modified_gmt":"2022-02-06T22:28:19","slug":"productores-y-municipio-trabajan-por-un-mercado-frutihorticula-en-mercedes","status":"publish","type":"post","link":"https:\/\/www.hoymercedes.com.ar\/principal\/2022\/02\/06\/productores-y-municipio-trabajan-por-un-mercado-frutihorticula-en-mercedes\/","title":{"rendered":"Productores y Municipio trabajan por un mercado frutihorticula en Mercedes"},"content":{"rendered":"\n<div class=\"wp-block-image\"><figure class=\"aligncenter size-large\"><img loading=\"lazy\" decoding=\"async\" width=\"1024\" height=\"461\" data-attachment-id=\"143657\" data-permalink=\"https:\/\/www.hoymercedes.com.ar\/principal\/2022\/02\/06\/productores-y-municipio-trabajan-por-un-mercado-frutihorticula-en-mercedes\/attachment\/201\/#main\" data-orig-file=\"https:\/\/www.hoymercedes.com.ar\/principal\/wp-content\/uploads\/2022\/02\/201.jpeg\" data-orig-size=\"1600,720\" data-comments-opened=\"0\" data-image-meta=\"{&quot;aperture&quot;:&quot;0&quot;,&quot;credit&quot;:&quot;&quot;,&quot;camera&quot;:&quot;&quot;,&quot;caption&quot;:&quot;&quot;,&quot;created_timestamp&quot;:&quot;0&quot;,&quot;copyright&quot;:&quot;&quot;,&quot;focal_length&quot;:&quot;0&quot;,&quot;iso&quot;:&quot;0&quot;,&quot;shutter_speed&quot;:&quot;0&quot;,&quot;title&quot;:&quot;&quot;,&quot;orientation&quot;:&quot;0&quot;}\" data-image-title=\"201\" data-image-description=\"\" data-image-caption=\"\" data-large-file=\"https:\/\/www.hoymercedes.com.ar\/principal\/wp-content\/uploads\/2022\/02\/201-1024x461.jpeg\" src=\"https:\/\/www.hoymercedes.com.ar\/principal\/wp-content\/uploads\/2022\/02\/201-1024x461.jpeg\" alt=\"\" class=\"wp-image-143657\" srcset=\"https:\/\/www.hoymercedes.com.ar\/principal\/wp-content\/uploads\/2022\/02\/201-1024x461.jpeg 1024w, https:\/\/www.hoymercedes.com.ar\/principal\/wp-content\/uploads\/2022\/02\/201-630x284.jpeg 630w, https:\/\/www.hoymercedes.com.ar\/principal\/wp-content\/uploads\/2022\/02\/201-150x68.jpeg 150w, https:\/\/www.hoymercedes.com.ar\/principal\/wp-content\/uploads\/2022\/02\/201-1536x691.jpeg 1536w, https:\/\/www.hoymercedes.com.ar\/principal\/wp-content\/uploads\/2022\/02\/201.jpeg 1600w\" sizes=\"auto, (max-width: 1024px) 100vw, 1024px\" \/><\/figure><\/div>\n\n\n\n<p>El intendente Ustarroz particip\u00f3 de un valioso encuentro de productores locales y regionales con miras a concretar un Mercado concentrador. A partir de la iniciativa de productores locales, y con el apoyo de la Municipalidad de Mercedes y el Ministerio de Desarrollo Agrario de la Provincia de Buenos Aires, avanzan las gestiones para la puesta en funcionamiento de un Mercado Concentrador Frutihort\u00edcola en la ciudad.<\/p>\n\n\n\n<p><strong>Reuni\u00f3n<\/strong><\/p>\n\n\n\n<p>El encuentro cont\u00f3 con la presencia del Intendente Municipal, Juan I. Ustarroz; el Jefe de Gabinete de la Subsecretar\u00eda de Desarrollo, Agrario Javier Cernadas; el Director de Producci\u00f3n de Mercedes, Patricio Ballesty; el Director de la Estaci\u00f3n Experimental Mercedes, Orlando Boragno; el Presidente de la Cooperativa de Provisi\u00f3n Frutihort\u00edcola Norchichas, Aurelio Condo; la referente del grupo de productorxs frut\u00edcolas mercedinos RESURGIR, Susana Castagneto; la Vice C\u00f3nsul del Estado Plurinacional de Bolivia; el titular de la Federaci\u00f3n de Productores de la Provincia de Buenos Aires FEBAPRI, Irineo Qui\u00f1ones y productores locales.<\/p>\n\n\n\n<div class=\"wp-block-image\"><figure class=\"aligncenter size-large\"><img loading=\"lazy\" decoding=\"async\" width=\"1024\" height=\"768\" data-attachment-id=\"143658\" data-permalink=\"https:\/\/www.hoymercedes.com.ar\/principal\/2022\/02\/06\/productores-y-municipio-trabajan-por-un-mercado-frutihorticula-en-mercedes\/200-3\/#main\" data-orig-file=\"https:\/\/www.hoymercedes.com.ar\/principal\/wp-content\/uploads\/2022\/02\/200.jpeg\" data-orig-size=\"1600,1200\" data-comments-opened=\"0\" data-image-meta=\"{&quot;aperture&quot;:&quot;0&quot;,&quot;credit&quot;:&quot;&quot;,&quot;camera&quot;:&quot;&quot;,&quot;caption&quot;:&quot;&quot;,&quot;created_timestamp&quot;:&quot;0&quot;,&quot;copyright&quot;:&quot;&quot;,&quot;focal_length&quot;:&quot;0&quot;,&quot;iso&quot;:&quot;0&quot;,&quot;shutter_speed&quot;:&quot;0&quot;,&quot;title&quot;:&quot;&quot;,&quot;orientation&quot;:&quot;0&quot;}\" data-image-title=\"200\" data-image-description=\"\" data-image-caption=\"\" data-large-file=\"https:\/\/www.hoymercedes.com.ar\/principal\/wp-content\/uploads\/2022\/02\/200-1024x768.jpeg\" src=\"https:\/\/www.hoymercedes.com.ar\/principal\/wp-content\/uploads\/2022\/02\/200-1024x768.jpeg\" alt=\"\" class=\"wp-image-143658\" srcset=\"https:\/\/www.hoymercedes.com.ar\/principal\/wp-content\/uploads\/2022\/02\/200-1024x768.jpeg 1024w, https:\/\/www.hoymercedes.com.ar\/principal\/wp-content\/uploads\/2022\/02\/200-630x473.jpeg 630w, https:\/\/www.hoymercedes.com.ar\/principal\/wp-content\/uploads\/2022\/02\/200-150x113.jpeg 150w, https:\/\/www.hoymercedes.com.ar\/principal\/wp-content\/uploads\/2022\/02\/200-1536x1152.jpeg 1536w, https:\/\/www.hoymercedes.com.ar\/principal\/wp-content\/uploads\/2022\/02\/200.jpeg 1600w\" sizes=\"auto, (max-width: 1024px) 100vw, 1024px\" \/><\/figure><\/div>\n\n\n\n<p>\u201cEs un gran avance el vivido, porque permiti\u00f3 encontrarnos, dialogar, conocer m\u00e1s sus opiniones, su actualidad y continuar aunando fuerzas con la intensi\u00f3n de que, en alg\u00fan d\u00eda, lo m\u00e1s cercano posible, pueda contarse en Mercedes con un mercado integrador de frutas y verduras, donde los productores locales y representantes regionales tengan un rol destacado\u201d cont\u00f3 al ser consultado el Ing. Patricio Ballesty.<\/p>\n\n\n\n<p>El intendente Ustarroz aprovech\u00f3 la ocasi\u00f3n para felicitar \u201ca cada participante. Es muy valioso el trabajo en comunidad para ir avanzando en temas tan importantes como lo son la producci\u00f3n de alimentos, la autogesti\u00f3n, la agroecolog\u00eda, la organizaci\u00f3n como comunidad para poder brindar soluciones tanto a las y los productores como a las familias\u201d sostuvo entre otros conceptos.<\/p>\n\n\n\n<p>El mercado tendr\u00e1 un rol estrat\u00e9gico en la comercializaci\u00f3n local y regional de alimentos, permiti\u00e9ndole a las y los productores contar con un sitio para vender sus elaboraciones a un mejor valor y a los consumidores adquirir frutas y verduras de calidad a un precio accesible, mencionaron desde la Direcci\u00f3n de Producci\u00f3n.<\/p>\n\n\n\n<p>Info: Productores\/Producci\u00f3n\/HM<\/p>\n","protected":false},"excerpt":{"rendered":"<p>El intendente Ustarroz particip\u00f3 de un valioso encuentro de productores locales y regionales con miras a concretar un Mercado concentrador. &#8230; <a title=\"Productores y Municipio trabajan por un mercado frutihorticula en Mercedes\" class=\"read-more\" href=\"https:\/\/www.hoymercedes.com.ar\/principal\/2022\/02\/06\/productores-y-municipio-trabajan-por-un-mercado-frutihorticula-en-mercedes\/\" aria-label=\"Leer m\u00e1s sobre Productores y Municipio trabajan por un mercado frutihorticula en Mercedes\">Leer m\u00e1s<\/a><\/p>\n","protected":false},"author":1,"featured_media":143657,"comment_status":"closed","ping_status":"open","sticky":false,"template":"","format":"standard","meta":{"_monsterinsights_skip_tracking":false,"_monsterinsights_sitenote_active":false,"_monsterinsights_sitenote_note":"","_monsterinsights_sitenote_category":0,"jetpack_post_was_ever_published":false,"_jetpack_newsletter_access":"","_jetpack_dont_email_post_to_subs":false,"_jetpack_newsletter_tier_id":0,"_jetpack_memberships_contains_paywalled_content":false,"_jetpack_memberships_contains_paid_content":false,"footnotes":"","jetpack_publicize_message":"","jetpack_publicize_feature_enabled":true,"jetpack_social_post_already_shared":true,"jetpack_social_options":{"image_generator_settings":{"template":"highway","default_image_id":0,"font":"","enabled":false},"version":2},"_wpas_customize_per_network":false},"categories":[30],"tags":[17705,18215,424],"class_list":["post-143656","post","type-post","status-publish","format-standard","has-post-thumbnail","hentry","category-municipio","tag-ballesty","tag-mercado-frutihorticula-en-mercedes","tag-ustarroz","generate-columns","tablet-grid-50","mobile-grid-100","grid-parent","grid-50"],"jetpack_publicize_connections":[],"jetpack_featured_media_url":"https:\/\/www.hoymercedes.com.ar\/principal\/wp-content\/uploads\/2022\/02\/201.jpeg","wps_subtitle":"Producci\u00f3n y empleo","jetpack_sharing_enabled":true,"_links":{"self":[{"href":"https:\/\/www.hoymercedes.com.ar\/principal\/wp-json\/wp\/v2\/posts\/143656","targetHints":{"allow":["GET"]}}],"collection":[{"href":"https:\/\/www.hoymercedes.com.ar\/principal\/wp-json\/wp\/v2\/posts"}],"about":[{"href":"https:\/\/www.hoymercedes.com.ar\/principal\/wp-json\/wp\/v2\/types\/post"}],"author":[{"embeddable":true,"href":"https:\/\/www.hoymercedes.com.ar\/principal\/wp-json\/wp\/v2\/users\/1"}],"replies":[{"embeddable":true,"href":"https:\/\/www.hoymercedes.com.ar\/principal\/wp-json\/wp\/v2\/comments?post=143656"}],"version-history":[{"count":0,"href":"https:\/\/www.hoymercedes.com.ar\/principal\/wp-json\/wp\/v2\/posts\/143656\/revisions"}],"wp:featuredmedia":[{"embeddable":true,"href":"https:\/\/www.hoymercedes.com.ar\/principal\/wp-json\/wp\/v2\/media\/143657"}],"wp:attachment":[{"href":"https:\/\/www.hoymercedes.com.ar\/principal\/wp-json\/wp\/v2\/media?parent=143656"}],"wp:term":[{"taxonomy":"category","embeddable":true,"href":"https:\/\/www.hoymercedes.com.ar\/principal\/wp-json\/wp\/v2\/categories?post=143656"},{"taxonomy":"post_tag","embeddable":true,"href":"https:\/\/www.hoymercedes.com.ar\/principal\/wp-json\/wp\/v2\/tags?post=143656"}],"curies":[{"name":"wp","href":"https:\/\/api.w.org\/{rel}","templated":true}]}}