{"id":143742,"date":"2022-02-07T23:51:23","date_gmt":"2022-02-08T02:51:23","guid":{"rendered":"https:\/\/www.hoymercedes.com.ar\/principal\/?p=143742"},"modified":"2022-02-08T00:58:59","modified_gmt":"2022-02-08T03:58:59","slug":"en-giles-denuncian-que-torturo-a-una-nino-con-discapacidad-y-quedo-libre","status":"publish","type":"post","link":"https:\/\/www.hoymercedes.com.ar\/principal\/2022\/02\/07\/en-giles-denuncian-que-torturo-a-una-nino-con-discapacidad-y-quedo-libre\/","title":{"rendered":"En Giles denuncian que tortur\u00f3 a una ni\u00f1o con discapacidad y qued\u00f3 libre"},"content":{"rendered":"\n<p>Medio de Giles dan cuenta del hecho. Interviene la justicia mercedina. \u00abSe conoci\u00f3 un hecho aberrante: un menor de 14 a\u00f1os con discapacidad intelectual fue torturado en un campo en los alrededores de Albatros. Seg\u00fan fuentes policiales, el joven estaba junto a tres amigos m\u00e1s cazando liebres en la zona rural de San Andr\u00e9s de Giles\u00bb informa InfoGiles Ciudad.<\/p>\n\n\n\n<p>El informe del medio gilense contin\u00faa de la siguente manera: <\/p>\n\n\n\n<p>Por Sof\u00eda Stupiello &#8211; De acuerdo con el\u00a0 relato policial los ni\u00f1os fueron sorprendidos por el due\u00f1o del campo que los persigui\u00f3. Los j\u00f3venes que lograron escapar le avisaron a la mam\u00e1 de la v\u00edctima, que inmediatamente hizo la denuncia. Por su parte el propietario del campo, habl\u00f3 en distintos medios locales explicando su versi\u00f3n y cont\u00f3 que fue v\u00edctima del intento de robo de uno de sus caballos.<\/p>\n\n\n\n<p><em><strong>\u201cEn primera instancia recibimos un llamado al 911 que hab\u00eda una persona mayor agrediendo a otra persona, cuando fuimos al lugar nos encontramos un menor de edad que nos manifiesta que estaban cazando con perros galgos en una propiedad privada. Dos de sus compa\u00f1eros ven un caballo y como les gusta montar dijeron vamos a hacer una travesura, y andar a caballo. Ah\u00ed aparece el due\u00f1o, los chicos salen corriendo, son 400 metros hasta la tranquera, uno se queda atrapado, el due\u00f1o lo agarra, lo ata atr\u00e1s y se lo lleva para el lado de su casa, donde le propina golpes en la cabeza y en el est\u00f3mago\u201d,<\/strong><\/em>explic\u00f3 a Infociudad el Comisario de la Polic\u00eda Rural Rafael Vidal.<\/p>\n\n\n\n<p>Cuando la polic\u00eda lleg\u00f3 al lugar se encontr\u00f3 con el ni\u00f1o marcado y golpeado en distintas partes del cuerpo que seg\u00fan trascendi\u00f3 fueron golpes realizados con una manguera. R\u00e1pidamente fue trasladado al Hospital para constatar que no haya heridas internas de gravedad. En el Hospital el ni\u00f1o le cont\u00f3 a su familia todas las vejaciones que sufri\u00f3 por parte del\u00a0 due\u00f1o del campo. La familia denuncia golpes, amenazas, y que el ni\u00f1o fue atado a un \u00e1rbol. Adem\u00e1s se investiga un posible abuso sexual. En este momento la v\u00edctima y su familia est\u00e1n siendo contenidas por el Servicio Local que ya intervino. <strong>Actualmente est\u00e1 trabajando la Fiscal\u00eda de Mercedes para investigar el caso.<\/strong><\/p>\n\n\n\n<p>Enlace a la noticia:<a href=\"https:\/\/infociudad.com.ar\/2022\/02\/07\/torturaron-a-un-menor-con-retraso-madurativo-en-un-campo-de-giles\/\" target=\"_blank\" rel=\"noopener\"> <strong>InfoCiudadGiles<\/strong><\/a><\/p>\n\n\n\n<div align=\"center\"><iframe loading=\"lazy\" src=\"https:\/\/www.facebook.com\/plugins\/post.php?href=https%3A%2F%2Fwww.facebook.com%2Fvicky.cervin.1%2Fposts%2F624700215489663&#038;show_text=true&#038;width=900\" width=\"500\" height=\"678\" style=\"border:none;overflow:hidden\" scrolling=\"no\" frameborder=\"0\" allowfullscreen=\"true\" allow=\"autoplay; clipboard-write; encrypted-media; picture-in-picture; web-share\"><\/iframe><\/div>\n\n\n\n<p><\/p>\n","protected":false},"excerpt":{"rendered":"<p>Medio de Giles dan cuenta del hecho. Interviene la justicia mercedina. \u00abSe conoci\u00f3 un hecho aberrante: un menor de 14 &#8230; <a title=\"En Giles denuncian que tortur\u00f3 a una ni\u00f1o con discapacidad y qued\u00f3 libre\" class=\"read-more\" href=\"https:\/\/www.hoymercedes.com.ar\/principal\/2022\/02\/07\/en-giles-denuncian-que-torturo-a-una-nino-con-discapacidad-y-quedo-libre\/\" aria-label=\"Leer m\u00e1s sobre En Giles denuncian que tortur\u00f3 a una ni\u00f1o con discapacidad y qued\u00f3 libre\">Leer m\u00e1s<\/a><\/p>\n","protected":false},"author":1,"featured_media":143743,"comment_status":"closed","ping_status":"open","sticky":false,"template":"","format":"standard","meta":{"_monsterinsights_skip_tracking":false,"_monsterinsights_sitenote_active":false,"_monsterinsights_sitenote_note":"","_monsterinsights_sitenote_category":0,"jetpack_post_was_ever_published":false,"_jetpack_newsletter_access":"","_jetpack_dont_email_post_to_subs":false,"_jetpack_newsletter_tier_id":0,"_jetpack_memberships_contains_paywalled_content":false,"_jetpack_memberships_contains_paid_content":false,"footnotes":"","jetpack_publicize_message":"","jetpack_publicize_feature_enabled":true,"jetpack_social_post_already_shared":true,"jetpack_social_options":{"image_generator_settings":{"template":"highway","default_image_id":0,"font":"","enabled":false},"version":2},"_wpas_customize_per_network":false},"categories":[85],"tags":[18220],"class_list":["post-143742","post","type-post","status-publish","format-standard","has-post-thumbnail","hentry","category-policial","tag-torturas-en-giles","generate-columns","tablet-grid-50","mobile-grid-100","grid-parent","grid-50"],"jetpack_publicize_connections":[],"jetpack_featured_media_url":"https:\/\/www.hoymercedes.com.ar\/principal\/wp-content\/uploads\/2022\/02\/Tortura-Giles.jpg","wps_subtitle":"Grave denuncia","jetpack_sharing_enabled":true,"_links":{"self":[{"href":"https:\/\/www.hoymercedes.com.ar\/principal\/wp-json\/wp\/v2\/posts\/143742","targetHints":{"allow":["GET"]}}],"collection":[{"href":"https:\/\/www.hoymercedes.com.ar\/principal\/wp-json\/wp\/v2\/posts"}],"about":[{"href":"https:\/\/www.hoymercedes.com.ar\/principal\/wp-json\/wp\/v2\/types\/post"}],"author":[{"embeddable":true,"href":"https:\/\/www.hoymercedes.com.ar\/principal\/wp-json\/wp\/v2\/users\/1"}],"replies":[{"embeddable":true,"href":"https:\/\/www.hoymercedes.com.ar\/principal\/wp-json\/wp\/v2\/comments?post=143742"}],"version-history":[{"count":0,"href":"https:\/\/www.hoymercedes.com.ar\/principal\/wp-json\/wp\/v2\/posts\/143742\/revisions"}],"wp:featuredmedia":[{"embeddable":true,"href":"https:\/\/www.hoymercedes.com.ar\/principal\/wp-json\/wp\/v2\/media\/143743"}],"wp:attachment":[{"href":"https:\/\/www.hoymercedes.com.ar\/principal\/wp-json\/wp\/v2\/media?parent=143742"}],"wp:term":[{"taxonomy":"category","embeddable":true,"href":"https:\/\/www.hoymercedes.com.ar\/principal\/wp-json\/wp\/v2\/categories?post=143742"},{"taxonomy":"post_tag","embeddable":true,"href":"https:\/\/www.hoymercedes.com.ar\/principal\/wp-json\/wp\/v2\/tags?post=143742"}],"curies":[{"name":"wp","href":"https:\/\/api.w.org\/{rel}","templated":true}]}}