{"id":143774,"date":"2022-02-09T08:15:00","date_gmt":"2022-02-09T11:15:00","guid":{"rendered":"https:\/\/www.hoymercedes.com.ar\/principal\/?p=143774"},"modified":"2022-02-08T23:35:56","modified_gmt":"2022-02-09T02:35:56","slug":"investigan-y-alertan-sobre-estar-atentos-por-cuentos-del-tio","status":"publish","type":"post","link":"https:\/\/www.hoymercedes.com.ar\/principal\/2022\/02\/09\/investigan-y-alertan-sobre-estar-atentos-por-cuentos-del-tio\/","title":{"rendered":"Investigan y alertan sobre estar atentos por \u201ccuentos del t\u00edo\u201d"},"content":{"rendered":"\n<p><\/p>\n\n\n\n<p>La Secretar\u00eda de Seguridad inform\u00f3 a la poblaci\u00f3n que durante las \u00faltimas 48hs hab\u00eda recibido llamados de alerta respecto a posibles secuestros virtuales. La situaci\u00f3n puso en alerta a las fuerzas de seguridad quienes iniciaron las investigaciones pertinentes.<\/p>\n\n\n\n<p>Finalmente, el resultado fue negativo. \u201cHemos observado y seguido detenidamente la situaci\u00f3n. Las familias para bien no han ca\u00eddo en el intento delictivo. Es muy positivo que entre todas y todos, como comunidad, sigamos alertas\u201d afirm\u00f3 Gonzalo Anselmo.<\/p>\n\n\n\n<p>Se narr\u00f3 que se vivieron instancias \u201cconocidas como secuestros virtuales, donde simulando tener un familiar secuestrado, se exigen sumas de dinero a cambio de su liberaci\u00f3n. Dichos llamados arrojaron un resultado negativo, dado que los vecinos contactados no cayeron en la estafa\u201d informaron desde el \u00e1rea de seguridad.<\/p>\n\n\n\n<p>A su vez, y sumamente importante, destacaron que \u201calertamos a la poblaci\u00f3n que hay delincuentes intentando consumar este tipo de hechos y que \u00e9sta Secretar\u00eda se encuentra trabajando activamente para dar con los responsables\u201d y que son intervenciones que se dan \u201cen toda la regi\u00f3n\u201d.<\/p>\n\n\n\n<p>Se solicita a las y los vecinos que ante cualquier llamado sospechoso corten la comunicaci\u00f3n y den aviso al 911 o al 147.<\/p>\n","protected":false},"excerpt":{"rendered":"<p>La Secretar\u00eda de Seguridad inform\u00f3 a la poblaci\u00f3n que durante las \u00faltimas 48hs hab\u00eda recibido llamados de alerta respecto a &#8230; <a title=\"Investigan y alertan sobre estar atentos por \u201ccuentos del t\u00edo\u201d\" class=\"read-more\" href=\"https:\/\/www.hoymercedes.com.ar\/principal\/2022\/02\/09\/investigan-y-alertan-sobre-estar-atentos-por-cuentos-del-tio\/\" aria-label=\"Leer m\u00e1s sobre Investigan y alertan sobre estar atentos por \u201ccuentos del t\u00edo\u201d\">Leer m\u00e1s<\/a><\/p>\n","protected":false},"author":1,"featured_media":143775,"comment_status":"closed","ping_status":"open","sticky":false,"template":"","format":"standard","meta":{"_monsterinsights_skip_tracking":false,"_monsterinsights_sitenote_active":false,"_monsterinsights_sitenote_note":"","_monsterinsights_sitenote_category":0,"jetpack_post_was_ever_published":false,"_jetpack_newsletter_access":"","_jetpack_dont_email_post_to_subs":false,"_jetpack_newsletter_tier_id":0,"_jetpack_memberships_contains_paywalled_content":false,"_jetpack_memberships_contains_paid_content":false,"footnotes":"","jetpack_publicize_message":"","jetpack_publicize_feature_enabled":true,"jetpack_social_post_already_shared":true,"jetpack_social_options":{"image_generator_settings":{"template":"highway","default_image_id":0,"font":"","enabled":false},"version":2},"_wpas_customize_per_network":false},"categories":[85],"tags":[17481,18226],"class_list":["post-143774","post","type-post","status-publish","format-standard","has-post-thumbnail","hentry","category-policial","tag-anselmo","tag-cuento-del-tio-2","generate-columns","tablet-grid-50","mobile-grid-100","grid-parent","grid-50"],"jetpack_publicize_connections":[],"jetpack_featured_media_url":"https:\/\/www.hoymercedes.com.ar\/principal\/wp-content\/uploads\/2022\/02\/Info.jpeg","wps_subtitle":"","jetpack_sharing_enabled":true,"_links":{"self":[{"href":"https:\/\/www.hoymercedes.com.ar\/principal\/wp-json\/wp\/v2\/posts\/143774","targetHints":{"allow":["GET"]}}],"collection":[{"href":"https:\/\/www.hoymercedes.com.ar\/principal\/wp-json\/wp\/v2\/posts"}],"about":[{"href":"https:\/\/www.hoymercedes.com.ar\/principal\/wp-json\/wp\/v2\/types\/post"}],"author":[{"embeddable":true,"href":"https:\/\/www.hoymercedes.com.ar\/principal\/wp-json\/wp\/v2\/users\/1"}],"replies":[{"embeddable":true,"href":"https:\/\/www.hoymercedes.com.ar\/principal\/wp-json\/wp\/v2\/comments?post=143774"}],"version-history":[{"count":0,"href":"https:\/\/www.hoymercedes.com.ar\/principal\/wp-json\/wp\/v2\/posts\/143774\/revisions"}],"wp:featuredmedia":[{"embeddable":true,"href":"https:\/\/www.hoymercedes.com.ar\/principal\/wp-json\/wp\/v2\/media\/143775"}],"wp:attachment":[{"href":"https:\/\/www.hoymercedes.com.ar\/principal\/wp-json\/wp\/v2\/media?parent=143774"}],"wp:term":[{"taxonomy":"category","embeddable":true,"href":"https:\/\/www.hoymercedes.com.ar\/principal\/wp-json\/wp\/v2\/categories?post=143774"},{"taxonomy":"post_tag","embeddable":true,"href":"https:\/\/www.hoymercedes.com.ar\/principal\/wp-json\/wp\/v2\/tags?post=143774"}],"curies":[{"name":"wp","href":"https:\/\/api.w.org\/{rel}","templated":true}]}}