{"id":143926,"date":"2022-02-14T19:03:40","date_gmt":"2022-02-14T22:03:40","guid":{"rendered":"https:\/\/www.hoymercedes.com.ar\/principal\/?p=143926"},"modified":"2022-02-14T23:42:49","modified_gmt":"2022-02-15T02:42:49","slug":"mercedina-pierde-la-vida-en-siniestro-vial-en-ruta-no41","status":"publish","type":"post","link":"https:\/\/www.hoymercedes.com.ar\/principal\/2022\/02\/14\/mercedina-pierde-la-vida-en-siniestro-vial-en-ruta-no41\/","title":{"rendered":"Mercedina pierde la vida en siniestro vial en Ruta N\u00ba41"},"content":{"rendered":"\n<div class=\"wp-block-image\"><figure class=\"alignleft size-full is-resized\"><img loading=\"lazy\" decoding=\"async\" data-attachment-id=\"143927\" data-permalink=\"https:\/\/www.hoymercedes.com.ar\/principal\/2022\/02\/14\/mercedina-pierde-la-vida-en-siniestro-vial-en-ruta-no41\/274138163_356807039383374_1232221354027282041_n\/#main\" data-orig-file=\"https:\/\/www.hoymercedes.com.ar\/principal\/wp-content\/uploads\/2022\/02\/274138163_356807039383374_1232221354027282041_n.jpg\" data-orig-size=\"800,714\" data-comments-opened=\"0\" data-image-meta=\"{&quot;aperture&quot;:&quot;0&quot;,&quot;credit&quot;:&quot;&quot;,&quot;camera&quot;:&quot;&quot;,&quot;caption&quot;:&quot;&quot;,&quot;created_timestamp&quot;:&quot;0&quot;,&quot;copyright&quot;:&quot;&quot;,&quot;focal_length&quot;:&quot;0&quot;,&quot;iso&quot;:&quot;0&quot;,&quot;shutter_speed&quot;:&quot;0&quot;,&quot;title&quot;:&quot;&quot;,&quot;orientation&quot;:&quot;0&quot;}\" data-image-title=\"274138163_356807039383374_1232221354027282041_n\" data-image-description=\"\" data-image-caption=\"\" data-large-file=\"https:\/\/www.hoymercedes.com.ar\/principal\/wp-content\/uploads\/2022\/02\/274138163_356807039383374_1232221354027282041_n.jpg\" src=\"https:\/\/www.hoymercedes.com.ar\/principal\/wp-content\/uploads\/2022\/02\/274138163_356807039383374_1232221354027282041_n.jpg\" alt=\"\" class=\"wp-image-143927\" width=\"957\" height=\"854\" srcset=\"https:\/\/www.hoymercedes.com.ar\/principal\/wp-content\/uploads\/2022\/02\/274138163_356807039383374_1232221354027282041_n.jpg 800w, https:\/\/www.hoymercedes.com.ar\/principal\/wp-content\/uploads\/2022\/02\/274138163_356807039383374_1232221354027282041_n-630x562.jpg 630w, https:\/\/www.hoymercedes.com.ar\/principal\/wp-content\/uploads\/2022\/02\/274138163_356807039383374_1232221354027282041_n-150x134.jpg 150w\" sizes=\"auto, (max-width: 957px) 100vw, 957px\" \/><\/figure><\/div>\n\n\n\n<p>El siniestro vial se produjo cerca del ingreso a Navarro cuando el veh\u00edculo en el que se manejaba volc\u00f3. Se movilizaba en un Peugeot 208. Se esperan mayores precisiones desde lo peritajes. La v\u00edctima ten\u00eda 50 a\u00f1os de edad.<\/p>\n\n\n\n<p>El nombre de la v\u00edctima circul\u00f3 extraoficialemente, pero no hay a\u00fan un parte oficial, pero s\u00ed que es mercedina.<\/p>\n\n\n\n<figure class=\"wp-block-image size-full\"><img loading=\"lazy\" decoding=\"async\" width=\"942\" height=\"789\" data-attachment-id=\"143930\" data-permalink=\"https:\/\/www.hoymercedes.com.ar\/principal\/siniestro-navarro-muerta\/\" data-orig-file=\"https:\/\/www.hoymercedes.com.ar\/principal\/wp-content\/uploads\/2022\/02\/siniestro-navarro-muerta.jpg\" data-orig-size=\"942,789\" data-comments-opened=\"0\" data-image-meta=\"{&quot;aperture&quot;:&quot;0&quot;,&quot;credit&quot;:&quot;&quot;,&quot;camera&quot;:&quot;&quot;,&quot;caption&quot;:&quot;&quot;,&quot;created_timestamp&quot;:&quot;0&quot;,&quot;copyright&quot;:&quot;&quot;,&quot;focal_length&quot;:&quot;0&quot;,&quot;iso&quot;:&quot;0&quot;,&quot;shutter_speed&quot;:&quot;0&quot;,&quot;title&quot;:&quot;&quot;,&quot;orientation&quot;:&quot;0&quot;}\" data-image-title=\"siniestro navarro muerta\" data-image-description=\"\" data-image-caption=\"\" data-large-file=\"https:\/\/www.hoymercedes.com.ar\/principal\/wp-content\/uploads\/2022\/02\/siniestro-navarro-muerta.jpg\" src=\"https:\/\/www.hoymercedes.com.ar\/principal\/wp-content\/uploads\/2022\/02\/siniestro-navarro-muerta.jpg\" alt=\"\" class=\"wp-image-143930\" srcset=\"https:\/\/www.hoymercedes.com.ar\/principal\/wp-content\/uploads\/2022\/02\/siniestro-navarro-muerta.jpg 942w, https:\/\/www.hoymercedes.com.ar\/principal\/wp-content\/uploads\/2022\/02\/siniestro-navarro-muerta-630x528.jpg 630w, https:\/\/www.hoymercedes.com.ar\/principal\/wp-content\/uploads\/2022\/02\/siniestro-navarro-muerta-150x126.jpg 150w\" sizes=\"auto, (max-width: 942px) 100vw, 942px\" \/><\/figure>\n\n\n\n<p>El siniestro fatal fue cerca del acceso a Navarro y entre dicha ciudad y Mercedes.<\/p>\n\n\n\n<p>En el veh\u00edculo viajaba s\u00f3lo la v\u00edctima.<\/p>\n\n\n\n<figure class=\"wp-block-image size-large\"><img loading=\"lazy\" decoding=\"async\" width=\"1024\" height=\"768\" data-attachment-id=\"143931\" data-permalink=\"https:\/\/www.hoymercedes.com.ar\/principal\/2022\/02\/14\/mercedina-pierde-la-vida-en-siniestro-vial-en-ruta-no41\/vuelcan-si-en-41-3\/#main\" data-orig-file=\"https:\/\/www.hoymercedes.com.ar\/principal\/wp-content\/uploads\/2022\/02\/vuelcan-si-en-41-3.jpg\" data-orig-size=\"1280,960\" data-comments-opened=\"0\" data-image-meta=\"{&quot;aperture&quot;:&quot;0&quot;,&quot;credit&quot;:&quot;&quot;,&quot;camera&quot;:&quot;&quot;,&quot;caption&quot;:&quot;&quot;,&quot;created_timestamp&quot;:&quot;0&quot;,&quot;copyright&quot;:&quot;&quot;,&quot;focal_length&quot;:&quot;0&quot;,&quot;iso&quot;:&quot;0&quot;,&quot;shutter_speed&quot;:&quot;0&quot;,&quot;title&quot;:&quot;&quot;,&quot;orientation&quot;:&quot;0&quot;}\" data-image-title=\"vuelcan-si-en-41-3\" data-image-description=\"\" data-image-caption=\"\" data-large-file=\"https:\/\/www.hoymercedes.com.ar\/principal\/wp-content\/uploads\/2022\/02\/vuelcan-si-en-41-3-1024x768.jpg\" src=\"https:\/\/www.hoymercedes.com.ar\/principal\/wp-content\/uploads\/2022\/02\/vuelcan-si-en-41-3-1024x768.jpg\" alt=\"\" class=\"wp-image-143931\" srcset=\"https:\/\/www.hoymercedes.com.ar\/principal\/wp-content\/uploads\/2022\/02\/vuelcan-si-en-41-3-1024x768.jpg 1024w, https:\/\/www.hoymercedes.com.ar\/principal\/wp-content\/uploads\/2022\/02\/vuelcan-si-en-41-3-630x473.jpg 630w, https:\/\/www.hoymercedes.com.ar\/principal\/wp-content\/uploads\/2022\/02\/vuelcan-si-en-41-3-150x113.jpg 150w, https:\/\/www.hoymercedes.com.ar\/principal\/wp-content\/uploads\/2022\/02\/vuelcan-si-en-41-3.jpg 1280w\" sizes=\"auto, (max-width: 1024px) 100vw, 1024px\" \/><figcaption>Foto: El Navarrero<\/figcaption><\/figure>\n\n\n\n<p>Actualizaci\u00f3n: La victima fue identificada como Patricia Castagneto, docente de la EP N\u00ba13. <\/p>\n","protected":false},"excerpt":{"rendered":"<p>El siniestro vial se produjo cerca del ingreso a Navarro cuando el veh\u00edculo en el que se manejaba volc\u00f3. Se &#8230; <a title=\"Mercedina pierde la vida en siniestro vial en Ruta N\u00ba41\" class=\"read-more\" href=\"https:\/\/www.hoymercedes.com.ar\/principal\/2022\/02\/14\/mercedina-pierde-la-vida-en-siniestro-vial-en-ruta-no41\/\" aria-label=\"Leer m\u00e1s sobre Mercedina pierde la vida en siniestro vial en Ruta N\u00ba41\">Leer m\u00e1s<\/a><\/p>\n","protected":false},"author":1,"featured_media":143928,"comment_status":"closed","ping_status":"open","sticky":false,"template":"","format":"standard","meta":{"_monsterinsights_skip_tracking":false,"_monsterinsights_sitenote_active":false,"_monsterinsights_sitenote_note":"","_monsterinsights_sitenote_category":0,"jetpack_post_was_ever_published":false,"_jetpack_newsletter_access":"","_jetpack_dont_email_post_to_subs":false,"_jetpack_newsletter_tier_id":0,"_jetpack_memberships_contains_paywalled_content":false,"_jetpack_memberships_contains_paid_content":false,"footnotes":"","jetpack_publicize_message":"","jetpack_publicize_feature_enabled":true,"jetpack_social_post_already_shared":true,"jetpack_social_options":{"image_generator_settings":{"template":"highway","default_image_id":0,"font":"","enabled":false},"version":2},"_wpas_customize_per_network":false},"categories":[85],"tags":[18237],"class_list":["post-143926","post","type-post","status-publish","format-standard","has-post-thumbnail","hentry","category-policial","tag-siniestro-vial-navarro","generate-columns","tablet-grid-50","mobile-grid-100","grid-parent","grid-50"],"jetpack_publicize_connections":[],"jetpack_featured_media_url":"https:\/\/www.hoymercedes.com.ar\/principal\/wp-content\/uploads\/2022\/02\/siniestro-navarro-mierta-2.jpg","wps_subtitle":"Siniestro vial ","jetpack_sharing_enabled":true,"_links":{"self":[{"href":"https:\/\/www.hoymercedes.com.ar\/principal\/wp-json\/wp\/v2\/posts\/143926","targetHints":{"allow":["GET"]}}],"collection":[{"href":"https:\/\/www.hoymercedes.com.ar\/principal\/wp-json\/wp\/v2\/posts"}],"about":[{"href":"https:\/\/www.hoymercedes.com.ar\/principal\/wp-json\/wp\/v2\/types\/post"}],"author":[{"embeddable":true,"href":"https:\/\/www.hoymercedes.com.ar\/principal\/wp-json\/wp\/v2\/users\/1"}],"replies":[{"embeddable":true,"href":"https:\/\/www.hoymercedes.com.ar\/principal\/wp-json\/wp\/v2\/comments?post=143926"}],"version-history":[{"count":0,"href":"https:\/\/www.hoymercedes.com.ar\/principal\/wp-json\/wp\/v2\/posts\/143926\/revisions"}],"wp:featuredmedia":[{"embeddable":true,"href":"https:\/\/www.hoymercedes.com.ar\/principal\/wp-json\/wp\/v2\/media\/143928"}],"wp:attachment":[{"href":"https:\/\/www.hoymercedes.com.ar\/principal\/wp-json\/wp\/v2\/media?parent=143926"}],"wp:term":[{"taxonomy":"category","embeddable":true,"href":"https:\/\/www.hoymercedes.com.ar\/principal\/wp-json\/wp\/v2\/categories?post=143926"},{"taxonomy":"post_tag","embeddable":true,"href":"https:\/\/www.hoymercedes.com.ar\/principal\/wp-json\/wp\/v2\/tags?post=143926"}],"curies":[{"name":"wp","href":"https:\/\/api.w.org\/{rel}","templated":true}]}}