{"id":143988,"date":"2022-02-15T22:00:00","date_gmt":"2022-02-16T01:00:00","guid":{"rendered":"https:\/\/www.hoymercedes.com.ar\/principal\/?p=143988"},"modified":"2022-02-15T20:53:38","modified_gmt":"2022-02-15T23:53:38","slug":"todo-listo-para-el-festival-de-tango-rafael-rossi-este-fin-de-semana","status":"publish","type":"post","link":"https:\/\/www.hoymercedes.com.ar\/principal\/2022\/02\/15\/todo-listo-para-el-festival-de-tango-rafael-rossi-este-fin-de-semana\/","title":{"rendered":"Todo listo para el \u201cFestival de Tango Rafael Rossi\u201d este fin de semana"},"content":{"rendered":"\n<div class=\"wp-block-image\"><figure class=\"aligncenter size-full\"><img loading=\"lazy\" decoding=\"async\" width=\"922\" height=\"615\" data-attachment-id=\"143989\" data-permalink=\"https:\/\/www.hoymercedes.com.ar\/principal\/2022\/02\/15\/todo-listo-para-el-festival-de-tango-rafael-rossi-este-fin-de-semana\/sja_8174-2\/#main\" data-orig-file=\"https:\/\/www.hoymercedes.com.ar\/principal\/wp-content\/uploads\/2022\/02\/SJA_8174.jpg\" data-orig-size=\"922,615\" data-comments-opened=\"0\" data-image-meta=\"{&quot;aperture&quot;:&quot;0&quot;,&quot;credit&quot;:&quot;SEBASTIANAMBROSSIO&quot;,&quot;camera&quot;:&quot;&quot;,&quot;caption&quot;:&quot;&quot;,&quot;created_timestamp&quot;:&quot;0&quot;,&quot;copyright&quot;:&quot;SebastianAmbrossio&quot;,&quot;focal_length&quot;:&quot;0&quot;,&quot;iso&quot;:&quot;0&quot;,&quot;shutter_speed&quot;:&quot;0&quot;,&quot;title&quot;:&quot;&quot;,&quot;orientation&quot;:&quot;0&quot;}\" data-image-title=\"SJA_8174\" data-image-description=\"\" data-image-caption=\"\" data-large-file=\"https:\/\/www.hoymercedes.com.ar\/principal\/wp-content\/uploads\/2022\/02\/SJA_8174.jpg\" src=\"https:\/\/www.hoymercedes.com.ar\/principal\/wp-content\/uploads\/2022\/02\/SJA_8174.jpg\" alt=\"\" class=\"wp-image-143989\" srcset=\"https:\/\/www.hoymercedes.com.ar\/principal\/wp-content\/uploads\/2022\/02\/SJA_8174.jpg 922w, https:\/\/www.hoymercedes.com.ar\/principal\/wp-content\/uploads\/2022\/02\/SJA_8174-630x420.jpg 630w, https:\/\/www.hoymercedes.com.ar\/principal\/wp-content\/uploads\/2022\/02\/SJA_8174-150x100.jpg 150w\" sizes=\"auto, (max-width: 922px) 100vw, 922px\" \/><\/figure><\/div>\n\n\n\n<p>La propuesta cultural ser\u00e1 el 18, 18 y 20 de febrero frente al Palacio Municipal<strong>. <\/strong>Alejandro \u201cComequechu\u201d Villalba manifest\u00f3 \u201cestamos muy ansiosos, la verdad que vamos a tener una grilla impresionante de artistas, nos pone muy contentos\u201d. Es libre, p\u00fablico y gratuito y qui\u00e9n lo desee tambi\u00e9n puede adquirir una mesa con sillas a trav\u00e9s de bono colaboraci\u00f3n.<\/p>\n\n\n\n<p>M\u00e1s adelante mencion\u00f3 \u201cagradecemos al intendente Ustarroz y a cada trabajador y trabajadora de la Direcci\u00f3n de Cultura que han trabajado much\u00edsimo para poder llevar adelante este festival, como as\u00ed tambi\u00e9n al Ministerio de Cultura de la Naci\u00f3n que desde el primer momento nos brind\u00f3 un apoyo muy grande\u201d.&nbsp; &nbsp;<\/p>\n\n\n\n<p><strong>Reservas<\/strong><\/p>\n\n\n\n<p>Conjuntamente, remarc\u00f3 \u201ctodo estar\u00e1 dispuesto frente al palacio Municipal, vamos a poner mesas y sillas que se podr\u00e1n reservar -1 mesa con 4 sillas- con un bono contribuci\u00f3n de 600 pesos. Quienes est\u00e9n interesados pueden llamar al 15587353 o al 15650065 hasta las 15:00 horas, para de esa manera, quienes concurran tengan la mesa con su nombre\u201d y se\u00f1al\u00f3 \u201chabr\u00e1 una cantina que estar\u00e1 a cargo de Los Amigos Pe\u00f1eros sumado al servicio de los bares que est\u00e1n en la zona de la plaza\u201d.<\/p>\n\n\n\n<p><strong>Variedades<\/strong><\/p>\n\n\n\n<p>Asimismo, Villalba inform\u00f3 \u201cel festival arranca el viernes, en el teatro Argentino en sala A, donde en primera instancia habr\u00e1 un conversatorio de la industria discogr\u00e1fica denominado \u201cDe la p\u00faa al streaming\u201d y una obra de teatro \u201cYa no tengo la dulzura de tus besos\u201d, para estas actividades se retiran las entradas en el teatro a partir de este martes 15, de 08:00 a 14:00 horas, todo gratis\u201d y agreg\u00f3 \u201cel s\u00e1bado arrancamos, frente al Palacio Municipal, a las 18:15 horas, con la Escuela Municipal de Tango, seguido por Est\u00edmulo Dance, luego canta Malena Rossi, la sigue el Quinteto \u201cEtiqueta Rota\u201d, La Negracha, Angelito Mart\u00ednez, luego \u201cPatota\u201d Aschero. A continuaci\u00f3n, una exhibici\u00f3n de baile \u201cDesde el Alma\u201d, sigue Mariana Maz\u00fa y cierra Cucuza Castiello\u201d.<\/p>\n\n\n\n<p>Y continu\u00f3 \u201cel domingo comienza 17:30 horas la Escuela Municipal de Tango, sigue una Cl\u00ednica de interpretaci\u00f3n de Tango dictada por el Chino Laborde, luego el Soco Larralde, seguido por un d\u00fao Manuel Maturo y Florencia Gelvez, seguido por Est\u00edmulo Dance. A continuaci\u00f3n, Pablo Aschero, luego la exhibici\u00f3n de baile \u201cDesde el Alma\u201d, luego la Orquesta Escuela de Bandoneones. Llegando al final de la noche estar\u00e1n el \u201cChino\u201d Laborde, Federico Mizrahi y Lidia Borda, contin\u00faan los campeones mundiales de tango 2018 y se cierra a toda milonga con el Cuarteto \u201cLa Mulenga\u201d.<\/p>\n\n\n\n<p>\u201cSe puede decir que tendremos un escenario de primera calidad\u201d afirm\u00f3 Alejandro Villalba y a\u00f1adi\u00f3 \u201cqueremos que venga todo el mundo porque la verdad tiene un nivel impresionante de artistas, tanto locales como de afuera\u201d. \u00a0\u00a0\u00a0\u00a0\u00a0\u00a0\u00a0<\/p>\n\n\n\n<p>Data: Cultura\u00a0\u00a0\u00a0<\/p>\n","protected":false},"excerpt":{"rendered":"<p>La propuesta cultural ser\u00e1 el 18, 18 y 20 de febrero frente al Palacio Municipal. Alejandro \u201cComequechu\u201d Villalba manifest\u00f3 \u201cestamos &#8230; <a title=\"Todo listo para el \u201cFestival de Tango Rafael Rossi\u201d este fin de semana\" class=\"read-more\" href=\"https:\/\/www.hoymercedes.com.ar\/principal\/2022\/02\/15\/todo-listo-para-el-festival-de-tango-rafael-rossi-este-fin-de-semana\/\" aria-label=\"Leer m\u00e1s sobre Todo listo para el \u201cFestival de Tango Rafael Rossi\u201d este fin de semana\">Leer m\u00e1s<\/a><\/p>\n","protected":false},"author":1,"featured_media":143989,"comment_status":"closed","ping_status":"open","sticky":false,"template":"","format":"standard","meta":{"_monsterinsights_skip_tracking":false,"_monsterinsights_sitenote_active":false,"_monsterinsights_sitenote_note":"","_monsterinsights_sitenote_category":0,"jetpack_post_was_ever_published":false,"_jetpack_newsletter_access":"","_jetpack_dont_email_post_to_subs":false,"_jetpack_newsletter_tier_id":0,"_jetpack_memberships_contains_paywalled_content":false,"_jetpack_memberships_contains_paid_content":false,"footnotes":"","jetpack_publicize_message":"","jetpack_publicize_feature_enabled":true,"jetpack_social_post_already_shared":true,"jetpack_social_options":{"image_generator_settings":{"template":"highway","default_image_id":0,"font":"","enabled":false},"version":2},"_wpas_customize_per_network":false},"categories":[104],"tags":[18240,7805,14138],"class_list":["post-143988","post","type-post","status-publish","format-standard","has-post-thumbnail","hentry","category-cultura","tag-comequechu","tag-cultura","tag-festival-de-tango","generate-columns","tablet-grid-50","mobile-grid-100","grid-parent","grid-50"],"jetpack_publicize_connections":[],"jetpack_featured_media_url":"https:\/\/www.hoymercedes.com.ar\/principal\/wp-content\/uploads\/2022\/02\/SJA_8174.jpg","wps_subtitle":"Cultura &amp; Sociedad ","jetpack_sharing_enabled":true,"_links":{"self":[{"href":"https:\/\/www.hoymercedes.com.ar\/principal\/wp-json\/wp\/v2\/posts\/143988","targetHints":{"allow":["GET"]}}],"collection":[{"href":"https:\/\/www.hoymercedes.com.ar\/principal\/wp-json\/wp\/v2\/posts"}],"about":[{"href":"https:\/\/www.hoymercedes.com.ar\/principal\/wp-json\/wp\/v2\/types\/post"}],"author":[{"embeddable":true,"href":"https:\/\/www.hoymercedes.com.ar\/principal\/wp-json\/wp\/v2\/users\/1"}],"replies":[{"embeddable":true,"href":"https:\/\/www.hoymercedes.com.ar\/principal\/wp-json\/wp\/v2\/comments?post=143988"}],"version-history":[{"count":0,"href":"https:\/\/www.hoymercedes.com.ar\/principal\/wp-json\/wp\/v2\/posts\/143988\/revisions"}],"wp:featuredmedia":[{"embeddable":true,"href":"https:\/\/www.hoymercedes.com.ar\/principal\/wp-json\/wp\/v2\/media\/143989"}],"wp:attachment":[{"href":"https:\/\/www.hoymercedes.com.ar\/principal\/wp-json\/wp\/v2\/media?parent=143988"}],"wp:term":[{"taxonomy":"category","embeddable":true,"href":"https:\/\/www.hoymercedes.com.ar\/principal\/wp-json\/wp\/v2\/categories?post=143988"},{"taxonomy":"post_tag","embeddable":true,"href":"https:\/\/www.hoymercedes.com.ar\/principal\/wp-json\/wp\/v2\/tags?post=143988"}],"curies":[{"name":"wp","href":"https:\/\/api.w.org\/{rel}","templated":true}]}}