{"id":14400,"date":"2012-07-10T01:36:34","date_gmt":"2012-07-10T01:36:34","guid":{"rendered":"http:\/\/www.hoymercedes.com.ar\/principal\/?p=14400"},"modified":"2012-07-10T01:36:34","modified_gmt":"2012-07-10T01:36:34","slug":"selva-en-navarro-por-el-9-de-julio-junto-a-ministros-provinciales-y-autoridades-locales","status":"publish","type":"post","link":"https:\/\/www.hoymercedes.com.ar\/principal\/2012\/07\/10\/selva-en-navarro-por-el-9-de-julio-junto-a-ministros-provinciales-y-autoridades-locales\/","title":{"rendered":"Selva en Navarro por el 9 de julio junto a Ministros Provinciales y autoridades locales"},"content":{"rendered":"<p><a href=\"https:\/\/www.hoymercedes.com.ar\/principal\/wp-content\/uploads\/2012\/07\/Selva-Navarro-Rodriguez.jpg\"><img loading=\"lazy\" decoding=\"async\" data-attachment-id=\"14402\" data-permalink=\"https:\/\/www.hoymercedes.com.ar\/principal\/2012\/07\/10\/selva-en-navarro-por-el-9-de-julio-junto-a-ministros-provinciales-y-autoridades-locales\/selva-navarro-rodriguez\/#main\" data-orig-file=\"https:\/\/www.hoymercedes.com.ar\/principal\/wp-content\/uploads\/2012\/07\/Selva-Navarro-Rodriguez.jpg\" data-orig-size=\"614,461\" data-comments-opened=\"1\" data-image-meta=\"{&quot;aperture&quot;:&quot;4.2&quot;,&quot;credit&quot;:&quot;&quot;,&quot;camera&quot;:&quot;KODAK EASYSHARE Z915 DIGITAL CAMERA&quot;,&quot;caption&quot;:&quot;&quot;,&quot;created_timestamp&quot;:&quot;1341842118&quot;,&quot;copyright&quot;:&quot;&quot;,&quot;focal_length&quot;:&quot;16.3&quot;,&quot;iso&quot;:&quot;64&quot;,&quot;shutter_speed&quot;:&quot;0.00625&quot;,&quot;title&quot;:&quot;&quot;}\" data-image-title=\"Selva-Navarro-Rodriguez\" data-image-description=\"\" data-image-caption=\"\" data-large-file=\"https:\/\/www.hoymercedes.com.ar\/principal\/wp-content\/uploads\/2012\/07\/Selva-Navarro-Rodriguez.jpg\" class=\"aligncenter size-full wp-image-14402\" title=\"Selva-Navarro-Rodriguez\" src=\"https:\/\/www.hoymercedes.com.ar\/principal\/wp-content\/uploads\/2012\/07\/Selva-Navarro-Rodriguez.jpg\" alt=\"\" width=\"614\" height=\"461\" \/><\/a><\/p>\n<p>El Intendente Selva acompa\u00f1o los festejos por el D\u00eda de la Independencia en la ciudad de Navarro<\/p>\n<p>Desde las 11hs comenzaron las distintas actividades programadas para el Dia de la Independencia, en la ciudad de Navarro. En calle 7 y 107, se llevo adelante un desfile c\u00edvico-militar, entre lo que es la Plaza San Lorenzo y el Palacio Municipal de esa ciudad. En esta oportunidad acompa\u00f1aron al Intendente Santiago Maggiotti, la Ministra de Gobierno de la Provincia de Bs As Cristina Alvares Rodriguez, el Secretario de Turismo de la provincia Lic. Ignacio Crotto, el Intendente Municipal del Partido de Mercedes Carlos A. Selva y el Intendente Municipal de General Rodriguez, Juan Pablo Angelleri, entre otras autoridades.<\/p>\n<p>Las primeras palabras fueron las de la Ministra de Gobierno de la Provincia de Bs As Cristina Alvares Rodriguez quien sostuvo que \u201cen este aniversario de la Patria no s\u00f3lo queremos recordar a los pr\u00f3ceres de la Independencia, sino tambi\u00e9n a los h\u00e9roes de Malvinas y los 30.000 desparecidos durante la \u00faltima dictadura militar\u201d.<\/p>\n<p>Haciendo historia, tambi\u00e9n record\u00f3 en su discurso al \u201cfederal\u201d Manuel Dorrego, quien fuera fusilado por orden de Lavalle en Navarro, el 13 de diciembre de 1828 \u201cun h\u00e9roe del federalismo que constituye un espejo donde mirarnos para construir unidos una Patria cada d\u00eda m\u00e1s justa, solidaria, libre y soberana.\u201d<\/p>\n<p><a href=\"https:\/\/www.hoymercedes.com.ar\/principal\/wp-content\/uploads\/2012\/07\/Selva-Rodriguez1.jpg\"><img loading=\"lazy\" decoding=\"async\" data-attachment-id=\"14404\" data-permalink=\"https:\/\/www.hoymercedes.com.ar\/principal\/2012\/07\/10\/selva-en-navarro-por-el-9-de-julio-junto-a-ministros-provinciales-y-autoridades-locales\/selva-rodriguez-2\/#main\" data-orig-file=\"https:\/\/www.hoymercedes.com.ar\/principal\/wp-content\/uploads\/2012\/07\/Selva-Rodriguez1.jpg\" data-orig-size=\"614,461\" data-comments-opened=\"1\" data-image-meta=\"{&quot;aperture&quot;:&quot;3.5&quot;,&quot;credit&quot;:&quot;&quot;,&quot;camera&quot;:&quot;KODAK EASYSHARE Z915 DIGITAL CAMERA&quot;,&quot;caption&quot;:&quot;&quot;,&quot;created_timestamp&quot;:&quot;1341844050&quot;,&quot;copyright&quot;:&quot;&quot;,&quot;focal_length&quot;:&quot;6.2&quot;,&quot;iso&quot;:&quot;64&quot;,&quot;shutter_speed&quot;:&quot;0.00625&quot;,&quot;title&quot;:&quot;&quot;}\" data-image-title=\"Selva-Rodriguez\" data-image-description=\"\" data-image-caption=\"\" data-large-file=\"https:\/\/www.hoymercedes.com.ar\/principal\/wp-content\/uploads\/2012\/07\/Selva-Rodriguez1.jpg\" class=\"aligncenter size-full wp-image-14404\" title=\"Selva-Rodriguez\" src=\"https:\/\/www.hoymercedes.com.ar\/principal\/wp-content\/uploads\/2012\/07\/Selva-Rodriguez1.jpg\" alt=\"\" width=\"614\" height=\"461\" srcset=\"https:\/\/www.hoymercedes.com.ar\/principal\/wp-content\/uploads\/2012\/07\/Selva-Rodriguez1.jpg 614w, https:\/\/www.hoymercedes.com.ar\/principal\/wp-content\/uploads\/2012\/07\/Selva-Rodriguez1-300x225.jpg 300w\" sizes=\"auto, (max-width: 614px) 100vw, 614px\" \/><\/a><\/p>\n<p>\u201cHoy celebramos que podemos homenajear a nuestros h\u00e9roes de Malvinas porque tenemos un Gobierno Nacional que vuelve a poner el tema en la agenda nacional e internacional y esto es acompa\u00f1ado desde la provincia por el Gobernador Daniel Scioli y por todos los argentinos\u201d dijo Alvarez Rodriguez.<\/p>\n<p>Luego de la entrega de presentes que recibi\u00f3 el Intendente local, se procedi\u00f3 a dar autorizaci\u00f3n para el inicio del desfile.<\/p>\n<p>Acompa\u00f1ado por la Banda de M\u00fasica del Instituto de Capacitaci\u00f3n Especializada para Gendarmer\u00eda Nacional \u201cCabo Juan A. Romero\u201d con asiento en Mercedes, luego de la participaci\u00f3n de instituciones educativas &#8211; primarias y secundarias &#8211; , fuerzas vivas de Navarro, Delegaciones militares, policiales, Bomberos Voluntarios y Centros Tradicionalistas, se llevo adelante lo que dieron en llamar el \u201cDesfile de H\u00e9roes\u201d, con distintos Centros de Ex Combatientes y Veteranos de Guerra de la Regi\u00f3n. Para este segmento, fue convocado el Locutor Oficial de la Municipalidad de Mercedes, Diego Mar\u00fa, quien fue anunciando cada una de las delegaciones presentes. As\u00ed hicieron su paso los representantes de Lobos, Lujan, Mercedes, Suipacha, Campana, Chivilcoy, San Andres de Giles, General Rodriguez, San Martin, San Antonio de Areco, Las Heras, Florencio Varela, Berazategui y Ca\u00f1uelas.<\/p>\n<p>La delegaci\u00f3n Mercedina, integrantes del Centro de Veteranos de Guerra \u201cIslas Malvinas\u201d, fue la que inicio el paso de nuestros h\u00e9roes, encabezados por la Bandera Nacional, portada por el soldado Oscar Ismael Poltronieri, el m\u00e1ximo h\u00e9roe civil, vivo, que tiene la Argentina, certificado con una medalla conformada por una Cruz de Malta en la que brilla un Escudo Nacional y la leyenda \u00abLa Naci\u00f3n Argentina al heroico valor en combate\u00bb<\/p>\n<p>Es de destacar tambi\u00e9n, la presencia del Regimiento de Infanter\u00eda Mecanizada N\u00b0 6, que estuvo en Mercedes hasta el a\u00f1o 1992, hoy con asiento en la localidad de Toay, La Pampa. Los ex integrantes de este regimiento se re\u00fanen a\u00f1o tras a\u00f1o conmemorando cada 2 de Abril. Uno de los puntales de esta uni\u00f3n ha sido quien fuera Jefe del Regimiento durante el conflicto de Malvinas, el hoy retirado Gral. Don Jorge Halperin, quien acompa\u00f1o el desfile junto a las autoridades.<\/p>\n<p>Luego del paso de las agrupaciones gauchas, donde tambi\u00e9n hubo presencias mercedinas, finalizado el desfile, en el predio donde estaba previsto construir la nueva Terminal de Omnibus de Navarro, se presento el artista Luciano Pereyra ofreciendo un recital gratuito para todo el p\u00fablico.<\/p>\n<p>Consultado el Director de Cultura de Navarro, Raul Lambert indico que \u201ccada 9 de Julio, llevaremos adelante este desfile, pero mas que nada para destacar a nuestros h\u00e9roes de Malvinas, por eso esperamos que a\u00f1o tras a\u00f1o, se sumen los distintos Centros de Veteranos y ex Combatientes de todo el pa\u00eds\u201d<\/p>\n","protected":false},"excerpt":{"rendered":"<p>El Intendente Selva acompa\u00f1o los festejos por el D\u00eda de la Independencia en la ciudad de Navarro Desde las 11hs &#8230; <a title=\"Selva en Navarro por el 9 de julio junto a Ministros Provinciales y autoridades locales\" class=\"read-more\" href=\"https:\/\/www.hoymercedes.com.ar\/principal\/2012\/07\/10\/selva-en-navarro-por-el-9-de-julio-junto-a-ministros-provinciales-y-autoridades-locales\/\" aria-label=\"Leer m\u00e1s sobre Selva en Navarro por el 9 de julio junto a Ministros Provinciales y autoridades locales\">Leer m\u00e1s<\/a><\/p>\n","protected":false},"author":1,"featured_media":0,"comment_status":"open","ping_status":"open","sticky":false,"template":"","format":"standard","meta":{"_monsterinsights_skip_tracking":false,"_monsterinsights_sitenote_active":false,"_monsterinsights_sitenote_note":"","_monsterinsights_sitenote_category":0,"jetpack_post_was_ever_published":false,"_jetpack_newsletter_access":"","_jetpack_dont_email_post_to_subs":false,"_jetpack_newsletter_tier_id":0,"_jetpack_memberships_contains_paywalled_content":false,"_jetpack_memberships_contains_paid_content":false,"footnotes":"","jetpack_publicize_message":"","jetpack_publicize_feature_enabled":true,"jetpack_social_post_already_shared":false,"jetpack_social_options":{"image_generator_settings":{"template":"highway","default_image_id":0,"font":"","enabled":false},"version":2},"_wpas_customize_per_network":false},"categories":[5],"tags":[2489,84,2490,18],"class_list":["post-14400","post","type-post","status-publish","format-standard","hentry","category-politica","tag-crotto","tag-navarro","tag-rodriguez","tag-selva","generate-columns","tablet-grid-50","mobile-grid-100","grid-parent","grid-50"],"jetpack_publicize_connections":[],"jetpack_featured_media_url":"","wps_subtitle":"","jetpack_sharing_enabled":true,"_links":{"self":[{"href":"https:\/\/www.hoymercedes.com.ar\/principal\/wp-json\/wp\/v2\/posts\/14400","targetHints":{"allow":["GET"]}}],"collection":[{"href":"https:\/\/www.hoymercedes.com.ar\/principal\/wp-json\/wp\/v2\/posts"}],"about":[{"href":"https:\/\/www.hoymercedes.com.ar\/principal\/wp-json\/wp\/v2\/types\/post"}],"author":[{"embeddable":true,"href":"https:\/\/www.hoymercedes.com.ar\/principal\/wp-json\/wp\/v2\/users\/1"}],"replies":[{"embeddable":true,"href":"https:\/\/www.hoymercedes.com.ar\/principal\/wp-json\/wp\/v2\/comments?post=14400"}],"version-history":[{"count":0,"href":"https:\/\/www.hoymercedes.com.ar\/principal\/wp-json\/wp\/v2\/posts\/14400\/revisions"}],"wp:attachment":[{"href":"https:\/\/www.hoymercedes.com.ar\/principal\/wp-json\/wp\/v2\/media?parent=14400"}],"wp:term":[{"taxonomy":"category","embeddable":true,"href":"https:\/\/www.hoymercedes.com.ar\/principal\/wp-json\/wp\/v2\/categories?post=14400"},{"taxonomy":"post_tag","embeddable":true,"href":"https:\/\/www.hoymercedes.com.ar\/principal\/wp-json\/wp\/v2\/tags?post=14400"}],"curies":[{"name":"wp","href":"https:\/\/api.w.org\/{rel}","templated":true}]}}