{"id":144037,"date":"2022-02-16T21:59:46","date_gmt":"2022-02-17T00:59:46","guid":{"rendered":"https:\/\/www.hoymercedes.com.ar\/principal\/?p=144037"},"modified":"2022-02-16T21:59:51","modified_gmt":"2022-02-17T00:59:51","slug":"robo-un-comercio-y-a-las-dos-cuadras-la-policia-lo-detuvo","status":"publish","type":"post","link":"https:\/\/www.hoymercedes.com.ar\/principal\/2022\/02\/16\/robo-un-comercio-y-a-las-dos-cuadras-la-policia-lo-detuvo\/","title":{"rendered":"Rob\u00f3 un comercio y a las dos cuadras la Polic\u00eda lo detuvo"},"content":{"rendered":"\n<figure class=\"wp-block-image size-full\"><img loading=\"lazy\" decoding=\"async\" width=\"900\" height=\"758\" data-attachment-id=\"144038\" data-permalink=\"https:\/\/www.hoymercedes.com.ar\/principal\/2022\/02\/16\/robo-un-comercio-y-a-las-dos-cuadras-la-policia-lo-detuvo\/detenido-4\/#main\" data-orig-file=\"https:\/\/www.hoymercedes.com.ar\/principal\/wp-content\/uploads\/2022\/02\/Detenido.jpeg\" data-orig-size=\"900,758\" data-comments-opened=\"0\" data-image-meta=\"{&quot;aperture&quot;:&quot;0&quot;,&quot;credit&quot;:&quot;&quot;,&quot;camera&quot;:&quot;&quot;,&quot;caption&quot;:&quot;&quot;,&quot;created_timestamp&quot;:&quot;0&quot;,&quot;copyright&quot;:&quot;&quot;,&quot;focal_length&quot;:&quot;0&quot;,&quot;iso&quot;:&quot;0&quot;,&quot;shutter_speed&quot;:&quot;0&quot;,&quot;title&quot;:&quot;&quot;,&quot;orientation&quot;:&quot;0&quot;}\" data-image-title=\"Detenido\" data-image-description=\"\" data-image-caption=\"\" data-large-file=\"https:\/\/www.hoymercedes.com.ar\/principal\/wp-content\/uploads\/2022\/02\/Detenido.jpeg\" src=\"https:\/\/www.hoymercedes.com.ar\/principal\/wp-content\/uploads\/2022\/02\/Detenido.jpeg\" alt=\"\" class=\"wp-image-144038\" srcset=\"https:\/\/www.hoymercedes.com.ar\/principal\/wp-content\/uploads\/2022\/02\/Detenido.jpeg 900w, https:\/\/www.hoymercedes.com.ar\/principal\/wp-content\/uploads\/2022\/02\/Detenido-630x531.jpeg 630w, https:\/\/www.hoymercedes.com.ar\/principal\/wp-content\/uploads\/2022\/02\/Detenido-150x126.jpeg 150w\" sizes=\"auto, (max-width: 900px) 100vw, 900px\" \/><\/figure>\n\n\n\n<p>Un hombre mayor de edad intent\u00f3 robar la recaudaci\u00f3n de un comercio de la zona c\u00e9ntrica. El comerciante dio aviso al 911 y la Polic\u00eda Comunal que ten\u00eda presencia de efectivos en la zona con sus cuadrillas de prevenci\u00f3n y control en motoveh\u00edculos, r\u00e1pidamente pudo identificarlo, detenerlo y ponerlo a disposici\u00f3n de la justicia que iniciar\u00e1 la correspondiente causa.<\/p>\n\n\n\n<p>Un comerciante de nuestra localidad vivi\u00f3 la tarde de este mi\u00e9rcoles una situaci\u00f3n desagradable cuando un masculino ingresa con intenci\u00f3n de robarle la recaudaci\u00f3n del d\u00eda y el tel\u00e9fono m\u00f3vil. El propietario logr\u00f3 que no se procesa con la intenci\u00f3n dando inmediato aviso al 911. Una motocicleta apostada cerca del lugar arrib\u00f3 r\u00e1pidamente, con inmediato apoyo de un patrullero de cuadr\u00edcula, logrando dar con el sujeto y detenerlo.<\/p>\n\n\n\n<p>Tras la aprehensi\u00f3n detectan que s\u00f3lo hab\u00eda logrado robar una remera y que pose\u00eda un arma (al momento de graficar la noticia se hac\u00eda el peritaje sobre la misma). En principio la car\u00e1tula ser\u00e1 \u201ctentativa de robo con agravado por uso de arma\u201d<\/p>\n\n\n\n<p>Consultado sobre el tema el secretario de seguridad, Gonzalo Anselmo, agradeci\u00f3 \u201cal personal de la Polic\u00eda Comunal que una vez m\u00e1s, atento, comprometido y dedicado da respuestas a la ciudadan\u00eda y en este caso particular ante la solicitud de un comerciante\u201d sostuvo.<\/p>\n\n\n\n<p>El comercio se encuentra en calla 17 y 14 y la detenci\u00f3n fue en 19 y 16.<\/p>\n","protected":false},"excerpt":{"rendered":"<p>Un hombre mayor de edad intent\u00f3 robar la recaudaci\u00f3n de un comercio de la zona c\u00e9ntrica. El comerciante dio aviso &#8230; <a title=\"Rob\u00f3 un comercio y a las dos cuadras la Polic\u00eda lo detuvo\" class=\"read-more\" href=\"https:\/\/www.hoymercedes.com.ar\/principal\/2022\/02\/16\/robo-un-comercio-y-a-las-dos-cuadras-la-policia-lo-detuvo\/\" aria-label=\"Leer m\u00e1s sobre Rob\u00f3 un comercio y a las dos cuadras la Polic\u00eda lo detuvo\">Leer m\u00e1s<\/a><\/p>\n","protected":false},"author":1,"featured_media":144038,"comment_status":"closed","ping_status":"open","sticky":false,"template":"","format":"standard","meta":{"_monsterinsights_skip_tracking":false,"_monsterinsights_sitenote_active":false,"_monsterinsights_sitenote_note":"","_monsterinsights_sitenote_category":0,"jetpack_post_was_ever_published":false,"_jetpack_newsletter_access":"","_jetpack_dont_email_post_to_subs":false,"_jetpack_newsletter_tier_id":0,"_jetpack_memberships_contains_paywalled_content":false,"_jetpack_memberships_contains_paid_content":false,"footnotes":"","jetpack_publicize_message":"","jetpack_publicize_feature_enabled":true,"jetpack_social_post_already_shared":true,"jetpack_social_options":{"image_generator_settings":{"template":"highway","default_image_id":0,"font":"","enabled":false},"version":2},"_wpas_customize_per_network":false},"categories":[85],"tags":[3649],"class_list":["post-144037","post","type-post","status-publish","format-standard","has-post-thumbnail","hentry","category-policial","tag-detenido-por-robo","generate-columns","tablet-grid-50","mobile-grid-100","grid-parent","grid-50"],"jetpack_publicize_connections":[],"jetpack_featured_media_url":"https:\/\/www.hoymercedes.com.ar\/principal\/wp-content\/uploads\/2022\/02\/Detenido.jpeg","wps_subtitle":"Detenido","jetpack_sharing_enabled":true,"_links":{"self":[{"href":"https:\/\/www.hoymercedes.com.ar\/principal\/wp-json\/wp\/v2\/posts\/144037","targetHints":{"allow":["GET"]}}],"collection":[{"href":"https:\/\/www.hoymercedes.com.ar\/principal\/wp-json\/wp\/v2\/posts"}],"about":[{"href":"https:\/\/www.hoymercedes.com.ar\/principal\/wp-json\/wp\/v2\/types\/post"}],"author":[{"embeddable":true,"href":"https:\/\/www.hoymercedes.com.ar\/principal\/wp-json\/wp\/v2\/users\/1"}],"replies":[{"embeddable":true,"href":"https:\/\/www.hoymercedes.com.ar\/principal\/wp-json\/wp\/v2\/comments?post=144037"}],"version-history":[{"count":0,"href":"https:\/\/www.hoymercedes.com.ar\/principal\/wp-json\/wp\/v2\/posts\/144037\/revisions"}],"wp:featuredmedia":[{"embeddable":true,"href":"https:\/\/www.hoymercedes.com.ar\/principal\/wp-json\/wp\/v2\/media\/144038"}],"wp:attachment":[{"href":"https:\/\/www.hoymercedes.com.ar\/principal\/wp-json\/wp\/v2\/media?parent=144037"}],"wp:term":[{"taxonomy":"category","embeddable":true,"href":"https:\/\/www.hoymercedes.com.ar\/principal\/wp-json\/wp\/v2\/categories?post=144037"},{"taxonomy":"post_tag","embeddable":true,"href":"https:\/\/www.hoymercedes.com.ar\/principal\/wp-json\/wp\/v2\/tags?post=144037"}],"curies":[{"name":"wp","href":"https:\/\/api.w.org\/{rel}","templated":true}]}}