{"id":144078,"date":"2022-02-17T21:56:16","date_gmt":"2022-02-18T00:56:16","guid":{"rendered":"https:\/\/www.hoymercedes.com.ar\/principal\/?p=144078"},"modified":"2022-02-17T21:56:24","modified_gmt":"2022-02-18T00:56:24","slug":"conoce-la-grilla-completa-del-festival-de-tango-que-viviremos-este-fin-de-semana","status":"publish","type":"post","link":"https:\/\/www.hoymercedes.com.ar\/principal\/2022\/02\/17\/conoce-la-grilla-completa-del-festival-de-tango-que-viviremos-este-fin-de-semana\/","title":{"rendered":"Conoc\u00e9 la grilla completa del Festival de Tango que viviremos este fin de semana"},"content":{"rendered":"\n<figure class=\"wp-block-image size-full\"><img loading=\"lazy\" decoding=\"async\" width=\"925\" height=\"615\" data-attachment-id=\"144079\" data-permalink=\"https:\/\/www.hoymercedes.com.ar\/principal\/2022\/02\/17\/conoce-la-grilla-completa-del-festival-de-tango-que-viviremos-este-fin-de-semana\/dsc_0065-3\/#main\" data-orig-file=\"https:\/\/www.hoymercedes.com.ar\/principal\/wp-content\/uploads\/2022\/02\/DSC_0065.jpg\" data-orig-size=\"925,615\" data-comments-opened=\"0\" data-image-meta=\"{&quot;aperture&quot;:&quot;0&quot;,&quot;credit&quot;:&quot;&quot;,&quot;camera&quot;:&quot;&quot;,&quot;caption&quot;:&quot;&quot;,&quot;created_timestamp&quot;:&quot;0&quot;,&quot;copyright&quot;:&quot;&quot;,&quot;focal_length&quot;:&quot;0&quot;,&quot;iso&quot;:&quot;0&quot;,&quot;shutter_speed&quot;:&quot;0&quot;,&quot;title&quot;:&quot;&quot;,&quot;orientation&quot;:&quot;0&quot;}\" data-image-title=\"DSC_0065\" data-image-description=\"\" data-image-caption=\"\" data-large-file=\"https:\/\/www.hoymercedes.com.ar\/principal\/wp-content\/uploads\/2022\/02\/DSC_0065.jpg\" src=\"https:\/\/www.hoymercedes.com.ar\/principal\/wp-content\/uploads\/2022\/02\/DSC_0065.jpg\" alt=\"\" class=\"wp-image-144079\" srcset=\"https:\/\/www.hoymercedes.com.ar\/principal\/wp-content\/uploads\/2022\/02\/DSC_0065.jpg 925w, https:\/\/www.hoymercedes.com.ar\/principal\/wp-content\/uploads\/2022\/02\/DSC_0065-630x419.jpg 630w, https:\/\/www.hoymercedes.com.ar\/principal\/wp-content\/uploads\/2022\/02\/DSC_0065-150x100.jpg 150w, https:\/\/www.hoymercedes.com.ar\/principal\/wp-content\/uploads\/2022\/02\/DSC_0065-700x465.jpg 700w\" sizes=\"auto, (max-width: 925px) 100vw, 925px\" \/><\/figure>\n\n\n\n<p>Se viene este fin de semana el gran Festival de Tano \u201cRafael Rossi\u201d con much\u00edsimas propuestas de primer nivel en el escenario principal que se mont\u00f3 frente al Palacio Municipal. Conoc\u00e9 la grilla completa de lo que ser\u00e1 una gran fiesta popular, con nuestra cultura y ra\u00edces.<\/p>\n\n\n\n<p><strong>Viernes 18 de febrero<\/strong><\/p>\n\n\n\n<p>Teatro Argentino \/ Sala A<\/p>\n\n\n\n<p>19:30 Hs<\/p>\n\n\n\n<p>Conversatorio brindado por Diego Zapico y Sebasti\u00e1n Barbui \u201cDe la P\u00faa al Streaming\u201d<\/p>\n\n\n\n<p>Presencial + Zoom +Redes + Streaming \/ Para todo p\u00fablico<\/p>\n\n\n\n<p>21:00 Hs Apertura Oficial<\/p>\n\n\n\n<p>21:15 Hs \u00abYa no tengo la dulzura de sus besos\u00bb Teatro<\/p>\n\n\n\n<p>&nbsp;&nbsp;&nbsp;&nbsp;&nbsp;&nbsp;&nbsp;&nbsp;&nbsp;&nbsp;&nbsp;&nbsp;&nbsp;&nbsp;&nbsp;&nbsp;&nbsp;&nbsp;&nbsp;&nbsp;&nbsp;&nbsp;&nbsp;&nbsp;&nbsp;&nbsp;&nbsp;&nbsp;&nbsp;&nbsp; Direcci\u00f3n: Juan Carrasco \/\/ Malena Rossi, L\u00eda Vi\u00f1ao, Jorge M\u00f3bili<\/p>\n\n\n\n<p>&nbsp;&nbsp;&nbsp;&nbsp;&nbsp;&nbsp;&nbsp;&nbsp;&nbsp;&nbsp;&nbsp;&nbsp;&nbsp;&nbsp;&nbsp;&nbsp;&nbsp;&nbsp;&nbsp;&nbsp;&nbsp;&nbsp;&nbsp;&nbsp;&nbsp;&nbsp;&nbsp;&nbsp;&nbsp;&nbsp; Entrada libre y gratuita<\/p>\n\n\n\n<p><br>Escenario Principal Calle 29 E\/26 Y 24<\/p>\n\n\n\n<p>18:15 &nbsp;&nbsp; Escuela de Tango Municipal \/ Prof: Miguel y&nbsp; Esther Cordone<\/p>\n\n\n\n<p>Est\u00edmulo Dance \/ Clases de Baile&nbsp; Prof: Natalia y Leandro<\/p>\n\n\n\n<p>Malena Rossi&nbsp;<\/p>\n\n\n\n<p>Etiqueta Rota<\/p>\n\n\n\n<p>La Negracha<\/p>\n\n\n\n<p>Estimulo Dance \/ Clases de Baile Prof: Natalia y Leandro<\/p>\n\n\n\n<p>Angelito Mart\u00ednez<\/p>\n\n\n\n<p>Patota Aschero<\/p>\n\n\n\n<p>Desde el alma (Exhibici\u00f3n de baile) Rocio Cestari y Esteban Passadores<\/p>\n\n\n\n<p>Mariana Mazu<\/p>\n\n\n\n<p>Cucuza Castiello<\/p>\n\n\n\n<p>\u00abAfter Tango\u00bb Musicalizan para bailar en concepto milonga Zapico\/Barbui<\/p>\n\n\n\n<p><strong>Domingo 20 de febrero<\/strong><\/p>\n\n\n\n<p>Escenario Principal Calle 29 E\/26 Y 24<\/p>\n\n\n\n<p>17:30&nbsp;&nbsp;&nbsp;&nbsp; Escuela de Tango Municipal Prof: Miguel y&nbsp; Esther Cordone<\/p>\n\n\n\n<p>Cl\u00ednica de interpretaci\u00f3n del Tango dictada por Chino Laborde SALA A TEATRO ARG<\/p>\n\n\n\n<p>Zoco Larralde<\/p>\n\n\n\n<p>Florencia Gelvez y Manuel Maturo<\/p>\n\n\n\n<p>Estimulo Dance \/ Clases de Baile Prof: Natalia y Leandro<\/p>\n\n\n\n<p>Pablo Aschero<\/p>\n\n\n\n<p>Desde el alma (Exhibici\u00f3n de baile) Rocio Cestari y Esteban Passadores<\/p>\n\n\n\n<p>Mariano Godoy + Bandolica + Orquesta Escuela de Bandoneones.<\/p>\n\n\n\n<p>Chino Laborde + Federico Mizrahi<\/p>\n\n\n\n<p>Lidia Borda<\/p>\n\n\n\n<p>Salvo y Rossi (Exhibici\u00f3n de baile) Campeones Mundiales de Tango en Pista 2018<\/p>\n\n\n\n<p>Cuarteto \u201cMulenga\u201d (Milonga que invita a bailar)<\/p>\n","protected":false},"excerpt":{"rendered":"<p>Se viene este fin de semana el gran Festival de Tano \u201cRafael Rossi\u201d con much\u00edsimas propuestas de primer nivel en &#8230; <a title=\"Conoc\u00e9 la grilla completa del Festival de Tango que viviremos este fin de semana\" class=\"read-more\" href=\"https:\/\/www.hoymercedes.com.ar\/principal\/2022\/02\/17\/conoce-la-grilla-completa-del-festival-de-tango-que-viviremos-este-fin-de-semana\/\" aria-label=\"Leer m\u00e1s sobre Conoc\u00e9 la grilla completa del Festival de Tango que viviremos este fin de semana\">Leer m\u00e1s<\/a><\/p>\n","protected":false},"author":1,"featured_media":144079,"comment_status":"closed","ping_status":"open","sticky":false,"template":"","format":"standard","meta":{"_monsterinsights_skip_tracking":false,"_monsterinsights_sitenote_active":false,"_monsterinsights_sitenote_note":"","_monsterinsights_sitenote_category":0,"jetpack_post_was_ever_published":false,"_jetpack_newsletter_access":"","_jetpack_dont_email_post_to_subs":false,"_jetpack_newsletter_tier_id":0,"_jetpack_memberships_contains_paywalled_content":false,"_jetpack_memberships_contains_paid_content":false,"footnotes":"","jetpack_publicize_message":"","jetpack_publicize_feature_enabled":true,"jetpack_social_post_already_shared":true,"jetpack_social_options":{"image_generator_settings":{"template":"highway","default_image_id":0,"font":"","enabled":false},"version":2},"_wpas_customize_per_network":false},"categories":[104],"tags":[14138],"class_list":["post-144078","post","type-post","status-publish","format-standard","has-post-thumbnail","hentry","category-cultura","tag-festival-de-tango","generate-columns","tablet-grid-50","mobile-grid-100","grid-parent","grid-50"],"jetpack_publicize_connections":[],"jetpack_featured_media_url":"https:\/\/www.hoymercedes.com.ar\/principal\/wp-content\/uploads\/2022\/02\/DSC_0065.jpg","wps_subtitle":"Encuentro tanguero ","jetpack_sharing_enabled":true,"_links":{"self":[{"href":"https:\/\/www.hoymercedes.com.ar\/principal\/wp-json\/wp\/v2\/posts\/144078","targetHints":{"allow":["GET"]}}],"collection":[{"href":"https:\/\/www.hoymercedes.com.ar\/principal\/wp-json\/wp\/v2\/posts"}],"about":[{"href":"https:\/\/www.hoymercedes.com.ar\/principal\/wp-json\/wp\/v2\/types\/post"}],"author":[{"embeddable":true,"href":"https:\/\/www.hoymercedes.com.ar\/principal\/wp-json\/wp\/v2\/users\/1"}],"replies":[{"embeddable":true,"href":"https:\/\/www.hoymercedes.com.ar\/principal\/wp-json\/wp\/v2\/comments?post=144078"}],"version-history":[{"count":0,"href":"https:\/\/www.hoymercedes.com.ar\/principal\/wp-json\/wp\/v2\/posts\/144078\/revisions"}],"wp:featuredmedia":[{"embeddable":true,"href":"https:\/\/www.hoymercedes.com.ar\/principal\/wp-json\/wp\/v2\/media\/144079"}],"wp:attachment":[{"href":"https:\/\/www.hoymercedes.com.ar\/principal\/wp-json\/wp\/v2\/media?parent=144078"}],"wp:term":[{"taxonomy":"category","embeddable":true,"href":"https:\/\/www.hoymercedes.com.ar\/principal\/wp-json\/wp\/v2\/categories?post=144078"},{"taxonomy":"post_tag","embeddable":true,"href":"https:\/\/www.hoymercedes.com.ar\/principal\/wp-json\/wp\/v2\/tags?post=144078"}],"curies":[{"name":"wp","href":"https:\/\/api.w.org\/{rel}","templated":true}]}}