{"id":14414,"date":"2012-07-10T21:18:52","date_gmt":"2012-07-10T21:18:52","guid":{"rendered":"http:\/\/www.hoymercedes.com.ar\/principal\/?p=14414"},"modified":"2012-07-10T21:18:52","modified_gmt":"2012-07-10T21:18:52","slug":"chacinados-el-mercedino-en-caminos-y-sabores","status":"publish","type":"post","link":"https:\/\/www.hoymercedes.com.ar\/principal\/2012\/07\/10\/chacinados-el-mercedino-en-caminos-y-sabores\/","title":{"rendered":"Chacinados \u00abEl Mercedino\u00bb en Caminos y Sabores"},"content":{"rendered":"<p><a href=\"https:\/\/www.hoymercedes.com.ar\/principal\/wp-content\/uploads\/2012\/07\/ElMercedino-CaminosySabores.jpg\"><img loading=\"lazy\" decoding=\"async\" data-attachment-id=\"14419\" data-permalink=\"https:\/\/www.hoymercedes.com.ar\/principal\/2012\/07\/10\/chacinados-el-mercedino-en-caminos-y-sabores\/elmercedino-caminosysabores\/#main\" data-orig-file=\"https:\/\/www.hoymercedes.com.ar\/principal\/wp-content\/uploads\/2012\/07\/ElMercedino-CaminosySabores.jpg\" data-orig-size=\"614,260\" data-comments-opened=\"1\" data-image-meta=\"{&quot;aperture&quot;:&quot;0&quot;,&quot;credit&quot;:&quot;&quot;,&quot;camera&quot;:&quot;&quot;,&quot;caption&quot;:&quot;&quot;,&quot;created_timestamp&quot;:&quot;0&quot;,&quot;copyright&quot;:&quot;&quot;,&quot;focal_length&quot;:&quot;0&quot;,&quot;iso&quot;:&quot;0&quot;,&quot;shutter_speed&quot;:&quot;0&quot;,&quot;title&quot;:&quot;&quot;}\" data-image-title=\"ElMercedino-CaminosySabores\" data-image-description=\"\" data-image-caption=\"\" data-large-file=\"https:\/\/www.hoymercedes.com.ar\/principal\/wp-content\/uploads\/2012\/07\/ElMercedino-CaminosySabores.jpg\" class=\"aligncenter size-full wp-image-14419\" title=\"ElMercedino-CaminosySabores\" src=\"https:\/\/www.hoymercedes.com.ar\/principal\/wp-content\/uploads\/2012\/07\/ElMercedino-CaminosySabores.jpg\" alt=\"\" width=\"614\" height=\"260\" \/><\/a><\/p>\n<p>Caminos y Sabores es un espacio donde los peque\u00f1os y medianos productores originarios de todas las zonas del pa\u00eds venden sus productos a trav\u00e9s del contacto directo con el p\u00fablico que visita la muestra anual, organizada por Ferias y Exposiciones Argentinas S.A., albergando todas las propuestas llegadas desde las provincias.<\/p>\n<p>En este gran paseo, uno pudo recorrer 9 caminos tem\u00e1ticos: quesos, carnes, tradici\u00f3n, turismo, aceites y especias, bebidas, yerba mate y t\u00e9, frutos de la tierra y dulces.<\/p>\n<p>En el \u201cCamino de las carnes\u201d, se encontraba el stand de la Municipalidad de Mercedes, del que participo Juan Carlos Berro y sus \u201cChacinados Mercedinos\u201d, acompa\u00f1ado por el Director de Planeamiento y Produccion Agr. Oscar Lopez.<\/p>\n<p>La ciudad se vio representada durante los 4 dias que duro la exposicion, donde se hizo muy fuerte la difusi\u00f3n de la pr\u00f3xima edici\u00f3n de la Fiesta Nacional del Salame Quintero, propuesta aceptada por un enorme numero de personas que se acercaban al stand para saber detalles de la gran fiesta del mes de Septiembre. Ah\u00ed fue que se hizo fuerte el trabajo de entrega de folleteria y la invitaci\u00f3n, no solo a la fiesta, sino que tambi\u00e9n a conocer las bondades tur\u00edsticas que presenta nuestro partido.<\/p>\n<p>Consultado el Arg. Lopez conto que \u201cfue realmente un \u00e9xito, por que la gente se quedaba en el stand, queriendo saber mas de la fiesta y de nuestra ciudad. Ademas, Juan Carlos (Berro) vendi\u00f3 todo lo que ofrecia en el puesto, todo.\u201d<\/p>\n<p>Es de destacar tambi\u00e9n, que el publico que recorr\u00eda el paseo, solicitaban fotografiarse con Berro, ya que lo reconoc\u00edan por su intervenci\u00f3n en programas como \u201cCocineros Argentinos\u201d y otros de repercusi\u00f3n nacional<\/p>\n","protected":false},"excerpt":{"rendered":"<p>Caminos y Sabores es un espacio donde los peque\u00f1os y medianos productores originarios de todas las zonas del pa\u00eds venden &#8230; <a title=\"Chacinados \u00abEl Mercedino\u00bb en Caminos y Sabores\" class=\"read-more\" href=\"https:\/\/www.hoymercedes.com.ar\/principal\/2012\/07\/10\/chacinados-el-mercedino-en-caminos-y-sabores\/\" aria-label=\"Leer m\u00e1s sobre Chacinados \u00abEl Mercedino\u00bb en Caminos y Sabores\">Leer m\u00e1s<\/a><\/p>\n","protected":false},"author":1,"featured_media":0,"comment_status":"open","ping_status":"open","sticky":false,"template":"","format":"standard","meta":{"_monsterinsights_skip_tracking":false,"_monsterinsights_sitenote_active":false,"_monsterinsights_sitenote_note":"","_monsterinsights_sitenote_category":0,"jetpack_post_was_ever_published":false,"_jetpack_newsletter_access":"","_jetpack_dont_email_post_to_subs":false,"_jetpack_newsletter_tier_id":0,"_jetpack_memberships_contains_paywalled_content":false,"_jetpack_memberships_contains_paid_content":false,"footnotes":"","jetpack_publicize_message":"","jetpack_publicize_feature_enabled":true,"jetpack_social_post_already_shared":false,"jetpack_social_options":{"image_generator_settings":{"template":"highway","default_image_id":0,"font":"","enabled":false},"version":2},"_wpas_customize_per_network":false},"categories":[8],"tags":[2492,2493,1110],"class_list":["post-14414","post","type-post","status-publish","format-standard","hentry","category-sociedad","tag-berro","tag-caminos-y-sabores","tag-fiesta-del-salame","generate-columns","tablet-grid-50","mobile-grid-100","grid-parent","grid-50"],"jetpack_publicize_connections":[],"jetpack_featured_media_url":"","wps_subtitle":"","jetpack_sharing_enabled":true,"_links":{"self":[{"href":"https:\/\/www.hoymercedes.com.ar\/principal\/wp-json\/wp\/v2\/posts\/14414","targetHints":{"allow":["GET"]}}],"collection":[{"href":"https:\/\/www.hoymercedes.com.ar\/principal\/wp-json\/wp\/v2\/posts"}],"about":[{"href":"https:\/\/www.hoymercedes.com.ar\/principal\/wp-json\/wp\/v2\/types\/post"}],"author":[{"embeddable":true,"href":"https:\/\/www.hoymercedes.com.ar\/principal\/wp-json\/wp\/v2\/users\/1"}],"replies":[{"embeddable":true,"href":"https:\/\/www.hoymercedes.com.ar\/principal\/wp-json\/wp\/v2\/comments?post=14414"}],"version-history":[{"count":0,"href":"https:\/\/www.hoymercedes.com.ar\/principal\/wp-json\/wp\/v2\/posts\/14414\/revisions"}],"wp:attachment":[{"href":"https:\/\/www.hoymercedes.com.ar\/principal\/wp-json\/wp\/v2\/media?parent=14414"}],"wp:term":[{"taxonomy":"category","embeddable":true,"href":"https:\/\/www.hoymercedes.com.ar\/principal\/wp-json\/wp\/v2\/categories?post=14414"},{"taxonomy":"post_tag","embeddable":true,"href":"https:\/\/www.hoymercedes.com.ar\/principal\/wp-json\/wp\/v2\/tags?post=14414"}],"curies":[{"name":"wp","href":"https:\/\/api.w.org\/{rel}","templated":true}]}}