{"id":144234,"date":"2022-02-22T23:01:10","date_gmt":"2022-02-23T02:01:10","guid":{"rendered":"https:\/\/www.hoymercedes.com.ar\/principal\/?p=144234"},"modified":"2022-02-22T23:01:14","modified_gmt":"2022-02-23T02:01:14","slug":"detenidos-tras-intervencion-policial-por-robo-de-motos","status":"publish","type":"post","link":"https:\/\/www.hoymercedes.com.ar\/principal\/2022\/02\/22\/detenidos-tras-intervencion-policial-por-robo-de-motos\/","title":{"rendered":"Detenidos tras intervenci\u00f3n policial por robo de motos"},"content":{"rendered":"\n<figure class=\"wp-block-image size-full is-resized\"><img loading=\"lazy\" decoding=\"async\" data-attachment-id=\"144235\" data-permalink=\"https:\/\/www.hoymercedes.com.ar\/principal\/2022\/02\/22\/detenidos-tras-intervencion-policial-por-robo-de-motos\/acceso-robo\/#main\" data-orig-file=\"https:\/\/www.hoymercedes.com.ar\/principal\/wp-content\/uploads\/2022\/02\/Acceso-Robo.jpeg\" data-orig-size=\"768,1024\" data-comments-opened=\"0\" data-image-meta=\"{&quot;aperture&quot;:&quot;0&quot;,&quot;credit&quot;:&quot;&quot;,&quot;camera&quot;:&quot;&quot;,&quot;caption&quot;:&quot;&quot;,&quot;created_timestamp&quot;:&quot;0&quot;,&quot;copyright&quot;:&quot;&quot;,&quot;focal_length&quot;:&quot;0&quot;,&quot;iso&quot;:&quot;0&quot;,&quot;shutter_speed&quot;:&quot;0&quot;,&quot;title&quot;:&quot;&quot;,&quot;orientation&quot;:&quot;0&quot;}\" data-image-title=\"Acceso-Robo\" data-image-description=\"\" data-image-caption=\"\" data-large-file=\"https:\/\/www.hoymercedes.com.ar\/principal\/wp-content\/uploads\/2022\/02\/Acceso-Robo.jpeg\" src=\"https:\/\/www.hoymercedes.com.ar\/principal\/wp-content\/uploads\/2022\/02\/Acceso-Robo.jpeg\" alt=\"\" class=\"wp-image-144235\" width=\"958\" height=\"1277\" srcset=\"https:\/\/www.hoymercedes.com.ar\/principal\/wp-content\/uploads\/2022\/02\/Acceso-Robo.jpeg 768w, https:\/\/www.hoymercedes.com.ar\/principal\/wp-content\/uploads\/2022\/02\/Acceso-Robo-465x620.jpeg 465w, https:\/\/www.hoymercedes.com.ar\/principal\/wp-content\/uploads\/2022\/02\/Acceso-Robo-113x150.jpeg 113w\" sizes=\"auto, (max-width: 958px) 100vw, 958px\" \/><\/figure>\n\n\n\n<p>Tres vecinos de nuestra ciudad fue detenido por el robo de una motocicleta. El hecho tras las intervenciones de la polic\u00eda comunal logr\u00f3 ser esclarecido al momento en que se encontraban realizando tareas de prevenci\u00f3n y patrullaje.<\/p>\n\n\n\n<p>Los uniformados detectan que dos masculinos estaban en situaci\u00f3n sospechosa en la v\u00eda p\u00fablica, cerca de Acceso Sanmartin y 116. Ante ello se aproximan sigilosamente al lugar y logran dar cuenta de la il\u00edcita situaci\u00f3n.<\/p>\n\n\n\n<p>Los sujetos hab\u00edan robado dos motocicletas que estaban tratando de desmantelar para quedarse con ciertas piezas. Una Zanella 110cc y una Mondial Dax.<\/p>\n\n\n\n<p>Ahora se dio intervenci\u00f3n a la U.F.I N\u00ba2 y a la U.F.I N\u00ba8 del Departamento Judicial Mercedes<\/p>\n","protected":false},"excerpt":{"rendered":"<p>Tres vecinos de nuestra ciudad fue detenido por el robo de una motocicleta. El hecho tras las intervenciones de la &#8230; <a title=\"Detenidos tras intervenci\u00f3n policial por robo de motos\" class=\"read-more\" href=\"https:\/\/www.hoymercedes.com.ar\/principal\/2022\/02\/22\/detenidos-tras-intervencion-policial-por-robo-de-motos\/\" aria-label=\"Leer m\u00e1s sobre Detenidos tras intervenci\u00f3n policial por robo de motos\">Leer m\u00e1s<\/a><\/p>\n","protected":false},"author":1,"featured_media":144235,"comment_status":"closed","ping_status":"open","sticky":false,"template":"","format":"standard","meta":{"_monsterinsights_skip_tracking":false,"_monsterinsights_sitenote_active":false,"_monsterinsights_sitenote_note":"","_monsterinsights_sitenote_category":0,"jetpack_post_was_ever_published":false,"_jetpack_newsletter_access":"","_jetpack_dont_email_post_to_subs":false,"_jetpack_newsletter_tier_id":0,"_jetpack_memberships_contains_paywalled_content":false,"_jetpack_memberships_contains_paid_content":false,"footnotes":"","jetpack_publicize_message":"","jetpack_publicize_feature_enabled":true,"jetpack_social_post_already_shared":true,"jetpack_social_options":{"image_generator_settings":{"template":"highway","default_image_id":0,"font":"","enabled":false},"version":2},"_wpas_customize_per_network":false},"categories":[85],"tags":[18248],"class_list":["post-144234","post","type-post","status-publish","format-standard","has-post-thumbnail","hentry","category-policial","tag-robo-de-moto","generate-columns","tablet-grid-50","mobile-grid-100","grid-parent","grid-50"],"jetpack_publicize_connections":[],"jetpack_featured_media_url":"https:\/\/www.hoymercedes.com.ar\/principal\/wp-content\/uploads\/2022\/02\/Acceso-Robo.jpeg","wps_subtitle":"Detenidos","jetpack_sharing_enabled":true,"_links":{"self":[{"href":"https:\/\/www.hoymercedes.com.ar\/principal\/wp-json\/wp\/v2\/posts\/144234","targetHints":{"allow":["GET"]}}],"collection":[{"href":"https:\/\/www.hoymercedes.com.ar\/principal\/wp-json\/wp\/v2\/posts"}],"about":[{"href":"https:\/\/www.hoymercedes.com.ar\/principal\/wp-json\/wp\/v2\/types\/post"}],"author":[{"embeddable":true,"href":"https:\/\/www.hoymercedes.com.ar\/principal\/wp-json\/wp\/v2\/users\/1"}],"replies":[{"embeddable":true,"href":"https:\/\/www.hoymercedes.com.ar\/principal\/wp-json\/wp\/v2\/comments?post=144234"}],"version-history":[{"count":0,"href":"https:\/\/www.hoymercedes.com.ar\/principal\/wp-json\/wp\/v2\/posts\/144234\/revisions"}],"wp:featuredmedia":[{"embeddable":true,"href":"https:\/\/www.hoymercedes.com.ar\/principal\/wp-json\/wp\/v2\/media\/144235"}],"wp:attachment":[{"href":"https:\/\/www.hoymercedes.com.ar\/principal\/wp-json\/wp\/v2\/media?parent=144234"}],"wp:term":[{"taxonomy":"category","embeddable":true,"href":"https:\/\/www.hoymercedes.com.ar\/principal\/wp-json\/wp\/v2\/categories?post=144234"},{"taxonomy":"post_tag","embeddable":true,"href":"https:\/\/www.hoymercedes.com.ar\/principal\/wp-json\/wp\/v2\/tags?post=144234"}],"curies":[{"name":"wp","href":"https:\/\/api.w.org\/{rel}","templated":true}]}}