{"id":144510,"date":"2022-03-01T11:12:00","date_gmt":"2022-03-01T14:12:00","guid":{"rendered":"https:\/\/www.hoymercedes.com.ar\/principal\/?p=144510"},"modified":"2022-03-01T11:14:26","modified_gmt":"2022-03-01T14:14:26","slug":"miercoles-de-ceniza-jornada-de-oracion-y-ayuno-por-la-paz","status":"publish","type":"post","link":"https:\/\/www.hoymercedes.com.ar\/principal\/2022\/03\/01\/miercoles-de-ceniza-jornada-de-oracion-y-ayuno-por-la-paz\/","title":{"rendered":"Mi\u00e9rcoles de Ceniza: Jornada de oraci\u00f3n y ayuno por la Paz"},"content":{"rendered":"\n<p>Con ocasi\u00f3n de la\u00a0<strong>Jornada de Oraci\u00f3n y Ayuno por la Paz<\/strong>\u00a0a la que convoca el Papa Francisco para este 2 de Marzo, Mi\u00e9rcoles de Ceniza, el Padre Obispo Jorge Eduardo comparte su mensaje invitando a toda la Iglesia de Mercedes Luj\u00e1n, a \u00abpermanecer unidos en la oraci\u00f3n, en el ayuno y en la s\u00faplica, con mucha confianza en Dios, para pedir al Se\u00f1or que nos regale la paz y se detenga la guerra\u201d<\/p>\n\n\n\n<figure class=\"wp-block-embed is-type-video is-provider-youtube wp-block-embed-youtube wp-embed-aspect-16-9 wp-has-aspect-ratio\"><div class=\"wp-block-embed__wrapper\">\n<span class=\"embed-youtube\" style=\"text-align:center; display: block;\"><iframe loading=\"lazy\" class=\"youtube-player\" width=\"1200\" height=\"675\" src=\"https:\/\/www.youtube.com\/embed\/F4CbYxbxgBY?version=3&#038;rel=1&#038;showsearch=0&#038;showinfo=1&#038;iv_load_policy=1&#038;fs=1&#038;hl=es-ES&#038;autohide=2&#038;wmode=transparent\" allowfullscreen=\"true\" style=\"border:0;\" sandbox=\"allow-scripts allow-same-origin allow-popups allow-presentation allow-popups-to-escape-sandbox\"><\/iframe><\/span>\n<\/div><\/figure>\n\n\n\n<p>\u201cCon el mi\u00e9rcoles de Ceniza comenzamos el camino cuaresmal para poder, en la Pascua, morir y resucitar con Cristo, y en Cristo. Lo iniciamos con un signo, cenizas en nuestras cabezas, para recordarnos lo fr\u00e1giles que somos, lo peque\u00f1os, lo necesitados que somos los seres humanos. Pero tambi\u00e9n queremos hacer oraci\u00f3n, ayunar, y desprendernos\u00a0 de todo lo que nos impide la comuni\u00f3n con Dios y con los hermanos. El Papa nos invita especialmente en este d\u00eda a rezar y ayunar para pedirle a Dios el don de la paz\u00bb.<\/p>\n\n\n\n<p>\u00abEsta invasi\u00f3n de Rusia a Ucrania ha puesto el mundo al mundo en una situaci\u00f3n de m\u00e1xima fragilidad, de mucha tensi\u00f3n, de mucha angustia; especialmente a las personas que est\u00e1n all\u00ed en medio de la guerra, pero tambi\u00e9n a todo el mundo. Nosotros los creyentes apostamos a Dios que es el que tiene el don de la paz plena y apostamos tambi\u00e9n a la buena voluntad de los seres humanos que quieren construir la paz\u00bb.<\/p>\n\n\n\n<p>\u00abPor eso nos unimos en oraci\u00f3n y en ayuno, y lo hacemos con intensidad, con fuerza, porque es un tiempo que as\u00ed lo requiere. Queridas hermanas, queridos hermanos: Los invito a vivir este mi\u00e9rcoles de Ceniza, unidos en la oraci\u00f3n, en el ayuno y en la s\u00faplica, con mucha confianza en Dios, para que nos regale la paz y se detenga la guerra\u201d<\/p>\n\n\n\n<p>Fuente: Arquidioscesis Mercedes-Luj\u00e1n<\/p>\n\n\n\n<figure class=\"wp-block-image\"><img decoding=\"async\" src=\"https:\/\/platform-cdn.sharethis.com\/img\/facebook.svg\" alt=\"facebook sharing button\"\/><\/figure>\n","protected":false},"excerpt":{"rendered":"<p>Con ocasi\u00f3n de la\u00a0Jornada de Oraci\u00f3n y Ayuno por la Paz\u00a0a la que convoca el Papa Francisco para este 2 &#8230; <a title=\"Mi\u00e9rcoles de Ceniza: Jornada de oraci\u00f3n y ayuno por la Paz\" class=\"read-more\" href=\"https:\/\/www.hoymercedes.com.ar\/principal\/2022\/03\/01\/miercoles-de-ceniza-jornada-de-oracion-y-ayuno-por-la-paz\/\" aria-label=\"Leer m\u00e1s sobre Mi\u00e9rcoles de Ceniza: Jornada de oraci\u00f3n y ayuno por la Paz\">Leer m\u00e1s<\/a><\/p>\n","protected":false},"author":1,"featured_media":127502,"comment_status":"closed","ping_status":"open","sticky":false,"template":"","format":"standard","meta":{"_monsterinsights_skip_tracking":false,"_monsterinsights_sitenote_active":false,"_monsterinsights_sitenote_note":"","_monsterinsights_sitenote_category":0,"jetpack_post_was_ever_published":false,"_jetpack_newsletter_access":"","_jetpack_dont_email_post_to_subs":false,"_jetpack_newsletter_tier_id":0,"_jetpack_memberships_contains_paywalled_content":false,"_jetpack_memberships_contains_paid_content":false,"footnotes":"","jetpack_publicize_message":"","jetpack_publicize_feature_enabled":true,"jetpack_social_post_already_shared":true,"jetpack_social_options":{"image_generator_settings":{"template":"highway","default_image_id":0,"font":"","enabled":false},"version":2},"_wpas_customize_per_network":false},"categories":[8],"tags":[16026,14808,18254,18255],"class_list":["post-144510","post","type-post","status-publish","format-standard","has-post-thumbnail","hentry","category-sociedad","tag-arzobispo-mercedes-lujan","tag-iglesia-catolica","tag-mensaje-cuaresma","tag-miercoles-de-ceniza","generate-columns","tablet-grid-50","mobile-grid-100","grid-parent","grid-50"],"jetpack_publicize_connections":[],"jetpack_featured_media_url":"https:\/\/www.hoymercedes.com.ar\/principal\/wp-content\/uploads\/2021\/04\/04-arzobispo-jorge-eduardo.jpg","wps_subtitle":"Cuaresma","jetpack_sharing_enabled":true,"_links":{"self":[{"href":"https:\/\/www.hoymercedes.com.ar\/principal\/wp-json\/wp\/v2\/posts\/144510","targetHints":{"allow":["GET"]}}],"collection":[{"href":"https:\/\/www.hoymercedes.com.ar\/principal\/wp-json\/wp\/v2\/posts"}],"about":[{"href":"https:\/\/www.hoymercedes.com.ar\/principal\/wp-json\/wp\/v2\/types\/post"}],"author":[{"embeddable":true,"href":"https:\/\/www.hoymercedes.com.ar\/principal\/wp-json\/wp\/v2\/users\/1"}],"replies":[{"embeddable":true,"href":"https:\/\/www.hoymercedes.com.ar\/principal\/wp-json\/wp\/v2\/comments?post=144510"}],"version-history":[{"count":0,"href":"https:\/\/www.hoymercedes.com.ar\/principal\/wp-json\/wp\/v2\/posts\/144510\/revisions"}],"wp:featuredmedia":[{"embeddable":true,"href":"https:\/\/www.hoymercedes.com.ar\/principal\/wp-json\/wp\/v2\/media\/127502"}],"wp:attachment":[{"href":"https:\/\/www.hoymercedes.com.ar\/principal\/wp-json\/wp\/v2\/media?parent=144510"}],"wp:term":[{"taxonomy":"category","embeddable":true,"href":"https:\/\/www.hoymercedes.com.ar\/principal\/wp-json\/wp\/v2\/categories?post=144510"},{"taxonomy":"post_tag","embeddable":true,"href":"https:\/\/www.hoymercedes.com.ar\/principal\/wp-json\/wp\/v2\/tags?post=144510"}],"curies":[{"name":"wp","href":"https:\/\/api.w.org\/{rel}","templated":true}]}}