{"id":144522,"date":"2022-03-01T09:45:00","date_gmt":"2022-03-01T12:45:00","guid":{"rendered":"https:\/\/www.hoymercedes.com.ar\/principal\/?p=144522"},"modified":"2022-03-01T12:35:03","modified_gmt":"2022-03-01T15:35:03","slug":"violacion-grupal-en-palermo-todos-abusaban-de-la-chica-dijo-la-comerciante-que-ayudo-a-la-victima","status":"publish","type":"post","link":"https:\/\/www.hoymercedes.com.ar\/principal\/2022\/03\/01\/violacion-grupal-en-palermo-todos-abusaban-de-la-chica-dijo-la-comerciante-que-ayudo-a-la-victima\/","title":{"rendered":"Violaci\u00f3n grupal en Palermo: \u00abTodos abusaban de la chica\u00bb, dijo la comerciante que ayud\u00f3 a la v\u00edctima"},"content":{"rendered":"\n<p><em>Natalia, due\u00f1a de una panader\u00eda, fue quien alert\u00f3 al 911 apenas descubri\u00f3 que una chica estaba siendo abusada por al menos cuatro hombres dentro de un auto en Serrano al 1300, en Palermo, y logr\u00f3 rescatarla antes de que llegara la polic\u00eda.<\/em><\/p>\n\n\n\n<div class=\"wp-block-image\"><figure class=\"aligncenter\"><img decoding=\"async\" src=\"https:\/\/d1iibezb83drel.cloudfront.net\/wp-content\/uploads\/2022\/03\/violacion-grupal-688x387.webp\" alt=\"Los seis detenidos tras el aberrante hecho. \"\/><figcaption>Los seis detenidos tras el aberrante hecho.<\/figcaption><\/figure><\/div>\n\n\n\n<p>Una comerciante que rescat\u00f3 y auxili\u00f3 a la chica violada por seis j\u00f3venes en el barrio porte\u00f1o de Palermo asegur\u00f3 hoy que \u00abtodos los detenidos abusaban\u00bb de ella dentro de un auto, calific\u00f3 a los agresores como \u00abanimales\u00bb y dijo que los detenidos, tras ser descubiertos, pretendieron escapar y llevarse a la v\u00edctima arrastr\u00e1ndola de los pelos y de los brazos.<\/p>\n\n\n\n<p><strong>Natalia<\/strong>, due\u00f1a de una panader\u00eda, fue quien alert\u00f3 al 911 apenas descubri\u00f3 que una chica estaba siendo abusada por al menos cuatro hombres dentro de un auto en Serrano al 1300, en Palermo, y logr\u00f3 rescatarla antes de que llegara la polic\u00eda.<\/p>\n\n\n\n<p>\u00abFuimos mi marido y yo quienes socorrimos a la chica. Tenemos una panader\u00eda y desde adentro ve\u00edamos lo que pasaba en el auto. Primero pens\u00e1bamos que era una pareja que estaba teniendo sexo, pero luego vimos que en el veh\u00edculo hab\u00eda otros tres j\u00f3venes, que la manoseaban, que la agarraban de los brazos, que la obligaban a practicarles sexo oral, y salimos a ayudarla\u00bb, explic\u00f3 a T\u00e9lam la comerciante.<\/p>\n\n\n\n<p>Seg\u00fan su relato, sus sospechas comenzaron cuando al lado de su comercio se hallaban dos j\u00f3venes \u00abtomando alcohol, fumando marihuana y tocando la guitarra\u00bb, por lo que su marido se acerc\u00f3 a ellos para pedirles que se retiraran del lugar.<\/p>\n\n\n\n<p>Natalia explic\u00f3 que tras el llamado salieron junto a su esposo y lograron sacar a la joven de adentro del auto y la notaron en estado de shock, con la ropa interior baja y golpeada.<\/p>\n\n\n\n<p>\u00abNo escuch\u00e9 gritos, la chica no gritaba, no ten\u00eda ni fuerzas para gritar\u00bb, dijo. \u00abLos cuatro j\u00f3venes tambi\u00e9n estaban con los pantalones bajos, empezaron a insultarnos y nos quisieron agredir. Tambi\u00e9n le pegaron a un vecino que con un tel\u00e9fono celular quiso registrar lo que estaba pasando, para que exista una prueba de lo que hab\u00edamos visto. A ese vecino lo dejaron ensangrentado, tirado en el piso\u00bb, cont\u00f3 la testigo, quien agreg\u00f3 que \u00abtodos abusaron de ella, eran como animales\u00bb.<\/p>\n\n\n\n<p>Luego, de acuerdo a su relato, los abusadores pretendieron escapar del lugar. \u00abDos de ellos arrastraban a la chica de los pelos y los brazos, otros dos se fueron para otro lado y los restantes se quedaron merodeando el lugar. Nosotros trat\u00e1bamos de detenerlos con un palo de escoba y con un secador\u00bb, dijo a T\u00e9lam.<\/p>\n\n\n\n<p>Efectivos de la comisar\u00eda 14A de la Polic\u00eda de la Ciudad llegaron a los pocos minutos y lograron detener a los seis sospechosos, mientras que un m\u00e9dico del SAME auxili\u00f3 a la v\u00edctima, quien permanec\u00eda en estado de shock.<\/p>\n\n\n\n<p>La sospecha de los investigadores es que la chica hab\u00eda sido drogada y que por ese motivo se hallaba casi inconsciente.<\/p>\n\n\n\n<p>De inmediato, se activ\u00f3 el protocolo para este tipo de casos y la v\u00edctima comenz\u00f3 a ser asistida por un psic\u00f3logo, mientras era trasladada al Hospital Rivadavia, donde fue atendida por m\u00e9dicos.<\/p>\n\n\n\n<p>Seg\u00fan las fuentes, la chica se encuentra en buen estado de salud, ya fue dada de alta y permanece junto a sus familiares. En tanto, los j\u00f3venes detenidos fueron trasladados a la seccional policial y se aguardaba para las pr\u00f3ximas horas que sean llevados a tribunales para ser indagados por el juez&nbsp;<strong>Marcos Fern\u00e1ndez<\/strong>, a cargo del Juzgado Criminal y Correccional 21, acusados del delito de \u00ababuso sexual\u00bb.<\/p>\n\n\n\n<p>Dentro del Volskwagen, los polic\u00edas hallaron marihuana, dosis de LSD y secuestraron siete tel\u00e9fonos celulares, que ahora ser\u00e1n peritados.<\/p>\n\n\n\n<p>Los seis detenidos fueron identificados por la polic\u00eda como&nbsp;<strong>\u00c1ngel Pascual Ramos<\/strong>&nbsp;(23),&nbsp;<strong>Tom\u00e1s Dom\u00ednguez<\/strong>&nbsp;(21),&nbsp;<strong>Lautaro Pasotti<\/strong>&nbsp;(24),<strong>Ignacio Retondo<\/strong>&nbsp;(22),&nbsp;<strong>Alexis Cuzzoni<\/strong>&nbsp;(20) y&nbsp;<strong>Franco Lykan<\/strong>&nbsp;(24).<\/p>\n\n\n\n<p>Fuentes policiales aseguraron a T\u00e9lam que ninguno de ellos tiene antecedentes penales y solo uno de ellos vive en el barrio porte\u00f1o de Villa Crespo, ya que los otros cinco son de distintas localidades del conurbano, uno de Laferrere, otro de San Miguel, de San Mart\u00edn y los dos restantes de Vicente L\u00f3pez. <\/p>\n\n\n\n<p>Fuente: GLP <a href=\"https:\/\/www.grupolaprovincia.com\/seguridad\/todos-abusaban-de-la-chica-eran-unos-animales-dijo-la-comerciante-que-ayudo-a-la-victima-891437\" target=\"_blank\" rel=\"noopener\">(www.grupolaprovincia.com)<\/a> y Telam<\/p>\n","protected":false},"excerpt":{"rendered":"<p>Natalia, due\u00f1a de una panader\u00eda, fue quien alert\u00f3 al 911 apenas descubri\u00f3 que una chica estaba siendo abusada por al &#8230; <a title=\"Violaci\u00f3n grupal en Palermo: \u00abTodos abusaban de la chica\u00bb, dijo la comerciante que ayud\u00f3 a la v\u00edctima\" class=\"read-more\" href=\"https:\/\/www.hoymercedes.com.ar\/principal\/2022\/03\/01\/violacion-grupal-en-palermo-todos-abusaban-de-la-chica-dijo-la-comerciante-que-ayudo-a-la-victima\/\" aria-label=\"Leer m\u00e1s sobre Violaci\u00f3n grupal en Palermo: \u00abTodos abusaban de la chica\u00bb, dijo la comerciante que ayud\u00f3 a la v\u00edctima\">Leer m\u00e1s<\/a><\/p>\n","protected":false},"author":1,"featured_media":144524,"comment_status":"closed","ping_status":"open","sticky":false,"template":"","format":"standard","meta":{"_monsterinsights_skip_tracking":false,"_monsterinsights_sitenote_active":false,"_monsterinsights_sitenote_note":"","_monsterinsights_sitenote_category":0,"jetpack_post_was_ever_published":false,"_jetpack_newsletter_access":"","_jetpack_dont_email_post_to_subs":false,"_jetpack_newsletter_tier_id":0,"_jetpack_memberships_contains_paywalled_content":false,"_jetpack_memberships_contains_paid_content":false,"footnotes":"","jetpack_publicize_message":"","jetpack_publicize_feature_enabled":true,"jetpack_social_post_already_shared":true,"jetpack_social_options":{"image_generator_settings":{"template":"highway","default_image_id":0,"font":"","enabled":false},"version":2},"_wpas_customize_per_network":false},"categories":[85],"tags":[10352,4467,96,18256],"class_list":["post-144522","post","type-post","status-publish","format-standard","has-post-thumbnail","hentry","category-policial","tag-detencion","tag-palermo","tag-policial-2","tag-violacion","generate-columns","tablet-grid-50","mobile-grid-100","grid-parent","grid-50"],"jetpack_publicize_connections":[],"jetpack_featured_media_url":"https:\/\/www.hoymercedes.com.ar\/principal\/wp-content\/uploads\/2022\/03\/violadores-palermo.png","wps_subtitle":"","jetpack_sharing_enabled":true,"_links":{"self":[{"href":"https:\/\/www.hoymercedes.com.ar\/principal\/wp-json\/wp\/v2\/posts\/144522","targetHints":{"allow":["GET"]}}],"collection":[{"href":"https:\/\/www.hoymercedes.com.ar\/principal\/wp-json\/wp\/v2\/posts"}],"about":[{"href":"https:\/\/www.hoymercedes.com.ar\/principal\/wp-json\/wp\/v2\/types\/post"}],"author":[{"embeddable":true,"href":"https:\/\/www.hoymercedes.com.ar\/principal\/wp-json\/wp\/v2\/users\/1"}],"replies":[{"embeddable":true,"href":"https:\/\/www.hoymercedes.com.ar\/principal\/wp-json\/wp\/v2\/comments?post=144522"}],"version-history":[{"count":0,"href":"https:\/\/www.hoymercedes.com.ar\/principal\/wp-json\/wp\/v2\/posts\/144522\/revisions"}],"wp:featuredmedia":[{"embeddable":true,"href":"https:\/\/www.hoymercedes.com.ar\/principal\/wp-json\/wp\/v2\/media\/144524"}],"wp:attachment":[{"href":"https:\/\/www.hoymercedes.com.ar\/principal\/wp-json\/wp\/v2\/media?parent=144522"}],"wp:term":[{"taxonomy":"category","embeddable":true,"href":"https:\/\/www.hoymercedes.com.ar\/principal\/wp-json\/wp\/v2\/categories?post=144522"},{"taxonomy":"post_tag","embeddable":true,"href":"https:\/\/www.hoymercedes.com.ar\/principal\/wp-json\/wp\/v2\/tags?post=144522"}],"curies":[{"name":"wp","href":"https:\/\/api.w.org\/{rel}","templated":true}]}}