{"id":14455,"date":"2012-07-12T01:23:59","date_gmt":"2012-07-12T01:23:59","guid":{"rendered":"http:\/\/www.hoymercedes.com.ar\/principal\/?p=14455"},"modified":"2012-07-12T01:23:59","modified_gmt":"2012-07-12T01:23:59","slug":"reunion-en-barrio-san-jose-por-cuestiones-de-seguridad","status":"publish","type":"post","link":"https:\/\/www.hoymercedes.com.ar\/principal\/2012\/07\/12\/reunion-en-barrio-san-jose-por-cuestiones-de-seguridad\/","title":{"rendered":"Reuni\u00f3n en Barrio San Jos\u00e9 por cuestiones de seguridad"},"content":{"rendered":"<p>La idea, seg\u00fan manifestaron los organizadores, es comenzar con los barrios Villa el Parque y San Jos\u00e9 y luego continuar con otros sectores de la ciudad<\/p>\n<p>Los concejales pertenecientes a Uni\u00f3n Pro, Juan Carlos Ben\u00edtez y Carlos Aristi, informaron acerca de un proyecto tendiente a formar parillas barriales de seguridad \u201crepitiendo lo que ocurr\u00eda antes que cuando un vecino sal\u00eda de su casas por m\u00e1s de un d\u00eda siempre hab\u00eda otro que de alguna manara se encargaba de ver la vivienda y alertar a las autoridades ante cualquier duda, algo que lamentablemente ahora parece que se ha perdido porque muchos vemos las cosas pero n hacemos absolutamente nada\u201d sostuvieron.<\/p>\n<p>La idea, sostuvo Ben\u00edtez es reunirnos y ver que se puede hacer porque sabemos muy bien que no todos pueden de alguna manera estar pagando mensualmente una vigilancia privada\u201d, mientras que el concejal Aristi agreg\u00f3 \u201cel tema es ver de que manera podremos involucrar directamente al vecino hasta en su propia seguridad.<\/p>\n<p>Se muy bien que nadie mejor que nosotros mismos estamos capacitados para cuidarnos si es que contamos con la suerte de volver a encontrar entre los vecinos esa identidad de barrio que de a poco se fue perdiendo, esa manifestaci\u00f3n y decisi\u00f3n de convivencia entre todos de poder organizarnos. Si no nos ponemos todos detr\u00e1s de una meta com\u00fan que es vivir como lo hemos hecho hasta no hace muchos a\u00f1os atr\u00e1s, creo que habremos perdido una de as grandes ventajas o virtudes que tiene vivir en un pueblo porque no hace falta que digamos que no es lo mismo vivir ac\u00e1 que hacerlo en Capital Federal\u201d<\/p>\n<p>La primera reuni\u00f3n tiene como fecha ya virtualmente estipulada en 25 de julio y seg\u00fan lo manifestado por el concejal Ben\u00edtez \u201chemos conversado con las autoridades del Club San Jos\u00e9 que no tuvieron inconveniente alguno de permitir encontrarnos en sus instalaciones, en esta primera oportunidad vamos a convocar a os vecinos de Villa del Parque y de San Jos\u00e9, y tratar de que concurran la mayor cantidad de vecinos posibles con diferentes realidades y ver entre todos como nos podemos cuidar.<\/p>\n<p>En estos momentos notamos una gran preocupaci\u00f3n en la mayor\u00eda de los vecinos, pero creo que si entre todos aportamos algo y si logramos ello y le podemos sumar la r\u00e1pida respuesta de parte de las autoridades responsables de brindarnos la seguridad que necesitamos todo puede cambiar y de a poco ir consiguiendo que nuestra ciudad en la que realmente todos viv\u00edamos tranquilos\u201d.<\/p>\n<p>Finalmente los concejales sostuvieron que est\u00e1n totalmente convencidos que la mejor manera de cuidarse es trabajar todo el bario, sector por sector, manzana por manzana de una manera coordinada y conjunto cuid\u00e1ndonos entre todos por eso es importante que concurran a la reuni\u00f3n porque tambi\u00e9n es muy importante escuchar el pensamiento de cada uno de los vecinos.<\/p>\n<p>Los pa\u00edses que llamamos desarrollados saben muy bien como respetar las leyes porque conocen a la perfecci\u00f3n que si hacen algo lo pagan, aca es como muy bien sali\u00f3 la semana pasada en un matutino local, el que hace algo lo hace porque total sabe muy viene que al final no pasa absolutamente nada, detienen y alas tres horas y media ya est\u00e1 nuevamente caminando por las calles de la ciudad<\/p>\n","protected":false},"excerpt":{"rendered":"<p>La idea, seg\u00fan manifestaron los organizadores, es comenzar con los barrios Villa el Parque y San Jos\u00e9 y luego continuar &#8230; <a title=\"Reuni\u00f3n en Barrio San Jos\u00e9 por cuestiones de seguridad\" class=\"read-more\" href=\"https:\/\/www.hoymercedes.com.ar\/principal\/2012\/07\/12\/reunion-en-barrio-san-jose-por-cuestiones-de-seguridad\/\" aria-label=\"Leer m\u00e1s sobre Reuni\u00f3n en Barrio San Jos\u00e9 por cuestiones de seguridad\">Leer m\u00e1s<\/a><\/p>\n","protected":false},"author":1,"featured_media":0,"comment_status":"open","ping_status":"open","sticky":false,"template":"","format":"standard","meta":{"_monsterinsights_skip_tracking":false,"_monsterinsights_sitenote_active":false,"_monsterinsights_sitenote_note":"","_monsterinsights_sitenote_category":0,"jetpack_post_was_ever_published":false,"_jetpack_newsletter_access":"","_jetpack_dont_email_post_to_subs":false,"_jetpack_newsletter_tier_id":0,"_jetpack_memberships_contains_paywalled_content":false,"_jetpack_memberships_contains_paid_content":false,"footnotes":"","jetpack_publicize_message":"","jetpack_publicize_feature_enabled":true,"jetpack_social_post_already_shared":false,"jetpack_social_options":{"image_generator_settings":{"template":"highway","default_image_id":0,"font":"","enabled":false},"version":2},"_wpas_customize_per_network":false},"categories":[5],"tags":[1228,469,864,364],"class_list":["post-14455","post","type-post","status-publish","format-standard","hentry","category-politica","tag-aristi","tag-benitez","tag-seguridad-mercedes","tag-union-pro","generate-columns","tablet-grid-50","mobile-grid-100","grid-parent","grid-50"],"jetpack_publicize_connections":[],"jetpack_featured_media_url":"","wps_subtitle":"","jetpack_sharing_enabled":true,"_links":{"self":[{"href":"https:\/\/www.hoymercedes.com.ar\/principal\/wp-json\/wp\/v2\/posts\/14455","targetHints":{"allow":["GET"]}}],"collection":[{"href":"https:\/\/www.hoymercedes.com.ar\/principal\/wp-json\/wp\/v2\/posts"}],"about":[{"href":"https:\/\/www.hoymercedes.com.ar\/principal\/wp-json\/wp\/v2\/types\/post"}],"author":[{"embeddable":true,"href":"https:\/\/www.hoymercedes.com.ar\/principal\/wp-json\/wp\/v2\/users\/1"}],"replies":[{"embeddable":true,"href":"https:\/\/www.hoymercedes.com.ar\/principal\/wp-json\/wp\/v2\/comments?post=14455"}],"version-history":[{"count":0,"href":"https:\/\/www.hoymercedes.com.ar\/principal\/wp-json\/wp\/v2\/posts\/14455\/revisions"}],"wp:attachment":[{"href":"https:\/\/www.hoymercedes.com.ar\/principal\/wp-json\/wp\/v2\/media?parent=14455"}],"wp:term":[{"taxonomy":"category","embeddable":true,"href":"https:\/\/www.hoymercedes.com.ar\/principal\/wp-json\/wp\/v2\/categories?post=14455"},{"taxonomy":"post_tag","embeddable":true,"href":"https:\/\/www.hoymercedes.com.ar\/principal\/wp-json\/wp\/v2\/tags?post=14455"}],"curies":[{"name":"wp","href":"https:\/\/api.w.org\/{rel}","templated":true}]}}