{"id":14458,"date":"2012-07-12T01:27:44","date_gmt":"2012-07-12T01:27:44","guid":{"rendered":"http:\/\/www.hoymercedes.com.ar\/principal\/?p=14458"},"modified":"2012-07-12T01:27:44","modified_gmt":"2012-07-12T01:27:44","slug":"selva-en-acto-con-cristina-fernandez-de-kircner-y-daniel-scioli","status":"publish","type":"post","link":"https:\/\/www.hoymercedes.com.ar\/principal\/2012\/07\/12\/selva-en-acto-con-cristina-fernandez-de-kircner-y-daniel-scioli\/","title":{"rendered":"Selva en acto con Cristina Fern\u00e1ndez de Kircner y Daniel Scioli"},"content":{"rendered":"<p><a href=\"https:\/\/www.hoymercedes.com.ar\/principal\/wp-content\/uploads\/2012\/07\/Sicoli-CristinaFern\u00e1ndez.jpg\"><img loading=\"lazy\" decoding=\"async\" data-attachment-id=\"14460\" data-permalink=\"https:\/\/www.hoymercedes.com.ar\/principal\/2012\/07\/12\/selva-en-acto-con-cristina-fernandez-de-kircner-y-daniel-scioli\/sicoli-cristinafernandez\/#main\" data-orig-file=\"https:\/\/www.hoymercedes.com.ar\/principal\/wp-content\/uploads\/2012\/07\/Sicoli-CristinaFern\u00e1ndez.jpg\" data-orig-size=\"614,399\" data-comments-opened=\"1\" data-image-meta=\"{&quot;aperture&quot;:&quot;0&quot;,&quot;credit&quot;:&quot;&quot;,&quot;camera&quot;:&quot;&quot;,&quot;caption&quot;:&quot;&quot;,&quot;created_timestamp&quot;:&quot;0&quot;,&quot;copyright&quot;:&quot;&quot;,&quot;focal_length&quot;:&quot;0&quot;,&quot;iso&quot;:&quot;0&quot;,&quot;shutter_speed&quot;:&quot;0&quot;,&quot;title&quot;:&quot;&quot;}\" data-image-title=\"Sicoli-CristinaFern\u00e1ndez\" data-image-description=\"\" data-image-caption=\"\" data-large-file=\"https:\/\/www.hoymercedes.com.ar\/principal\/wp-content\/uploads\/2012\/07\/Sicoli-CristinaFern\u00e1ndez.jpg\" class=\"aligncenter size-full wp-image-14460\" title=\"Sicoli-CristinaFern\u00e1ndez\" src=\"https:\/\/www.hoymercedes.com.ar\/principal\/wp-content\/uploads\/2012\/07\/Sicoli-CristinaFern\u00e1ndez.jpg\" alt=\"\" width=\"614\" height=\"399\" \/><\/a><\/p>\n<p>La presidente de la Nacion Cristina Fern\u00e1ndez de Kirchner y el Gobernador de la Provincia de Bs. As. Daniel Scioli encabezaron la colocaci\u00f3n de la piedra fundamental de una planta industrial en la ciudad de Gral. Rodriguez, para fabricar maquinaria agr\u00edcola que funcionar\u00e1 con una inversi\u00f3n de 140 millones de d\u00f3lares.<\/p>\n<p>La Presidente y el Gobernador, estuvieron acompa\u00f1ados por el jefe comunal de General Rodr\u00edguez, Juan Pabo Anghileri; el gobernador bonaerense, Daniel Scioli; la ministra de Industria, D\u00e9bora Giorgi; el secretario de Comercio Interior, Guillermo Moreno y otras autoridades, adem\u00e1s de distintos Intendentes como el de nuestra ciudad Carlos Selva, el de Navarro Santiago Magiotti, el Suipacha Antonio Delfino, de Marcos Paz Ricardo Curutchet, de San Miguel Joaquin de La Torre, de Lujan Oscar Luciani, de Moreno Mariano West y de Jose C. Paz Carlos Urquiaga.<\/p>\n<p>Se trata de una empresa l\u00edder en el dise\u00f1o, fabricaci\u00f3n y distribuci\u00f3n de m\u00e1quinarias agr\u00edcolas y adem\u00e1s tiene una l\u00ednea completa de tractores, cosechadoras, m\u00e1quinas forrajeras, pulverizadoras e implementos que son distribu\u00eddos en m\u00e1s de 140 pa\u00edses a trav\u00e9s de m\u00e1s de tres mil concesionarias. La planta demandar\u00e1 una inversi\u00f3n de m\u00e1s de 140 millones de d\u00f3lares.<\/p>\n<p>\u00abEl Estado nacional ha acompa\u00f1ado esta inversi\u00f3n muy fuerte\u00bb, enfatiz\u00f3 la Presidenta al encabezar el acto de colocaci\u00f3n de la piedra fundamental para la construcci\u00f3n de una planta de producci\u00f3n de maquinarias agr\u00edcolas en General Rodr\u00edguez.<\/p>\n<p>\u00abLo importante es trabajar, gestionar y no creer que la realidad se hace a partir de la construcciones de operaciones, novelas o cosas que no existen\u00bb, sostuvo Cristina Kirchner al pronunciar su discurso en un acto.<\/p>\n<p>Ademas precis\u00f3 que \u00abdesde 2003 a la fecha entre transferencias directas e indirectas la Naci\u00f3n le dio a la provincia de Buenos Aires $400 mil millones, una cifra in\u00e9dita\u00bb.<\/p>\n<p>\u00abEste modelo ha depositado en obra p\u00fablica e infraestructura, y promociones industriales, pol\u00edticas activas para levantar y seguir invirtiendo\u00bb, enfatiz\u00f3.<\/p>\n<p>En ese marco, la jefa de Estado destac\u00f3 que \u00aba partir del 2003 comenz\u00f3 a instalarse en la provincia de Buenos Aires y en General Rodr\u00edguez en particular, un fuerte proceso de reindustrializaci\u00f3n\u00bb<\/p>\n","protected":false},"excerpt":{"rendered":"<p>La presidente de la Nacion Cristina Fern\u00e1ndez de Kirchner y el Gobernador de la Provincia de Bs. As. Daniel Scioli &#8230; <a title=\"Selva en acto con Cristina Fern\u00e1ndez de Kircner y Daniel Scioli\" class=\"read-more\" href=\"https:\/\/www.hoymercedes.com.ar\/principal\/2012\/07\/12\/selva-en-acto-con-cristina-fernandez-de-kircner-y-daniel-scioli\/\" aria-label=\"Leer m\u00e1s sobre Selva en acto con Cristina Fern\u00e1ndez de Kircner y Daniel Scioli\">Leer m\u00e1s<\/a><\/p>\n","protected":false},"author":1,"featured_media":0,"comment_status":"open","ping_status":"open","sticky":false,"template":"","format":"standard","meta":{"_monsterinsights_skip_tracking":false,"_monsterinsights_sitenote_active":false,"_monsterinsights_sitenote_note":"","_monsterinsights_sitenote_category":0,"jetpack_post_was_ever_published":false,"_jetpack_newsletter_access":"","_jetpack_dont_email_post_to_subs":false,"_jetpack_newsletter_tier_id":0,"_jetpack_memberships_contains_paywalled_content":false,"_jetpack_memberships_contains_paid_content":false,"footnotes":"","jetpack_publicize_message":"","jetpack_publicize_feature_enabled":true,"jetpack_social_post_already_shared":false,"jetpack_social_options":{"image_generator_settings":{"template":"highway","default_image_id":0,"font":"","enabled":false},"version":2},"_wpas_customize_per_network":false},"categories":[5],"tags":[39,1157,2204],"class_list":["post-14458","post","type-post","status-publish","format-standard","hentry","category-politica","tag-carlos-selva","tag-cristina-fernandez-de-kirchner","tag-daniel-scioli","generate-columns","tablet-grid-50","mobile-grid-100","grid-parent","grid-50"],"jetpack_publicize_connections":[],"jetpack_featured_media_url":"","wps_subtitle":"","jetpack_sharing_enabled":true,"_links":{"self":[{"href":"https:\/\/www.hoymercedes.com.ar\/principal\/wp-json\/wp\/v2\/posts\/14458","targetHints":{"allow":["GET"]}}],"collection":[{"href":"https:\/\/www.hoymercedes.com.ar\/principal\/wp-json\/wp\/v2\/posts"}],"about":[{"href":"https:\/\/www.hoymercedes.com.ar\/principal\/wp-json\/wp\/v2\/types\/post"}],"author":[{"embeddable":true,"href":"https:\/\/www.hoymercedes.com.ar\/principal\/wp-json\/wp\/v2\/users\/1"}],"replies":[{"embeddable":true,"href":"https:\/\/www.hoymercedes.com.ar\/principal\/wp-json\/wp\/v2\/comments?post=14458"}],"version-history":[{"count":0,"href":"https:\/\/www.hoymercedes.com.ar\/principal\/wp-json\/wp\/v2\/posts\/14458\/revisions"}],"wp:attachment":[{"href":"https:\/\/www.hoymercedes.com.ar\/principal\/wp-json\/wp\/v2\/media?parent=14458"}],"wp:term":[{"taxonomy":"category","embeddable":true,"href":"https:\/\/www.hoymercedes.com.ar\/principal\/wp-json\/wp\/v2\/categories?post=14458"},{"taxonomy":"post_tag","embeddable":true,"href":"https:\/\/www.hoymercedes.com.ar\/principal\/wp-json\/wp\/v2\/tags?post=14458"}],"curies":[{"name":"wp","href":"https:\/\/api.w.org\/{rel}","templated":true}]}}