{"id":144655,"date":"2022-03-02T22:37:00","date_gmt":"2022-03-03T01:37:00","guid":{"rendered":"https:\/\/www.hoymercedes.com.ar\/principal\/?p=144655"},"modified":"2022-03-02T23:53:47","modified_gmt":"2022-03-03T02:53:47","slug":"la-seleccion-con-cangaro-y-viola-no-pudo-con-brasil-en-su-debut","status":"publish","type":"post","link":"https:\/\/www.hoymercedes.com.ar\/principal\/2022\/03\/02\/la-seleccion-con-cangaro-y-viola-no-pudo-con-brasil-en-su-debut\/","title":{"rendered":"La selecci\u00f3n con C\u00e1ngaro y Viola no pudo con Brasil en su debut"},"content":{"rendered":"\n<p>El seleccionado argentino femenino de f\u00fatbol Sub 17 cay\u00f3 este mi\u00e9rcoles ante su par de Brasil, por 3-0, en el estreno de ambos por el grupo B del Sudamericano de la categor\u00eda, que se lleva a cabo en la ciudad de Montevideo, Uruguay.<\/p>\n\n\n\n<div class=\"wp-block-image\"><figure class=\"aligncenter size-full\"><img loading=\"lazy\" decoding=\"async\" width=\"951\" height=\"633\" data-attachment-id=\"144660\" data-permalink=\"https:\/\/www.hoymercedes.com.ar\/principal\/2022\/03\/02\/la-seleccion-con-cangaro-y-viola-no-pudo-con-brasil-en-su-debut\/2022-03-02-9\/#main\" data-orig-file=\"https:\/\/www.hoymercedes.com.ar\/principal\/wp-content\/uploads\/2022\/03\/2022-03-02-9.png\" data-orig-size=\"951,633\" data-comments-opened=\"0\" data-image-meta=\"{&quot;aperture&quot;:&quot;0&quot;,&quot;credit&quot;:&quot;&quot;,&quot;camera&quot;:&quot;&quot;,&quot;caption&quot;:&quot;&quot;,&quot;created_timestamp&quot;:&quot;0&quot;,&quot;copyright&quot;:&quot;&quot;,&quot;focal_length&quot;:&quot;0&quot;,&quot;iso&quot;:&quot;0&quot;,&quot;shutter_speed&quot;:&quot;0&quot;,&quot;title&quot;:&quot;&quot;,&quot;orientation&quot;:&quot;0&quot;}\" data-image-title=\"2022-03-02 (9)\" data-image-description=\"\" data-image-caption=\"\" data-large-file=\"https:\/\/www.hoymercedes.com.ar\/principal\/wp-content\/uploads\/2022\/03\/2022-03-02-9.png\" src=\"https:\/\/www.hoymercedes.com.ar\/principal\/wp-content\/uploads\/2022\/03\/2022-03-02-9.png\" alt=\"\" class=\"wp-image-144660\" srcset=\"https:\/\/www.hoymercedes.com.ar\/principal\/wp-content\/uploads\/2022\/03\/2022-03-02-9.png 951w, https:\/\/www.hoymercedes.com.ar\/principal\/wp-content\/uploads\/2022\/03\/2022-03-02-9-630x419.png 630w, https:\/\/www.hoymercedes.com.ar\/principal\/wp-content\/uploads\/2022\/03\/2022-03-02-9-150x100.png 150w, https:\/\/www.hoymercedes.com.ar\/principal\/wp-content\/uploads\/2022\/03\/2022-03-02-9-700x465.png 700w\" sizes=\"auto, (max-width: 951px) 100vw, 951px\" \/><\/figure><\/div>\n\n\n\n<p>En el estadio Charr\u00faa, el equipo albiceleste dirigido por Christian Meloni no pudo contrarrestar el poder\u00edo ofensivo del adversario, que se impuso con los goles marcados por Aline y Jhonson (2).<\/p>\n\n\n\n<p>La formaci\u00f3n de Argentina contempl\u00f3 a Lara Esponda; Juana C\u00e1ngaro, Camila Duarte, Tatiana Sarmiento y Milagros Mart\u00edn; Valentina Tesio y Sof\u00eda Dom\u00ednguez; Brenda Flores, Nazarena Viola y Kishi N\u00fa\u00f1ez; Luciana P\u00e9rez.<\/p>\n\n\n\n<p>De acuerdo al sitio de AFA en el segundo per\u00edodo ingresaron Delfina Lombardi por P\u00e9rez, Guadalupe Donato por N\u00fa\u00f1ez, Valentina Ahumada por Tesio, Julieta Mart\u00ednez por Dom\u00ednguez y Roc\u00edo Figueredo por Viola.<\/p>\n\n\n\n<p>La capitana Dom\u00ednguez, al t\u00e9rmino del partido, reconoci\u00f3 que el equipo \u201cest\u00e1 en proceso de formaci\u00f3n. Pero no somos m\u00e1s ni menos que nadie\u201d, indic\u00f3.<\/p>\n\n\n\n<p>\u201cTuvimos errores pero sabemos que corrigi\u00e9ndolos somos capaces de ganarle a cualquiera\u201d, se entusiasm\u00f3.<\/p>\n\n\n\n<p>Argentina animar\u00e1 su segundo encuentro en la zona este viernes, enfrent\u00e1ndose a Venezuela. En otro encuentro jugado este mi\u00e9rcoles, por la jornada inaugural del grupo B, Paraguay super\u00f3 f\u00e1cil a Bolivia, por 5-1.<\/p>\n\n\n\n<p>Por el grupo A, el martes pasado, el local Uruguay derrot\u00f3 a Per\u00fa por 2-0, mientras que Chile le gan\u00f3 a Ecuador, por 1-0.<\/p>\n\n\n\n<p>Fuente: La Voz<\/p>\n\n\n\n<p>Ver los goles: <\/p>\n\n\n\n<figure class=\"wp-block-embed is-type-video is-provider-youtube wp-block-embed-youtube wp-embed-aspect-16-9 wp-has-aspect-ratio\"><div class=\"wp-block-embed__wrapper\">\n<span class=\"embed-youtube\" style=\"text-align:center; display: block;\"><iframe loading=\"lazy\" class=\"youtube-player\" width=\"1200\" height=\"675\" src=\"https:\/\/www.youtube.com\/embed\/p7LfwXQWQm8?version=3&#038;rel=1&#038;showsearch=0&#038;showinfo=1&#038;iv_load_policy=1&#038;fs=1&#038;hl=es-ES&#038;autohide=2&#038;wmode=transparent\" allowfullscreen=\"true\" style=\"border:0;\" sandbox=\"allow-scripts allow-same-origin allow-popups allow-presentation allow-popups-to-escape-sandbox\"><\/iframe><\/span>\n<\/div><\/figure>\n\n\n\n<p><a rel=\"noreferrer noopener\" href=\"https:\/\/m.youtube.com\/watch?v=p7LfwXQWQm8&amp;fbclid=IwAR2xN8iWpgsEYfwXJeVn9eukk3vIZAhP1nROzNwu2cudBbHkMKFLeBytj3A\" target=\"_blank\"><\/a><\/p>\n\n\n\n<p><a rel=\"noreferrer noopener\" href=\"https:\/\/m.youtube.com\/watch?v=p7LfwXQWQm8&amp;fbclid=IwAR2xN8iWpgsEYfwXJeVn9eukk3vIZAhP1nROzNwu2cudBbHkMKFLeBytj3A\" target=\"_blank\"><\/a><\/p>\n","protected":false},"excerpt":{"rendered":"<p>El seleccionado argentino femenino de f\u00fatbol Sub 17 cay\u00f3 este mi\u00e9rcoles ante su par de Brasil, por 3-0, en el &#8230; <a title=\"La selecci\u00f3n con C\u00e1ngaro y Viola no pudo con Brasil en su debut\" class=\"read-more\" href=\"https:\/\/www.hoymercedes.com.ar\/principal\/2022\/03\/02\/la-seleccion-con-cangaro-y-viola-no-pudo-con-brasil-en-su-debut\/\" aria-label=\"Leer m\u00e1s sobre La selecci\u00f3n con C\u00e1ngaro y Viola no pudo con Brasil en su debut\">Leer m\u00e1s<\/a><\/p>\n","protected":false},"author":1,"featured_media":144660,"comment_status":"closed","ping_status":"open","sticky":false,"template":"","format":"standard","meta":{"_monsterinsights_skip_tracking":false,"_monsterinsights_sitenote_active":false,"_monsterinsights_sitenote_note":"","_monsterinsights_sitenote_category":0,"jetpack_post_was_ever_published":false,"_jetpack_newsletter_access":"","_jetpack_dont_email_post_to_subs":false,"_jetpack_newsletter_tier_id":0,"_jetpack_memberships_contains_paywalled_content":false,"_jetpack_memberships_contains_paid_content":false,"footnotes":"","jetpack_publicize_message":"","jetpack_publicize_feature_enabled":true,"jetpack_social_post_already_shared":true,"jetpack_social_options":{"image_generator_settings":{"template":"highway","default_image_id":0,"font":"","enabled":false},"version":2},"_wpas_customize_per_network":false},"categories":[21],"tags":[204,1003],"class_list":["post-144655","post","type-post","status-publish","format-standard","has-post-thumbnail","hentry","category-deportes","tag-deportes-2","tag-futbol","generate-columns","tablet-grid-50","mobile-grid-100","grid-parent","grid-50"],"jetpack_publicize_connections":[],"jetpack_featured_media_url":"https:\/\/www.hoymercedes.com.ar\/principal\/wp-content\/uploads\/2022\/03\/2022-03-02-9.png","wps_subtitle":"","jetpack_sharing_enabled":true,"jetpack-related-posts":[{"id":149938,"url":"https:\/\/www.hoymercedes.com.ar\/principal\/2022\/06\/27\/municipio-y-hcd-reconocieron-a-juana-cangaro-y-nazarena-viola\/","url_meta":{"origin":144655,"position":0},"title":"Municipio y HCD reconocieron a Juana C\u00e1ngaro y Nazarena Viola","author":"hoymercedes","date":"27 junio, 2022","format":false,"excerpt":"Municipio y HCD reconocieron a Juana C\u00e1ngaro y Nazarena Viola","rel":"","context":"En \u00abDeportes\u00bb","block_context":{"text":"Deportes","link":"https:\/\/www.hoymercedes.com.ar\/principal\/category\/deportes\/"},"img":{"alt_text":"","src":"https:\/\/i0.wp.com\/www.hoymercedes.com.ar\/principal\/wp-content\/uploads\/2022\/06\/nazajuana-2.jpeg?resize=350%2C200&ssl=1","width":350,"height":200,"srcset":"https:\/\/i0.wp.com\/www.hoymercedes.com.ar\/principal\/wp-content\/uploads\/2022\/06\/nazajuana-2.jpeg?resize=350%2C200&ssl=1 1x, https:\/\/i0.wp.com\/www.hoymercedes.com.ar\/principal\/wp-content\/uploads\/2022\/06\/nazajuana-2.jpeg?resize=525%2C300&ssl=1 1.5x, https:\/\/i0.wp.com\/www.hoymercedes.com.ar\/principal\/wp-content\/uploads\/2022\/06\/nazajuana-2.jpeg?resize=700%2C400&ssl=1 2x"},"classes":[]},{"id":144514,"url":"https:\/\/www.hoymercedes.com.ar\/principal\/2022\/03\/01\/juana-cangaro-y-nazarena-viola-arrancan-en-el-sudamericano-sub17\/","url_meta":{"origin":144655,"position":1},"title":"Juana C\u00e1ngaro y Nazarena Viola arrancan en el Sudamericano Sub17","author":"hoymercedes","date":"1 marzo, 2022","format":false,"excerpt":"Este martes 1\u00b0 de marzo arranca en el Torneo Sudamericano de Futbol Femenino Sub 17 en Uruguay. Dos mercedinas son parte de la selecci\u00f3n nacional que competir\u00e1n este mi\u00e9rcoles 2 en el estadio Charr\u00faa contra Brasil, a las 18:30 hs. Se trata de Juan C\u00e1ngaro y Nazarena Viola. Ambas est\u00e1n\u2026","rel":"","context":"En \u00abDeportes\u00bb","block_context":{"text":"Deportes","link":"https:\/\/www.hoymercedes.com.ar\/principal\/category\/deportes\/"},"img":{"alt_text":"","src":"https:\/\/i0.wp.com\/www.hoymercedes.com.ar\/principal\/wp-content\/uploads\/2022\/03\/futbolFemesub17.jpg?resize=350%2C200&ssl=1","width":350,"height":200,"srcset":"https:\/\/i0.wp.com\/www.hoymercedes.com.ar\/principal\/wp-content\/uploads\/2022\/03\/futbolFemesub17.jpg?resize=350%2C200&ssl=1 1x, https:\/\/i0.wp.com\/www.hoymercedes.com.ar\/principal\/wp-content\/uploads\/2022\/03\/futbolFemesub17.jpg?resize=525%2C300&ssl=1 1.5x"},"classes":[]},{"id":144733,"url":"https:\/\/www.hoymercedes.com.ar\/principal\/2022\/03\/04\/juana-cangaro-marco-el-gol-del-triunfo-de-argentina-contra-venezuela\/","url_meta":{"origin":144655,"position":2},"title":"Juana C\u00e1ngaro marc\u00f3 el gol del triunfo de Argentina contra Venezuela","author":"hoymercedes","date":"4 marzo, 2022","format":false,"excerpt":"La Selecci\u00f3n Femenina Sub 17 venci\u00f3 1-0 a Venezuela en lo que fue su primera victoria en el Sudamericano disputado en el Estadio Charr\u00faa. A los 15 minutos de juego, la mercedina Juana Cangaro desat\u00f3 un remate de media distancia para poner el 1-0. Finalizado el partido, Juana C\u00e1ngaro brind\u00f3\u2026","rel":"","context":"En \u00abDeportes\u00bb","block_context":{"text":"Deportes","link":"https:\/\/www.hoymercedes.com.ar\/principal\/category\/deportes\/"},"img":{"alt_text":"","src":"https:\/\/i0.wp.com\/www.hoymercedes.com.ar\/principal\/wp-content\/uploads\/2022\/03\/gol-juana-cang.jpeg?resize=350%2C200&ssl=1","width":350,"height":200,"srcset":"https:\/\/i0.wp.com\/www.hoymercedes.com.ar\/principal\/wp-content\/uploads\/2022\/03\/gol-juana-cang.jpeg?resize=350%2C200&ssl=1 1x, https:\/\/i0.wp.com\/www.hoymercedes.com.ar\/principal\/wp-content\/uploads\/2022\/03\/gol-juana-cang.jpeg?resize=525%2C300&ssl=1 1.5x, https:\/\/i0.wp.com\/www.hoymercedes.com.ar\/principal\/wp-content\/uploads\/2022\/03\/gol-juana-cang.jpeg?resize=700%2C400&ssl=1 2x"},"classes":[]},{"id":145167,"url":"https:\/\/www.hoymercedes.com.ar\/principal\/2022\/03\/10\/el-gol-de-nazarena-viola-no-alcanzo-para-pasar-la-fase\/","url_meta":{"origin":144655,"position":3},"title":"El gol de Nazarena Viola no alcanz\u00f3 para pasar la fase","author":"hoymercedes","date":"10 marzo, 2022","format":false,"excerpt":"El seleccionado de futbol femenino sub 17 que integran las mercedinas Nazarena Viola y Juana C\u00e1ngaro, empat\u00f3 en la tarde de este jueves ante Paraguay, \u00faltima fecha de la zona de grupos. El gol de Nazarena con el que se inici\u00f3 el tanteador ilusion\u00f3 al equipo argentino, pero el empate\u2026","rel":"","context":"En \u00abDeportes\u00bb","block_context":{"text":"Deportes","link":"https:\/\/www.hoymercedes.com.ar\/principal\/category\/deportes\/"},"img":{"alt_text":"","src":"https:\/\/i0.wp.com\/www.hoymercedes.com.ar\/principal\/wp-content\/uploads\/2022\/03\/IMG_20220310_180349_copy_800x533.jpg?resize=350%2C200&ssl=1","width":350,"height":200,"srcset":"https:\/\/i0.wp.com\/www.hoymercedes.com.ar\/principal\/wp-content\/uploads\/2022\/03\/IMG_20220310_180349_copy_800x533.jpg?resize=350%2C200&ssl=1 1x, https:\/\/i0.wp.com\/www.hoymercedes.com.ar\/principal\/wp-content\/uploads\/2022\/03\/IMG_20220310_180349_copy_800x533.jpg?resize=525%2C300&ssl=1 1.5x, https:\/\/i0.wp.com\/www.hoymercedes.com.ar\/principal\/wp-content\/uploads\/2022\/03\/IMG_20220310_180349_copy_800x533.jpg?resize=700%2C400&ssl=1 2x"},"classes":[]},{"id":157813,"url":"https:\/\/www.hoymercedes.com.ar\/principal\/2023\/01\/30\/futbol-femenino-las-mercedinas-comienzan-su-pretemporada\/","url_meta":{"origin":144655,"position":4},"title":"Futbol femenino: las mercedinas comienzan su pretemporada\u00a0","author":"hoymercedes","date":"30 enero, 2023","format":false,"excerpt":"Juana C\u00e1ngaro, Nazarena Viola y Micaela Adorno comenzaron con los trabajos de pretemporada en sus respectivos clubes.\u00a0","rel":"","context":"En \u00abDeportes\u00bb","block_context":{"text":"Deportes","link":"https:\/\/www.hoymercedes.com.ar\/principal\/category\/deportes\/"},"img":{"alt_text":"","src":"https:\/\/i0.wp.com\/www.hoymercedes.com.ar\/principal\/wp-content\/uploads\/2023\/01\/dfem-3001-1.jpeg?resize=350%2C200&ssl=1","width":350,"height":200,"srcset":"https:\/\/i0.wp.com\/www.hoymercedes.com.ar\/principal\/wp-content\/uploads\/2023\/01\/dfem-3001-1.jpeg?resize=350%2C200&ssl=1 1x, https:\/\/i0.wp.com\/www.hoymercedes.com.ar\/principal\/wp-content\/uploads\/2023\/01\/dfem-3001-1.jpeg?resize=525%2C300&ssl=1 1.5x, https:\/\/i0.wp.com\/www.hoymercedes.com.ar\/principal\/wp-content\/uploads\/2023\/01\/dfem-3001-1.jpeg?resize=700%2C400&ssl=1 2x"},"classes":[]},{"id":105478,"url":"https:\/\/www.hoymercedes.com.ar\/principal\/2020\/01\/22\/nazarena-viola-y-juana-cangaro-viajar-a-paraguay-con-el-sub-14-de-river\/","url_meta":{"origin":144655,"position":5},"title":"Nazarena Viola y Juana C\u00e1ngaro viajar a Paraguay con el Sub 14 de River","author":"hoymercedes","date":"22 enero, 2020","format":false,"excerpt":"La Fiesta Evoluci\u00f3n 2020 de la Direcci\u00f3n de Desarrollo de la CONMEBOL tom\u00f3 forma tras el sorteo de Grupos de sus tres categor\u00edas. El evento se realiz\u00f3 en la CONMEBOL este mi\u00e9rcoles 15 de enero. M\u00e1s de 700 jugadoras y jugadores de las categor\u00edas deportivas, Sub-14 y Sub-16 Femeninas y\u2026","rel":"","context":"En \u00abDeportes\u00bb","block_context":{"text":"Deportes","link":"https:\/\/www.hoymercedes.com.ar\/principal\/category\/deportes\/"},"img":{"alt_text":"","src":"https:\/\/i0.wp.com\/www.hoymercedes.com.ar\/principal\/wp-content\/uploads\/2020\/01\/Captura-de-pantalla-2020-01-22-17.51.14.png?resize=350%2C200&ssl=1","width":350,"height":200,"srcset":"https:\/\/i0.wp.com\/www.hoymercedes.com.ar\/principal\/wp-content\/uploads\/2020\/01\/Captura-de-pantalla-2020-01-22-17.51.14.png?resize=350%2C200&ssl=1 1x, https:\/\/i0.wp.com\/www.hoymercedes.com.ar\/principal\/wp-content\/uploads\/2020\/01\/Captura-de-pantalla-2020-01-22-17.51.14.png?resize=525%2C300&ssl=1 1.5x"},"classes":[]}],"_links":{"self":[{"href":"https:\/\/www.hoymercedes.com.ar\/principal\/wp-json\/wp\/v2\/posts\/144655","targetHints":{"allow":["GET"]}}],"collection":[{"href":"https:\/\/www.hoymercedes.com.ar\/principal\/wp-json\/wp\/v2\/posts"}],"about":[{"href":"https:\/\/www.hoymercedes.com.ar\/principal\/wp-json\/wp\/v2\/types\/post"}],"author":[{"embeddable":true,"href":"https:\/\/www.hoymercedes.com.ar\/principal\/wp-json\/wp\/v2\/users\/1"}],"replies":[{"embeddable":true,"href":"https:\/\/www.hoymercedes.com.ar\/principal\/wp-json\/wp\/v2\/comments?post=144655"}],"version-history":[{"count":0,"href":"https:\/\/www.hoymercedes.com.ar\/principal\/wp-json\/wp\/v2\/posts\/144655\/revisions"}],"wp:featuredmedia":[{"embeddable":true,"href":"https:\/\/www.hoymercedes.com.ar\/principal\/wp-json\/wp\/v2\/media\/144660"}],"wp:attachment":[{"href":"https:\/\/www.hoymercedes.com.ar\/principal\/wp-json\/wp\/v2\/media?parent=144655"}],"wp:term":[{"taxonomy":"category","embeddable":true,"href":"https:\/\/www.hoymercedes.com.ar\/principal\/wp-json\/wp\/v2\/categories?post=144655"},{"taxonomy":"post_tag","embeddable":true,"href":"https:\/\/www.hoymercedes.com.ar\/principal\/wp-json\/wp\/v2\/tags?post=144655"}],"curies":[{"name":"wp","href":"https:\/\/api.w.org\/{rel}","templated":true}]}}