{"id":144703,"date":"2022-03-04T11:16:00","date_gmt":"2022-03-04T14:16:00","guid":{"rendered":"https:\/\/www.hoymercedes.com.ar\/principal\/?p=144703"},"modified":"2022-03-04T15:00:35","modified_gmt":"2022-03-04T18:00:35","slug":"vacuna-pfizer-pediatrica-advierten-que-es-poco-efectiva-contra-la-variante-omicron","status":"publish","type":"post","link":"https:\/\/www.hoymercedes.com.ar\/principal\/2022\/03\/04\/vacuna-pfizer-pediatrica-advierten-que-es-poco-efectiva-contra-la-variante-omicron\/","title":{"rendered":"Vacuna Pfizer pedi\u00e1trica: Advierten que es poco efectiva contra la variante \u00d3micron"},"content":{"rendered":"\n<p><strong><em>Un nuevo estudio realizado por investigadores de Estados Unidos puso en duda la eficacia de las vacunas pedi\u00e1tricas fabricadas por el laboratorio l\u00edder a nivel mundial en la industria farmac\u00e9utica, con sede en Nueva York.<\/em><\/strong><\/p>\n\n\n\n<div class=\"wp-block-image\"><figure class=\"aligncenter\"><img decoding=\"async\" src=\"https:\/\/d1iibezb83drel.cloudfront.net\/wp-content\/uploads\/2021\/10\/vacuna-menores-688x387.webp\" alt=\"Vacunaci\u00f3n en pandemia\"\/><figcaption>Vacunaci\u00f3n en pandemia<\/figcaption><\/figure><\/div>\n\n\n\n<p>A mediados de febrero lleg\u00f3 al pa\u00eds el primer cargamento de vacunas de Pfizer contra el coronavirus, para ni\u00f1os de entre 5 y 11 a\u00f1os. Fueron unas 216.000 dosis, y esta semana se distribuir\u00e1 en todo el territorio nacional un total de 432.000.<\/p>\n\n\n\n<p>En tal marco, un nuevo estudio realizado por investigadores de Estados Unidos puso en duda la eficacia de las vacunas pedi\u00e1tricas fabricadas por el laboratorio l\u00edder a nivel mundial en la industria farmac\u00e9utica, con sede en Nueva York.<\/p>\n\n\n\n<p>Eli Rosenberg, subdirector cient\u00edfico del Departamento de Salud del estado de Nueva York, dirigi\u00f3 la investigaci\u00f3n junto a Vajeera Dorabawila, Dina Hoefer, Ursula E Bauer, Mary Bassett, y Emily Lutterloh.<\/p>\n\n\n\n<p>Analizaron los casos y las tasas de hospitalizaci\u00f3n del 13 de diciembre de 2021 al 30 de enero de 2022 entre 852.384 chicos de 12 a 17 a\u00f1os completamente vacunados, y 365.502 chicos de cinco a 11.<\/p>\n\n\n\n<p>Los resultados arrojaron que la efectividad de dicha vacuna contra la hospitalizaci\u00f3n durante el aumento de la variante \u00d3micron baj\u00f3 del 85% al 73% en ni\u00f1as y ni\u00f1os de entre 12 y 17 a\u00f1os de edad. Y en el segundo grupo, de cinco a 11 a\u00f1os, cay\u00f3 del 100% al 48%.<\/p>\n\n\n\n<p>Y un dato m\u00e1s alarmante a\u00fan, es que en la \u00faltima semana de enero, se comprob\u00f3 que la efectividad de la vacuna contra el Covid-19 en ni\u00f1os de 12 a\u00f1os fue de un 67% mientras que en ni\u00f1os de 11, fue s\u00f3lo de un 11%. <\/p>\n\n\n\n<p>Consultado por la prensa estadounidense tras la publicaci\u00f3n del informe, el inmun\u00f3logo de la Escuela de Medicina Icahn de Mount Sinai, Florian Krammer, explic\u00f3 que la diferencia podr\u00eda estar relacionada a la dosis.<\/p>\n\n\n\n<p>Mientras que a los ni\u00f1os de 12 a\u00f1os se les aplican 30 mg, como a los adultos, a los chicos de 11 a\u00f1os se les administra una dosis inferior, de s\u00f3lo 10 mg. \u201cLa diferencia entre los dos grupos de edad es sorprendente. Esto es s\u00faper interesante porque casi sugerir\u00eda que es la dosis lo que hace la diferencia\u201d, advirti\u00f3.<\/p>\n\n\n\n<p>Por su parte, Rosenberg aclar\u00f3 que \u201ces decepcionante, pero no del todo sorprendente, porque es una vacuna desarrollada para una variante anterior\u201d, aunque igualmente recomendando el uso de la vacuna en los ni\u00f1os, dada su protecci\u00f3n contra cuadros graves.<\/p>\n","protected":false},"excerpt":{"rendered":"<p>Un nuevo estudio realizado por investigadores de Estados Unidos puso en duda la eficacia de las vacunas pedi\u00e1tricas fabricadas por &#8230; <a title=\"Vacuna Pfizer pedi\u00e1trica: Advierten que es poco efectiva contra la variante \u00d3micron\" class=\"read-more\" href=\"https:\/\/www.hoymercedes.com.ar\/principal\/2022\/03\/04\/vacuna-pfizer-pediatrica-advierten-que-es-poco-efectiva-contra-la-variante-omicron\/\" aria-label=\"Leer m\u00e1s sobre Vacuna Pfizer pedi\u00e1trica: Advierten que es poco efectiva contra la variante \u00d3micron\">Leer m\u00e1s<\/a><\/p>\n","protected":false},"author":1,"featured_media":141605,"comment_status":"closed","ping_status":"open","sticky":false,"template":"","format":"standard","meta":{"_monsterinsights_skip_tracking":false,"_monsterinsights_sitenote_active":false,"_monsterinsights_sitenote_note":"","_monsterinsights_sitenote_category":0,"jetpack_post_was_ever_published":false,"_jetpack_newsletter_access":"","_jetpack_dont_email_post_to_subs":false,"_jetpack_newsletter_tier_id":0,"_jetpack_memberships_contains_paywalled_content":false,"_jetpack_memberships_contains_paid_content":false,"footnotes":"","jetpack_publicize_message":"","jetpack_publicize_feature_enabled":true,"jetpack_social_post_already_shared":true,"jetpack_social_options":{"image_generator_settings":{"template":"highway","default_image_id":0,"font":"","enabled":false},"version":2},"_wpas_customize_per_network":false},"categories":[8],"tags":[134],"class_list":["post-144703","post","type-post","status-publish","format-standard","has-post-thumbnail","hentry","category-sociedad","tag-salud","generate-columns","tablet-grid-50","mobile-grid-100","grid-parent","grid-50"],"jetpack_publicize_connections":[],"jetpack_featured_media_url":"https:\/\/www.hoymercedes.com.ar\/principal\/wp-content\/uploads\/2021\/12\/vacuna-covid.jpg","wps_subtitle":"Estudios recientes","jetpack_sharing_enabled":true,"_links":{"self":[{"href":"https:\/\/www.hoymercedes.com.ar\/principal\/wp-json\/wp\/v2\/posts\/144703","targetHints":{"allow":["GET"]}}],"collection":[{"href":"https:\/\/www.hoymercedes.com.ar\/principal\/wp-json\/wp\/v2\/posts"}],"about":[{"href":"https:\/\/www.hoymercedes.com.ar\/principal\/wp-json\/wp\/v2\/types\/post"}],"author":[{"embeddable":true,"href":"https:\/\/www.hoymercedes.com.ar\/principal\/wp-json\/wp\/v2\/users\/1"}],"replies":[{"embeddable":true,"href":"https:\/\/www.hoymercedes.com.ar\/principal\/wp-json\/wp\/v2\/comments?post=144703"}],"version-history":[{"count":0,"href":"https:\/\/www.hoymercedes.com.ar\/principal\/wp-json\/wp\/v2\/posts\/144703\/revisions"}],"wp:featuredmedia":[{"embeddable":true,"href":"https:\/\/www.hoymercedes.com.ar\/principal\/wp-json\/wp\/v2\/media\/141605"}],"wp:attachment":[{"href":"https:\/\/www.hoymercedes.com.ar\/principal\/wp-json\/wp\/v2\/media?parent=144703"}],"wp:term":[{"taxonomy":"category","embeddable":true,"href":"https:\/\/www.hoymercedes.com.ar\/principal\/wp-json\/wp\/v2\/categories?post=144703"},{"taxonomy":"post_tag","embeddable":true,"href":"https:\/\/www.hoymercedes.com.ar\/principal\/wp-json\/wp\/v2\/tags?post=144703"}],"curies":[{"name":"wp","href":"https:\/\/api.w.org\/{rel}","templated":true}]}}