{"id":14480,"date":"2012-07-12T02:51:33","date_gmt":"2012-07-12T02:51:33","guid":{"rendered":"http:\/\/www.hoymercedes.com.ar\/principal\/?p=14480"},"modified":"2012-07-12T02:58:39","modified_gmt":"2012-07-12T02:58:39","slug":"selva-estuvo-presente-en-a-dos-voces-de-todo-noticias","status":"publish","type":"post","link":"https:\/\/www.hoymercedes.com.ar\/principal\/2012\/07\/12\/selva-estuvo-presente-en-a-dos-voces-de-todo-noticias\/","title":{"rendered":"Selva estuvo presente en \u00abA dos voces\u00bb de Todo Noticias (Audio)"},"content":{"rendered":"<p><a href=\"https:\/\/www.hoymercedes.com.ar\/principal\/wp-content\/uploads\/2012\/07\/Selva-TN.jpg\"><img loading=\"lazy\" decoding=\"async\" data-attachment-id=\"14484\" data-permalink=\"https:\/\/www.hoymercedes.com.ar\/principal\/2012\/07\/12\/selva-estuvo-presente-en-a-dos-voces-de-todo-noticias\/selva-tn\/#main\" data-orig-file=\"https:\/\/www.hoymercedes.com.ar\/principal\/wp-content\/uploads\/2012\/07\/Selva-TN.jpg\" data-orig-size=\"612,453\" data-comments-opened=\"1\" data-image-meta=\"{&quot;aperture&quot;:&quot;2.6&quot;,&quot;credit&quot;:&quot;&quot;,&quot;camera&quot;:&quot;GT-B5510L&quot;,&quot;caption&quot;:&quot;&quot;,&quot;created_timestamp&quot;:&quot;1342044865&quot;,&quot;copyright&quot;:&quot;&quot;,&quot;focal_length&quot;:&quot;2.79&quot;,&quot;iso&quot;:&quot;64&quot;,&quot;shutter_speed&quot;:&quot;0.033333333333333&quot;,&quot;title&quot;:&quot;&quot;}\" data-image-title=\"Selva-TN\" data-image-description=\"\" data-image-caption=\"\" data-large-file=\"https:\/\/www.hoymercedes.com.ar\/principal\/wp-content\/uploads\/2012\/07\/Selva-TN.jpg\" class=\"aligncenter size-full wp-image-14484\" title=\"Selva-TN\" src=\"https:\/\/www.hoymercedes.com.ar\/principal\/wp-content\/uploads\/2012\/07\/Selva-TN.jpg\" alt=\"\" width=\"612\" height=\"453\" \/><\/a><\/p>\n<p>Foto: pantalla de tv<\/p>\n<p>El intendente local, Carlos Selva, estuvo esta noche de mi\u00e9rcoles presente en el programa de televisi\u00f3n por cable Todo Noticias \u00abA dos voces\u00bb conducido por Marcelo Bonelli y Edgardo Alfano.<\/p>\n<p>Selva comparti\u00f3 la mesa con el Ministro de Infraestructura de la\u00a0Provincia de Buenos Aires,\u00a0Lic. Alejandro Gaspar Arl\u00eda y el dirigente de los trabajadores de la educaci\u00f3n Lu\u00eds Baradel.<\/p>\n<p>En el programa analizaron la situaci\u00f3n financiera de la provincia de Buenos Aires.<\/p>\n<p>Audios de la participaci\u00f3n de Selva:<\/p>\n<p>Parte I<\/p>\n[audio: https:\/\/www.hoymercedes.com.ar\/principal\/wp-content\/uploads\/2012\/07\/Selva-TN-I.mp3]\n<p>Parte II<\/p>\n[audio: https:\/\/www.hoymercedes.com.ar\/principal\/wp-content\/uploads\/2012\/07\/Selva-TN-II.mp3]\n","protected":false},"excerpt":{"rendered":"<p>Foto: pantalla de tv El intendente local, Carlos Selva, estuvo esta noche de mi\u00e9rcoles presente en el programa de televisi\u00f3n &#8230; <a title=\"Selva estuvo presente en \u00abA dos voces\u00bb de Todo Noticias (Audio)\" class=\"read-more\" href=\"https:\/\/www.hoymercedes.com.ar\/principal\/2012\/07\/12\/selva-estuvo-presente-en-a-dos-voces-de-todo-noticias\/\" aria-label=\"Leer m\u00e1s sobre Selva estuvo presente en \u00abA dos voces\u00bb de Todo Noticias (Audio)\">Leer m\u00e1s<\/a><\/p>\n","protected":false},"author":1,"featured_media":0,"comment_status":"open","ping_status":"open","sticky":false,"template":"","format":"standard","meta":{"_monsterinsights_skip_tracking":false,"_monsterinsights_sitenote_active":false,"_monsterinsights_sitenote_note":"","_monsterinsights_sitenote_category":0,"jetpack_post_was_ever_published":false,"_jetpack_newsletter_access":"","_jetpack_dont_email_post_to_subs":false,"_jetpack_newsletter_tier_id":0,"_jetpack_memberships_contains_paywalled_content":false,"_jetpack_memberships_contains_paid_content":false,"footnotes":"","jetpack_publicize_message":"","jetpack_publicize_feature_enabled":true,"jetpack_social_post_already_shared":false,"jetpack_social_options":{"image_generator_settings":{"template":"highway","default_image_id":0,"font":"","enabled":false},"version":2},"_wpas_customize_per_network":false},"categories":[5],"tags":[18,2512],"class_list":["post-14480","post","type-post","status-publish","format-standard","hentry","category-politica","tag-selva","tag-todo-noticias","generate-columns","tablet-grid-50","mobile-grid-100","grid-parent","grid-50"],"jetpack_publicize_connections":[],"jetpack_featured_media_url":"","wps_subtitle":"","jetpack_sharing_enabled":true,"_links":{"self":[{"href":"https:\/\/www.hoymercedes.com.ar\/principal\/wp-json\/wp\/v2\/posts\/14480","targetHints":{"allow":["GET"]}}],"collection":[{"href":"https:\/\/www.hoymercedes.com.ar\/principal\/wp-json\/wp\/v2\/posts"}],"about":[{"href":"https:\/\/www.hoymercedes.com.ar\/principal\/wp-json\/wp\/v2\/types\/post"}],"author":[{"embeddable":true,"href":"https:\/\/www.hoymercedes.com.ar\/principal\/wp-json\/wp\/v2\/users\/1"}],"replies":[{"embeddable":true,"href":"https:\/\/www.hoymercedes.com.ar\/principal\/wp-json\/wp\/v2\/comments?post=14480"}],"version-history":[{"count":0,"href":"https:\/\/www.hoymercedes.com.ar\/principal\/wp-json\/wp\/v2\/posts\/14480\/revisions"}],"wp:attachment":[{"href":"https:\/\/www.hoymercedes.com.ar\/principal\/wp-json\/wp\/v2\/media?parent=14480"}],"wp:term":[{"taxonomy":"category","embeddable":true,"href":"https:\/\/www.hoymercedes.com.ar\/principal\/wp-json\/wp\/v2\/categories?post=14480"},{"taxonomy":"post_tag","embeddable":true,"href":"https:\/\/www.hoymercedes.com.ar\/principal\/wp-json\/wp\/v2\/tags?post=14480"}],"curies":[{"name":"wp","href":"https:\/\/api.w.org\/{rel}","templated":true}]}}