{"id":144812,"date":"2022-03-06T09:47:00","date_gmt":"2022-03-06T12:47:00","guid":{"rendered":"https:\/\/www.hoymercedes.com.ar\/principal\/?p=144812"},"modified":"2022-03-05T19:00:21","modified_gmt":"2022-03-05T22:00:21","slug":"lalcec-chivilcoy-se-capacita-con-mechas-solidarias-en-mercedes","status":"publish","type":"post","link":"https:\/\/www.hoymercedes.com.ar\/principal\/2022\/03\/06\/lalcec-chivilcoy-se-capacita-con-mechas-solidarias-en-mercedes\/","title":{"rendered":"LALCEC Chivilcoy se capacita con \u201cMechas Solidarias\u201d en Mercedes"},"content":{"rendered":"\n<p>El programa \u201cMechas Solidarias\u201d que llevan adelante en Mercedes vecinas con el impulso de la ex concejal Patricia Prenitune cuando ejerc\u00eda el cargo deliberativo y el Municipio, ampl\u00eda sus horizontes y capacita a vecinos de otras localidades para concretar el proyecto en sus comunidades. Este viernes, las mercedinas se hicieron presentes en la localidad de Chivilcoy y en la Filial LALCEC de dicha ciudad capacitaron a las integrantes de la instituci\u00f3n en la confecci\u00f3n de pelucas. <\/p>\n\n\n\n<div class=\"wp-block-image\"><figure class=\"aligncenter size-large is-resized\"><img decoding=\"async\" data-attachment-id=\"144813\" data-permalink=\"https:\/\/www.hoymercedes.com.ar\/principal\/2022\/03\/06\/lalcec-chivilcoy-se-capacita-con-mechas-solidarias-en-mercedes\/attachment\/804\/#main\" data-orig-file=\"https:\/\/www.hoymercedes.com.ar\/principal\/wp-content\/uploads\/2022\/03\/804-e1646517540695.jpeg\" data-orig-size=\"800,600\" data-comments-opened=\"0\" data-image-meta=\"{&quot;aperture&quot;:&quot;0&quot;,&quot;credit&quot;:&quot;&quot;,&quot;camera&quot;:&quot;&quot;,&quot;caption&quot;:&quot;&quot;,&quot;created_timestamp&quot;:&quot;0&quot;,&quot;copyright&quot;:&quot;&quot;,&quot;focal_length&quot;:&quot;0&quot;,&quot;iso&quot;:&quot;0&quot;,&quot;shutter_speed&quot;:&quot;0&quot;,&quot;title&quot;:&quot;&quot;,&quot;orientation&quot;:&quot;0&quot;}\" data-image-title=\"804\" data-image-description=\"\" data-image-caption=\"\" data-large-file=\"https:\/\/www.hoymercedes.com.ar\/principal\/wp-content\/uploads\/2022\/03\/804-1024x768.jpeg\" src=\"https:\/\/www.hoymercedes.com.ar\/principal\/wp-content\/uploads\/2022\/03\/804-1024x768.jpeg\" alt=\"\" class=\"wp-image-144813\" width=\"-169\" height=\"-127\"\/><\/figure><\/div>\n\n\n\n<p>\u201cPara nosotros es un gran orgullo esta pol\u00edtica p\u00fablica, participativa, inclusiva y solidaria que desde hace unos a\u00f1os se viene desarrollando con el fuerte impulso de vecina y vecinos de nuestra comunidad, con un gran aporte de saberes y experiencias de Sol P\u00e9rez y Maribel Rodr\u00edguez\u201d dijo Jorgelina Silva, secretaria de desarrollo de la comunidad.<\/p>\n\n\n\n<p>\u201cNuestro intendente siempre remarca el ejemplo que ellas son, por compromiso, dedicaci\u00f3n, solidaridad y la hermosa y significativa obra que llevan adelante y hoy saber que sigue siendo Mechas Solidarias una ejemplo provincial y regional no da una alegr\u00eda, porque permite contagiar y compartir\u201d dijo Patricia Prenitune.<\/p>\n\n\n\n<p>Mechas Solidarias es un programa de confecci\u00f3n de pelucas y apoyo a personas que por distintos temas de salud pierden el pelo, generando un fuerte impacto emocional, psicol\u00f3gico y social, pero que una peluca ayuda a reducir. El valor de las mismas es muy elevado, por eso esta confecci\u00f3n, adem\u00e1s, tiene un fuerte impacto econ\u00f3mico para las familias.<\/p>\n\n\n\n<p>Fuente: Prensa Municipal<\/p>\n\n\n\n<div class=\"wp-block-image\"><figure class=\"aligncenter size-large is-resized\"><img decoding=\"async\" data-attachment-id=\"144814\" data-permalink=\"https:\/\/www.hoymercedes.com.ar\/principal\/2022\/03\/06\/lalcec-chivilcoy-se-capacita-con-mechas-solidarias-en-mercedes\/800-3\/#main\" data-orig-file=\"https:\/\/www.hoymercedes.com.ar\/principal\/wp-content\/uploads\/2022\/03\/800-e1646517560587.jpeg\" data-orig-size=\"800,601\" data-comments-opened=\"0\" data-image-meta=\"{&quot;aperture&quot;:&quot;0&quot;,&quot;credit&quot;:&quot;&quot;,&quot;camera&quot;:&quot;&quot;,&quot;caption&quot;:&quot;&quot;,&quot;created_timestamp&quot;:&quot;0&quot;,&quot;copyright&quot;:&quot;&quot;,&quot;focal_length&quot;:&quot;0&quot;,&quot;iso&quot;:&quot;0&quot;,&quot;shutter_speed&quot;:&quot;0&quot;,&quot;title&quot;:&quot;&quot;,&quot;orientation&quot;:&quot;0&quot;}\" data-image-title=\"800\" data-image-description=\"\" data-image-caption=\"\" data-large-file=\"https:\/\/www.hoymercedes.com.ar\/principal\/wp-content\/uploads\/2022\/03\/800-1024x769.jpeg\" src=\"https:\/\/www.hoymercedes.com.ar\/principal\/wp-content\/uploads\/2022\/03\/800-1024x769.jpeg\" alt=\"\" class=\"wp-image-144814\" width=\"-177\" height=\"-132\"\/><\/figure><\/div>\n","protected":false},"excerpt":{"rendered":"<p>El programa \u201cMechas Solidarias\u201d que llevan adelante en Mercedes vecinas con el impulso de la ex concejal Patricia Prenitune cuando &#8230; <a title=\"LALCEC Chivilcoy se capacita con \u201cMechas Solidarias\u201d en Mercedes\" class=\"read-more\" href=\"https:\/\/www.hoymercedes.com.ar\/principal\/2022\/03\/06\/lalcec-chivilcoy-se-capacita-con-mechas-solidarias-en-mercedes\/\" aria-label=\"Leer m\u00e1s sobre LALCEC Chivilcoy se capacita con \u201cMechas Solidarias\u201d en Mercedes\">Leer m\u00e1s<\/a><\/p>\n","protected":false},"author":1,"featured_media":144814,"comment_status":"closed","ping_status":"open","sticky":false,"template":"","format":"standard","meta":{"_monsterinsights_skip_tracking":false,"_monsterinsights_sitenote_active":false,"_monsterinsights_sitenote_note":"","_monsterinsights_sitenote_category":0,"jetpack_post_was_ever_published":false,"_jetpack_newsletter_access":"","_jetpack_dont_email_post_to_subs":false,"_jetpack_newsletter_tier_id":0,"_jetpack_memberships_contains_paywalled_content":false,"_jetpack_memberships_contains_paid_content":false,"footnotes":"","jetpack_publicize_message":"","jetpack_publicize_feature_enabled":true,"jetpack_social_post_already_shared":true,"jetpack_social_options":{"image_generator_settings":{"template":"highway","default_image_id":0,"font":"","enabled":false},"version":2},"_wpas_customize_per_network":false},"categories":[30],"tags":[244],"class_list":["post-144812","post","type-post","status-publish","format-standard","has-post-thumbnail","hentry","category-municipio","tag-municipio-2","generate-columns","tablet-grid-50","mobile-grid-100","grid-parent","grid-50"],"jetpack_publicize_connections":[],"jetpack_featured_media_url":"https:\/\/www.hoymercedes.com.ar\/principal\/wp-content\/uploads\/2022\/03\/800-e1646517560587.jpeg","wps_subtitle":"","jetpack_sharing_enabled":true,"_links":{"self":[{"href":"https:\/\/www.hoymercedes.com.ar\/principal\/wp-json\/wp\/v2\/posts\/144812","targetHints":{"allow":["GET"]}}],"collection":[{"href":"https:\/\/www.hoymercedes.com.ar\/principal\/wp-json\/wp\/v2\/posts"}],"about":[{"href":"https:\/\/www.hoymercedes.com.ar\/principal\/wp-json\/wp\/v2\/types\/post"}],"author":[{"embeddable":true,"href":"https:\/\/www.hoymercedes.com.ar\/principal\/wp-json\/wp\/v2\/users\/1"}],"replies":[{"embeddable":true,"href":"https:\/\/www.hoymercedes.com.ar\/principal\/wp-json\/wp\/v2\/comments?post=144812"}],"version-history":[{"count":0,"href":"https:\/\/www.hoymercedes.com.ar\/principal\/wp-json\/wp\/v2\/posts\/144812\/revisions"}],"wp:featuredmedia":[{"embeddable":true,"href":"https:\/\/www.hoymercedes.com.ar\/principal\/wp-json\/wp\/v2\/media\/144814"}],"wp:attachment":[{"href":"https:\/\/www.hoymercedes.com.ar\/principal\/wp-json\/wp\/v2\/media?parent=144812"}],"wp:term":[{"taxonomy":"category","embeddable":true,"href":"https:\/\/www.hoymercedes.com.ar\/principal\/wp-json\/wp\/v2\/categories?post=144812"},{"taxonomy":"post_tag","embeddable":true,"href":"https:\/\/www.hoymercedes.com.ar\/principal\/wp-json\/wp\/v2\/tags?post=144812"}],"curies":[{"name":"wp","href":"https:\/\/api.w.org\/{rel}","templated":true}]}}