{"id":144817,"date":"2022-03-05T19:17:48","date_gmt":"2022-03-05T22:17:48","guid":{"rendered":"https:\/\/www.hoymercedes.com.ar\/principal\/?p=144817"},"modified":"2022-03-06T18:40:56","modified_gmt":"2022-03-06T21:40:56","slug":"dos-aprehendidos-por-intento-de-extorsion-agravada-y-tenencia-de-arma-de-guerra","status":"publish","type":"post","link":"https:\/\/www.hoymercedes.com.ar\/principal\/2022\/03\/05\/dos-aprehendidos-por-intento-de-extorsion-agravada-y-tenencia-de-arma-de-guerra\/","title":{"rendered":"Dos aprehendidos por intento de extorsi\u00f3n agravada y tenencia de arma de guerra\u00a0"},"content":{"rendered":"\n<p>En la jornada del viernes 4 de marzo, se procedi\u00f3 a la aprehensi\u00f3n de dos sujetos oriundos de la localidad de Merlo, por el delito de \u201cExtorsi\u00f3n en grado de tentativa agravada\u201d en la localidad de Altamira.\u00a0\u00a0<\/p>\n\n\n\n<div class=\"wp-block-image\"><figure class=\"aligncenter size-full\"><img loading=\"lazy\" decoding=\"async\" width=\"800\" height=\"533\" data-attachment-id=\"144865\" data-permalink=\"https:\/\/www.hoymercedes.com.ar\/principal\/2022\/03\/05\/dos-aprehendidos-por-intento-de-extorsion-agravada-y-tenencia-de-arma-de-guerra\/whatsapp-image-2022-03-06-at-12-25-33\/#main\" data-orig-file=\"https:\/\/www.hoymercedes.com.ar\/principal\/wp-content\/uploads\/2022\/03\/WhatsApp-Image-2022-03-06-at-12.25.33.jpeg\" data-orig-size=\"800,533\" data-comments-opened=\"0\" data-image-meta=\"{&quot;aperture&quot;:&quot;0&quot;,&quot;credit&quot;:&quot;&quot;,&quot;camera&quot;:&quot;&quot;,&quot;caption&quot;:&quot;&quot;,&quot;created_timestamp&quot;:&quot;1646591398&quot;,&quot;copyright&quot;:&quot;&quot;,&quot;focal_length&quot;:&quot;0&quot;,&quot;iso&quot;:&quot;0&quot;,&quot;shutter_speed&quot;:&quot;0&quot;,&quot;title&quot;:&quot;&quot;,&quot;orientation&quot;:&quot;1&quot;}\" data-image-title=\"WhatsApp Image 2022-03-06 at 12.25.33\" data-image-description=\"\" data-image-caption=\"\" data-large-file=\"https:\/\/www.hoymercedes.com.ar\/principal\/wp-content\/uploads\/2022\/03\/WhatsApp-Image-2022-03-06-at-12.25.33.jpeg\" src=\"https:\/\/www.hoymercedes.com.ar\/principal\/wp-content\/uploads\/2022\/03\/WhatsApp-Image-2022-03-06-at-12.25.33.jpeg\" alt=\"\" class=\"wp-image-144865\" srcset=\"https:\/\/www.hoymercedes.com.ar\/principal\/wp-content\/uploads\/2022\/03\/WhatsApp-Image-2022-03-06-at-12.25.33.jpeg 800w, https:\/\/www.hoymercedes.com.ar\/principal\/wp-content\/uploads\/2022\/03\/WhatsApp-Image-2022-03-06-at-12.25.33-630x420.jpeg 630w, https:\/\/www.hoymercedes.com.ar\/principal\/wp-content\/uploads\/2022\/03\/WhatsApp-Image-2022-03-06-at-12.25.33-150x100.jpeg 150w, https:\/\/www.hoymercedes.com.ar\/principal\/wp-content\/uploads\/2022\/03\/WhatsApp-Image-2022-03-06-at-12.25.33-700x465.jpeg 700w\" sizes=\"auto, (max-width: 800px) 100vw, 800px\" \/><\/figure><\/div>\n\n\n\n<p>De acuerdo a lo que pudo conocerse, tras un llamado al 911 en la que vecinos alertaban la presencia de un veh\u00edculo sospechoso en la zona de Altamira de la localidad de Mercedes, personal policial del Destacamento Gowland procedi\u00f3 a la interceptaci\u00f3n del mismo. Result\u00f3 ser un Renault Duster (patente AC582QO) que ten\u00eda ambas patentes tapadas con barro m\u00e1s no presentaba suciedad en su carrocer\u00eda. <\/p>\n\n\n\n<p>Se procedi\u00f3 a identificar a sus ocupantes, siendo uno de ellos personal policial en ejercicio (de 29 a\u00f1os) con domicilio en Merlo y el restante (de 43 a\u00f1os) era de la misma ciudad y era personal policial exonerado de la fuerza. Al proceder a revisar el veh\u00edculo encontraron armas de fuego -ambas cargadas y listas para ser disparadas-, ropa con identificaci\u00f3n de polic\u00eda, chaleco antibalas, una orden de allanamiento ap\u00f3crifa y precintos.&nbsp;<\/p>\n\n\n\n<p>Ello fue comunicado a la Unidad Funcional de Instrucci\u00f3n N\u00ba 4 del Departamento Judicial Mercedes que orden\u00f3 su aprehensi\u00f3n y sobre la base de los datos recabados se logr\u00f3 determinar que estos sujetos previamente hab\u00edan intentado extorsionar a un vecino de la zona.&nbsp;&nbsp;<\/p>\n\n\n\n<p>Seg\u00fan se pudo establecer, alrededor de las 19:00 horas, los imputados llamaron por tel\u00e9fono a un vecino de esta localidad manifestando expresamente que eran polic\u00edas, y lo convocaron para que se presente en una direcci\u00f3n en la ciudad de Mercedes porque quer\u00edan \u00abhacerle una pregunta\u00bb. Ante la negativa de la v\u00edctima, los asaltantes se hicieron presentes en la finca del vecino en la localidad de Altamira. All\u00ed, ambos vestidos con ropa con la rese\u00f1a \u00abPolic\u00eda\u00bb y armas colocadas en la cintura, le exhibieron un acta de allanamiento (que era falsificada) en la que se encontraba plasmado el sello de Gendarmer\u00eda Nacional Argentina y, ejerciendo intimidaci\u00f3n as\u00ed como tambi\u00e9n simulando tener una falsa orden de la autoridad le exigieron que les permita ingresar a la vivienda diciendo que deb\u00edan materializar una orden de allanamiento y tomar fotograf\u00edas.\u00a0<\/p>\n\n\n\n<div class=\"wp-block-image\"><figure class=\"aligncenter size-large is-resized\"><img loading=\"lazy\" decoding=\"async\" data-attachment-id=\"144866\" data-permalink=\"https:\/\/www.hoymercedes.com.ar\/principal\/2022\/03\/05\/dos-aprehendidos-por-intento-de-extorsion-agravada-y-tenencia-de-arma-de-guerra\/whatsapp-image-2022-03-06-at-12-25-33-1\/#main\" data-orig-file=\"https:\/\/www.hoymercedes.com.ar\/principal\/wp-content\/uploads\/2022\/03\/WhatsApp-Image-2022-03-06-at-12.25.33-1-e1646602790992.jpeg\" data-orig-size=\"800,534\" data-comments-opened=\"0\" data-image-meta=\"{&quot;aperture&quot;:&quot;0&quot;,&quot;credit&quot;:&quot;&quot;,&quot;camera&quot;:&quot;&quot;,&quot;caption&quot;:&quot;&quot;,&quot;created_timestamp&quot;:&quot;1646591410&quot;,&quot;copyright&quot;:&quot;&quot;,&quot;focal_length&quot;:&quot;0&quot;,&quot;iso&quot;:&quot;0&quot;,&quot;shutter_speed&quot;:&quot;0&quot;,&quot;title&quot;:&quot;&quot;,&quot;orientation&quot;:&quot;1&quot;}\" data-image-title=\"WhatsApp Image 2022-03-06 at 12.25.33 (1)\" data-image-description=\"\" data-image-caption=\"\" data-large-file=\"https:\/\/www.hoymercedes.com.ar\/principal\/wp-content\/uploads\/2022\/03\/WhatsApp-Image-2022-03-06-at-12.25.33-1-1024x683.jpeg\" src=\"https:\/\/www.hoymercedes.com.ar\/principal\/wp-content\/uploads\/2022\/03\/WhatsApp-Image-2022-03-06-at-12.25.33-1-1024x683.jpeg\" alt=\"\" class=\"wp-image-144866\" width=\"781\" height=\"515\"\/><\/figure><\/div>\n\n\n\n<p>Frente a ello, el morador del lugar, al sospechar por la actitud de estos sujetos solicit\u00f3 auxilio a sus vecinos y pidi\u00f3 que llamen a la polic\u00eda. As\u00ed fue como los sindicados emprendieron la huida pero fueron interceptados por personal policial que recibi\u00f3 el alerta.&nbsp;<\/p>\n\n\n\n<p>Los imputados comparecieron ante el agente fiscal en el marco de la audiencia de declaraci\u00f3n en los t\u00e9rminos del art. 308 del C\u00f3digo Procesal Penal en la jornada del s\u00e1bado 5 de marzo del corriente. Fue por el delito de \u201cExtorsi\u00f3n en grado de tentativa agravada por el uso de un arma de fuego en concurso ideal con uso de documento p\u00fablico falsificado calificado por ser ejecutado por un funcionario p\u00fablico\u00bb (para el imputado de 29 a\u00f1os) y el restante \u201c extorsi\u00f3n en grado de tentativa agravada por el uso de un arma de fuego en concurso ideal con uso de documento p\u00fablico falsificado que concurre de manera real con la portaci\u00f3n ilegal de arma de guerra\u201d&nbsp;<\/p>\n\n\n\n<p>Vale destacar que el fiscal solicit\u00f3 la conversi\u00f3n de la aprehensi\u00f3n en detenci\u00f3n de ambos imputados por ante el Juzgado de Garant\u00edas N.\u00ba 2.&nbsp;<\/p>\n\n\n\n<p>Fuente: Ministerio P\u00fablico Fiscal del Depto Judicial Mercedes<\/p>\n","protected":false},"excerpt":{"rendered":"<p>En la jornada del viernes 4 de marzo, se procedi\u00f3 a la aprehensi\u00f3n de dos sujetos oriundos de la localidad &#8230; <a title=\"Dos aprehendidos por intento de extorsi\u00f3n agravada y tenencia de arma de guerra\u00a0\" class=\"read-more\" href=\"https:\/\/www.hoymercedes.com.ar\/principal\/2022\/03\/05\/dos-aprehendidos-por-intento-de-extorsion-agravada-y-tenencia-de-arma-de-guerra\/\" aria-label=\"Leer m\u00e1s sobre Dos aprehendidos por intento de extorsi\u00f3n agravada y tenencia de arma de guerra\u00a0\">Leer m\u00e1s<\/a><\/p>\n","protected":false},"author":1,"featured_media":144866,"comment_status":"closed","ping_status":"open","sticky":false,"template":"","format":"standard","meta":{"_monsterinsights_skip_tracking":false,"_monsterinsights_sitenote_active":false,"_monsterinsights_sitenote_note":"","_monsterinsights_sitenote_category":0,"jetpack_post_was_ever_published":false,"_jetpack_newsletter_access":"","_jetpack_dont_email_post_to_subs":false,"_jetpack_newsletter_tier_id":0,"_jetpack_memberships_contains_paywalled_content":false,"_jetpack_memberships_contains_paid_content":false,"footnotes":"","jetpack_publicize_message":"","jetpack_publicize_feature_enabled":true,"jetpack_social_post_already_shared":true,"jetpack_social_options":{"image_generator_settings":{"template":"highway","default_image_id":0,"font":"","enabled":false},"version":2},"_wpas_customize_per_network":false},"categories":[85],"tags":[15210,26,16022,96],"class_list":["post-144817","post","type-post","status-publish","format-standard","has-post-thumbnail","hentry","category-policial","tag-aprehension","tag-detenidos","tag-ministerio-publico-fiscal-bonaerense","tag-policial-2","generate-columns","tablet-grid-50","mobile-grid-100","grid-parent","grid-50"],"jetpack_publicize_connections":[],"jetpack_featured_media_url":"https:\/\/www.hoymercedes.com.ar\/principal\/wp-content\/uploads\/2022\/03\/WhatsApp-Image-2022-03-06-at-12.25.33-1-e1646602790992.jpeg","wps_subtitle":"En la tarde del viernes","jetpack_sharing_enabled":true,"_links":{"self":[{"href":"https:\/\/www.hoymercedes.com.ar\/principal\/wp-json\/wp\/v2\/posts\/144817","targetHints":{"allow":["GET"]}}],"collection":[{"href":"https:\/\/www.hoymercedes.com.ar\/principal\/wp-json\/wp\/v2\/posts"}],"about":[{"href":"https:\/\/www.hoymercedes.com.ar\/principal\/wp-json\/wp\/v2\/types\/post"}],"author":[{"embeddable":true,"href":"https:\/\/www.hoymercedes.com.ar\/principal\/wp-json\/wp\/v2\/users\/1"}],"replies":[{"embeddable":true,"href":"https:\/\/www.hoymercedes.com.ar\/principal\/wp-json\/wp\/v2\/comments?post=144817"}],"version-history":[{"count":0,"href":"https:\/\/www.hoymercedes.com.ar\/principal\/wp-json\/wp\/v2\/posts\/144817\/revisions"}],"wp:featuredmedia":[{"embeddable":true,"href":"https:\/\/www.hoymercedes.com.ar\/principal\/wp-json\/wp\/v2\/media\/144866"}],"wp:attachment":[{"href":"https:\/\/www.hoymercedes.com.ar\/principal\/wp-json\/wp\/v2\/media?parent=144817"}],"wp:term":[{"taxonomy":"category","embeddable":true,"href":"https:\/\/www.hoymercedes.com.ar\/principal\/wp-json\/wp\/v2\/categories?post=144817"},{"taxonomy":"post_tag","embeddable":true,"href":"https:\/\/www.hoymercedes.com.ar\/principal\/wp-json\/wp\/v2\/tags?post=144817"}],"curies":[{"name":"wp","href":"https:\/\/api.w.org\/{rel}","templated":true}]}}