{"id":144931,"date":"2022-03-07T12:18:00","date_gmt":"2022-03-07T15:18:00","guid":{"rendered":"https:\/\/www.hoymercedes.com.ar\/principal\/?p=144931"},"modified":"2022-03-07T15:32:22","modified_gmt":"2022-03-07T18:32:22","slug":"estudian-secuelas-neurologicas-del-covid-en-adultos-jovenes","status":"publish","type":"post","link":"https:\/\/www.hoymercedes.com.ar\/principal\/2022\/03\/07\/estudian-secuelas-neurologicas-del-covid-en-adultos-jovenes\/","title":{"rendered":"Estudian secuelas neurol\u00f3gicas del Covid en adultos j\u00f3venes"},"content":{"rendered":"\n<p><em><strong>Aunque todav\u00eda faltan muchos estudios para determinar todas las consecuencias de la enfermedad, entre las que ya se cuentan m\u00e1s de 200 s\u00edntomas atribuidos al \u2018covid prolongado\u2019, preocupa la prevalencia de estas en adultos j\u00f3venes por varias semanas e incluso meses despu\u00e9s de la infecci\u00f3n.<\/strong><\/em><\/p>\n\n\n\n<div class=\"wp-block-image\"><figure class=\"aligncenter\"><img decoding=\"async\" src=\"https:\/\/d1iibezb83drel.cloudfront.net\/wp-content\/uploads\/2022\/02\/covid-positivo-688x387.webp\" alt=\"\"\/><\/figure><\/div>\n\n\n\n<p>El jefe del Servicio de Neurolog\u00eda del Hospital Universitario de Madrid \u2018Ram\u00f3n y Cajal\u2019, Jaime Masjuan, explic\u00f3 por qu\u00e9 las consultas m\u00e9dicas de pacientes pos covid se incrementan en la franja etaria de 20 a 40 a\u00f1os.<\/p>\n\n\n\n<p>Aunque todav\u00eda faltan muchos estudios para determinar todas las consecuencias de la enfermedad, entre las que ya se cuentan m\u00e1s de 200 s\u00edntomas atribuidos al \u2018covid prolongado\u2019, preocupa la prevalencia de estas en adultos j\u00f3venes por varias semanas e incluso meses despu\u00e9s de la infecci\u00f3n.<\/p>\n\n\n\n<p>En una entrevista para El Mundo, Masjuan determin\u00f3 que los pacientes neurol\u00f3gicos se pueden dividir \u201centre los que vimos en la fase aguda, los que sufr\u00edan dolor de cabeza, el problema del olfato y algunos con mayor incidencia de ictus tanto hemorr\u00e1gicos como isqu\u00e9micos\u201d.<\/p>\n\n\n\n<p>Y se centr\u00f3 en \u201cun grupo de pacientes que despu\u00e9s de todas las olas se han quedado con secuelas derivadas de todas estas enfermedades agudas\u201d, entre ellas \u201csecuelas del ictus o del ingreso UCI, problemas cr\u00f3nicos, generalmente leves, como la alteraci\u00f3n del olfato y el gusto\u201d.<\/p>\n\n\n\n<p>Y manifest\u00f3 que mayormente ocurren en \u201cadultos de mediana edad que han tenido un coronavirus leve y, muchas veces, despu\u00e9s de haber pasado la infecci\u00f3n casi sin s\u00edntomas\u201d.<\/p>\n\n\n\n<p>En tal sentido, detall\u00f3 que por ejemplo la cefalea, asociada con la infecci\u00f3n aguda, \u201cse alarga unos tres o cuatro meses despu\u00e9s del covid\u201d pero que con un buen tratamiento deber\u00eda desaparecer.<\/p>\n\n\n\n<p>Fuente: GLP (<a href=\"https:\/\/www.grupolaprovincia.com\/interes-general\/secuelas-neurologicas-del-covid-por-que-son-mucho-mas-frecuentes-en-adultos-jovenes-894012\" data-type=\"URL\" data-id=\"https:\/\/www.grupolaprovincia.com\/interes-general\/secuelas-neurologicas-del-covid-por-que-son-mucho-mas-frecuentes-en-adultos-jovenes-894012\" target=\"_blank\" rel=\"noopener\">grupolaprovincia.com<\/a>)<\/p>\n","protected":false},"excerpt":{"rendered":"<p>Aunque todav\u00eda faltan muchos estudios para determinar todas las consecuencias de la enfermedad, entre las que ya se cuentan m\u00e1s &#8230; <a title=\"Estudian secuelas neurol\u00f3gicas del Covid en adultos j\u00f3venes\" class=\"read-more\" href=\"https:\/\/www.hoymercedes.com.ar\/principal\/2022\/03\/07\/estudian-secuelas-neurologicas-del-covid-en-adultos-jovenes\/\" aria-label=\"Leer m\u00e1s sobre Estudian secuelas neurol\u00f3gicas del Covid en adultos j\u00f3venes\">Leer m\u00e1s<\/a><\/p>\n","protected":false},"author":1,"featured_media":144932,"comment_status":"closed","ping_status":"open","sticky":false,"template":"","format":"standard","meta":{"_monsterinsights_skip_tracking":false,"_monsterinsights_sitenote_active":false,"_monsterinsights_sitenote_note":"","_monsterinsights_sitenote_category":0,"jetpack_post_was_ever_published":false,"_jetpack_newsletter_access":"","_jetpack_dont_email_post_to_subs":false,"_jetpack_newsletter_tier_id":0,"_jetpack_memberships_contains_paywalled_content":false,"_jetpack_memberships_contains_paid_content":false,"footnotes":"","jetpack_publicize_message":"","jetpack_publicize_feature_enabled":true,"jetpack_social_post_already_shared":true,"jetpack_social_options":{"image_generator_settings":{"template":"highway","default_image_id":0,"font":"","enabled":false},"version":2},"_wpas_customize_per_network":false},"categories":[9791],"tags":[16175,16313],"class_list":["post-144931","post","type-post","status-publish","format-standard","has-post-thumbnail","hentry","category-salud","tag-coronavirus","tag-covid-19","generate-columns","tablet-grid-50","mobile-grid-100","grid-parent","grid-50"],"jetpack_publicize_connections":[],"jetpack_featured_media_url":"https:\/\/www.hoymercedes.com.ar\/principal\/wp-content\/uploads\/2022\/03\/secuelas-covid.png","wps_subtitle":"Investigaciones internacionales","jetpack_sharing_enabled":true,"_links":{"self":[{"href":"https:\/\/www.hoymercedes.com.ar\/principal\/wp-json\/wp\/v2\/posts\/144931","targetHints":{"allow":["GET"]}}],"collection":[{"href":"https:\/\/www.hoymercedes.com.ar\/principal\/wp-json\/wp\/v2\/posts"}],"about":[{"href":"https:\/\/www.hoymercedes.com.ar\/principal\/wp-json\/wp\/v2\/types\/post"}],"author":[{"embeddable":true,"href":"https:\/\/www.hoymercedes.com.ar\/principal\/wp-json\/wp\/v2\/users\/1"}],"replies":[{"embeddable":true,"href":"https:\/\/www.hoymercedes.com.ar\/principal\/wp-json\/wp\/v2\/comments?post=144931"}],"version-history":[{"count":0,"href":"https:\/\/www.hoymercedes.com.ar\/principal\/wp-json\/wp\/v2\/posts\/144931\/revisions"}],"wp:featuredmedia":[{"embeddable":true,"href":"https:\/\/www.hoymercedes.com.ar\/principal\/wp-json\/wp\/v2\/media\/144932"}],"wp:attachment":[{"href":"https:\/\/www.hoymercedes.com.ar\/principal\/wp-json\/wp\/v2\/media?parent=144931"}],"wp:term":[{"taxonomy":"category","embeddable":true,"href":"https:\/\/www.hoymercedes.com.ar\/principal\/wp-json\/wp\/v2\/categories?post=144931"},{"taxonomy":"post_tag","embeddable":true,"href":"https:\/\/www.hoymercedes.com.ar\/principal\/wp-json\/wp\/v2\/tags?post=144931"}],"curies":[{"name":"wp","href":"https:\/\/api.w.org\/{rel}","templated":true}]}}