{"id":144952,"date":"2022-03-08T07:30:00","date_gmt":"2022-03-08T10:30:00","guid":{"rendered":"https:\/\/www.hoymercedes.com.ar\/principal\/?p=144952"},"modified":"2022-03-07T16:33:00","modified_gmt":"2022-03-07T19:33:00","slug":"maria-silvina-se-destaca-en-puerto-madryn-2","status":"publish","type":"post","link":"https:\/\/www.hoymercedes.com.ar\/principal\/2022\/03\/08\/maria-silvina-se-destaca-en-puerto-madryn-2\/","title":{"rendered":"Mar\u00eda Silvina se destaca en Puerto Madryn\u00a0"},"content":{"rendered":"\n<p><strong><em>Una nutrida delegaci\u00f3n regional form\u00f3 parte de dos semanas intensivas en las costa sure\u00f1a. La mercedina Mar\u00eda Del Rosario Navia se destac\u00f3 en los 80 cm qued\u00e1ndose con el subcampeonato e la \u201cCopa de Verano\u201d.\u00a0<\/em><\/strong><\/p>\n\n\n\n<div class=\"wp-block-image\"><figure class=\"aligncenter size-full\"><img loading=\"lazy\" decoding=\"async\" width=\"720\" height=\"540\" data-attachment-id=\"144949\" data-permalink=\"https:\/\/www.hoymercedes.com.ar\/principal\/2022\/03\/07\/la-srrm-concurso-en-el-club-hipico\/equi-silvina\/#main\" data-orig-file=\"https:\/\/www.hoymercedes.com.ar\/principal\/wp-content\/uploads\/2022\/03\/equi-silvina.jpeg\" data-orig-size=\"720,540\" data-comments-opened=\"0\" data-image-meta=\"{&quot;aperture&quot;:&quot;0&quot;,&quot;credit&quot;:&quot;&quot;,&quot;camera&quot;:&quot;&quot;,&quot;caption&quot;:&quot;&quot;,&quot;created_timestamp&quot;:&quot;0&quot;,&quot;copyright&quot;:&quot;&quot;,&quot;focal_length&quot;:&quot;0&quot;,&quot;iso&quot;:&quot;0&quot;,&quot;shutter_speed&quot;:&quot;0&quot;,&quot;title&quot;:&quot;&quot;,&quot;orientation&quot;:&quot;0&quot;}\" data-image-title=\"equi silvina\" data-image-description=\"\" data-image-caption=\"\" data-large-file=\"https:\/\/www.hoymercedes.com.ar\/principal\/wp-content\/uploads\/2022\/03\/equi-silvina.jpeg\" src=\"https:\/\/www.hoymercedes.com.ar\/principal\/wp-content\/uploads\/2022\/03\/equi-silvina.jpeg\" alt=\"\" class=\"wp-image-144949\" srcset=\"https:\/\/www.hoymercedes.com.ar\/principal\/wp-content\/uploads\/2022\/03\/equi-silvina.jpeg 720w, https:\/\/www.hoymercedes.com.ar\/principal\/wp-content\/uploads\/2022\/03\/equi-silvina-630x473.jpeg 630w, https:\/\/www.hoymercedes.com.ar\/principal\/wp-content\/uploads\/2022\/03\/equi-silvina-150x113.jpeg 150w\" sizes=\"auto, (max-width: 720px) 100vw, 720px\" \/><figcaption>Mar\u00eda Silvina se destac\u00f3 en las competiciones de Puerto Madryn.\u00a0<\/figcaption><\/figure><\/div>\n\n\n\n<p>Una nutrida delegaci\u00f3n regional comandada por el representante e instructor Lucas Rey se hizo presente en la localidad de Puerto Madryn para disputar una serie de campeonatos h\u00edpicos.&nbsp;<\/p>\n\n\n\n<p>Bajo el cobijo del Centro Ecuestre Mar\u00eda\u00a0 Silvina, fueron parte de las pruebas las amazonas mercedinas Catalina Revello y Mar\u00eda Del Rosario Navia, al igual que las barbadenses Juana Pereyra y Paulina Zuliani. El resto de la delegaci\u00f3n estuvo conformada por las lujanenses Lorena Castro y Sof\u00eda Roel representantes del Centro H\u00edpico Carlos Keen, Gabriela Acosta y su hijo Benicio Vi\u00f1ales representantes de la escuela de Equitaci\u00f3n el Fog\u00f3n de Chivilcoy, y Carolina Escobar junto a su hijo Marcos Saronsiski oriundos de Capit\u00e1n Sarmiento.\u00a0<\/p>\n\n\n\n<p>Dicha actividad ecuestre se llev\u00f3 a cabo durante la semana del 18 al 20 de febrero donde se disput\u00f3 la II Copa Ciudad De Puerto Madryn&nbsp;&nbsp;<\/p>\n\n\n\n<p>En tanto, las locales obtuvieron excelentes resultados:\u00a0<br>\u2022 Juana Pereyra junto a Cerveza 4\u00ba colocacion en 70 cm categor\u00eda escuela menor.\u00a0<br>\u2022 Paulina Zuliani junto a BP Jofre 3\u00b0 colocaci\u00f3n en 70 cm categor\u00eda escuela mayor.\u00a0<br>\u2022 Mar\u00eda del Rosario Navia junto a BP Jofre 3\u00b0 colocaci\u00f3n en 80 cm categor\u00eda escuela mayor.\u00a0<br>\u2022 Marcos Saronsiski junto a Beauty 5\u00b0 colocaci\u00f3n en 80 cm categor\u00eda escuela mayor.\u00a0<\/p>\n\n\n\n<p>Asimismo, durante la semana del 23 al 25 de Febrero se disput\u00f3 la \u201cXXIX Copa de Verano\u201d en donde los resultados fueron los siguientes:\u00a0<br>\u2022 Campeona Juana Pereyra junto a Cerveza en\u00a0 80 cm categor\u00eda escuela menor.\u00a0<br>\u2022 Subcampeona Paulina Zuliani junto a BP Jofre en 70 cm categor\u00eda escuela mayor.\u00a0<br>\u2022 Campeon Marcos Saronsiski junto a Beauty en 80 cm categor\u00eda escuela mayor.\u00a0<br>\u2022 Subcampeona Mar\u00eda del Rosario Navia junto a BP Jofre en 80 cm escuela mayor.\u00a0<br>\u2022 Campeona Sophie Freires junto a Don Ismael en 60 cm. Amazona rionegrina.\u00a0<\/p>\n\n\n\n<p>El resto de amazonas y jinetes realizaron excelentes recorridos con una muy buena participaci\u00f3n.\u00a0<\/p>\n\n\n\n<p>Debido a las inclemencias del tiempo, la \u201cIII Copa de Campeones en la Playa\u201d, que se disputar\u00eda el 27 de Febrero, no se realiz\u00f3, pero felicitamos a la amazona Mar\u00eda Del Rosario Navia qui\u00e9n logr\u00f3 clasificar para dicha competencia.&nbsp;<\/p>\n\n\n\n<p>\u201cQueremos felicitar la labor de todos los profesores que viajaron, y de los alumnos, que sin importar a que club pertenecieran, demostraron su compromiso y su pasi\u00f3n por el deporte que realizan, siempre destacando la amistad y el respeto entre todos ellos\u201d manifestaron desde Mar\u00eda Silvina.&nbsp;<\/p>\n\n\n\n<p>En tanto, sostuvieron que \u201cagradecemos a todos los pap\u00e1s y a todos los que nos acompa\u00f1aron y ayudaron en este viaje. Queremos decirles que seguimos apostando entre todos a una equitaci\u00f3n basada en la competencia sana, en donde prevalezca la amistad y el compa\u00f1erismo\u201d.&nbsp;<\/p>\n\n\n\n<p>Por \u00faltimo, convocan a al inicio del AHDO 2022 Campeonato Amistosos H\u00edpicos del Oeste, con muchas cosas nuevas.&nbsp;<\/p>\n\n\n\n<p>\u00a0<br>Colaboraci\u00f3n. Mariano Oyarz\u00fa<\/p>\n\n\n\n<p><\/p>\n","protected":false},"excerpt":{"rendered":"<p>Una nutrida delegaci\u00f3n regional form\u00f3 parte de dos semanas intensivas en las costa sure\u00f1a. La mercedina Mar\u00eda Del Rosario Navia &#8230; <a title=\"Mar\u00eda Silvina se destaca en Puerto Madryn\u00a0\" class=\"read-more\" href=\"https:\/\/www.hoymercedes.com.ar\/principal\/2022\/03\/08\/maria-silvina-se-destaca-en-puerto-madryn-2\/\" aria-label=\"Leer m\u00e1s sobre Mar\u00eda Silvina se destaca en Puerto Madryn\u00a0\">Leer m\u00e1s<\/a><\/p>\n","protected":false},"author":1,"featured_media":144949,"comment_status":"closed","ping_status":"open","sticky":false,"template":"","format":"standard","meta":{"_monsterinsights_skip_tracking":false,"_monsterinsights_sitenote_active":false,"_monsterinsights_sitenote_note":"","_monsterinsights_sitenote_category":0,"jetpack_post_was_ever_published":false,"_jetpack_newsletter_access":"","_jetpack_dont_email_post_to_subs":false,"_jetpack_newsletter_tier_id":0,"_jetpack_memberships_contains_paywalled_content":false,"_jetpack_memberships_contains_paid_content":false,"footnotes":"","jetpack_publicize_message":"","jetpack_publicize_feature_enabled":true,"jetpack_social_post_already_shared":true,"jetpack_social_options":{"image_generator_settings":{"template":"highway","default_image_id":0,"font":"","enabled":false},"version":2},"_wpas_customize_per_network":false},"categories":[21],"tags":[204],"class_list":["post-144952","post","type-post","status-publish","format-standard","has-post-thumbnail","hentry","category-deportes","tag-deportes-2","generate-columns","tablet-grid-50","mobile-grid-100","grid-parent","grid-50"],"jetpack_publicize_connections":[],"jetpack_featured_media_url":"https:\/\/www.hoymercedes.com.ar\/principal\/wp-content\/uploads\/2022\/03\/equi-silvina.jpeg","wps_subtitle":"Equitaci\u00f3n ","jetpack_sharing_enabled":true,"jetpack-related-posts":[{"id":125022,"url":"https:\/\/www.hoymercedes.com.ar\/principal\/2021\/02\/18\/maria-silvina-se-destaca-en-puerto-madryn\/","url_meta":{"origin":144952,"position":0},"title":"Mar\u00eda Silvina se destaca en Puerto Madryn","author":"hoymercedes","date":"18 febrero, 2021","format":false,"excerpt":"El certamen se realiz\u00f3 durante la semana del 11 al 14 de febrero. Varias amazonas locales fueron parte del certamen y cosecharon buenos resultados. Durante la semana del 11 al 14 de febrero se realiz\u00f3 el campeonato Ciudad de Puerto Madryn. El mi\u00e9rcoles 10 se realizo la Copa Campeones en\u2026","rel":"","context":"En \u00abDeportes\u00bb","block_context":{"text":"Deportes","link":"https:\/\/www.hoymercedes.com.ar\/principal\/category\/deportes\/"},"img":{"alt_text":"","src":"https:\/\/i0.wp.com\/www.hoymercedes.com.ar\/principal\/wp-content\/uploads\/2021\/02\/WhatsApp-Image-2021-02-18-at-14.06.42.jpeg?resize=350%2C200&ssl=1","width":350,"height":200,"srcset":"https:\/\/i0.wp.com\/www.hoymercedes.com.ar\/principal\/wp-content\/uploads\/2021\/02\/WhatsApp-Image-2021-02-18-at-14.06.42.jpeg?resize=350%2C200&ssl=1 1x, https:\/\/i0.wp.com\/www.hoymercedes.com.ar\/principal\/wp-content\/uploads\/2021\/02\/WhatsApp-Image-2021-02-18-at-14.06.42.jpeg?resize=525%2C300&ssl=1 1.5x, https:\/\/i0.wp.com\/www.hoymercedes.com.ar\/principal\/wp-content\/uploads\/2021\/02\/WhatsApp-Image-2021-02-18-at-14.06.42.jpeg?resize=700%2C400&ssl=1 2x"},"classes":[]},{"id":137259,"url":"https:\/\/www.hoymercedes.com.ar\/principal\/2021\/09\/14\/maria-silvina-en-puerto-madryn\/","url_meta":{"origin":144952,"position":1},"title":"Mar\u00eda Silvina en Puerto Madryn","author":"hoymercedes","date":"14 septiembre, 2021","format":false,"excerpt":"El pasado fin de semana los jinetes y amazonas\u00a0mercedinos\u00a0participaron de la Copa Ballenas 2021. Tras la competencia, el Centro Ecuestre local cosech\u00f3 excelentes resultados.\u00a0 En la ciudad de Puerto\u00a0Madryn, los\u00a0d\u00edas\u00a0s\u00e1bado 4 y domingo 5 de\u00a0septiembre se realiz\u00f3 la Copa Ballenas 2021, en donde una delegaci\u00f3n de amazonas y jinetes de\u2026","rel":"","context":"En \u00abDeportes\u00bb","block_context":{"text":"Deportes","link":"https:\/\/www.hoymercedes.com.ar\/principal\/category\/deportes\/"},"img":{"alt_text":"","src":"https:\/\/i0.wp.com\/www.hoymercedes.com.ar\/principal\/wp-content\/uploads\/2021\/09\/dequi-13.jpeg?resize=350%2C200&ssl=1","width":350,"height":200,"srcset":"https:\/\/i0.wp.com\/www.hoymercedes.com.ar\/principal\/wp-content\/uploads\/2021\/09\/dequi-13.jpeg?resize=350%2C200&ssl=1 1x, https:\/\/i0.wp.com\/www.hoymercedes.com.ar\/principal\/wp-content\/uploads\/2021\/09\/dequi-13.jpeg?resize=525%2C300&ssl=1 1.5x, https:\/\/i0.wp.com\/www.hoymercedes.com.ar\/principal\/wp-content\/uploads\/2021\/09\/dequi-13.jpeg?resize=700%2C400&ssl=1 2x"},"classes":[]},{"id":173195,"url":"https:\/\/www.hoymercedes.com.ar\/principal\/2024\/02\/21\/equitacion-maria-silvina-se-destaca-en-la-competencia-copa-de-verano-2024\/","url_meta":{"origin":144952,"position":2},"title":"Equitaci\u00f3n: Mar\u00eda Silvina se destaca en la competencia Copa de Verano 2024\u00a0","author":"hoymercedes","date":"21 febrero, 2024","format":false,"excerpt":"Mar\u00eda Paz Rey Pruzzo fue subcampeona en 1 metro Tercera Categor\u00eda, mientras que Marcos Zaronsinski obtuvo el t\u00edtulo en 1,10. D\u00edas m\u00e1s tarde, la mercedina logr\u00f3 repetir lo hecho en la Copa de Campeones. Comenzando el 2024 los jinetes y amazonas del Centro Ecuestre Mar\u00eda Silvina se hicieron presentes en\u2026","rel":"","context":"En \u00abDeportes\u00bb","block_context":{"text":"Deportes","link":"https:\/\/www.hoymercedes.com.ar\/principal\/category\/deportes\/"},"img":{"alt_text":"","src":"https:\/\/i0.wp.com\/www.hoymercedes.com.ar\/principal\/wp-content\/uploads\/2024\/02\/dequi-1902.jpg?resize=350%2C200&ssl=1","width":350,"height":200,"srcset":"https:\/\/i0.wp.com\/www.hoymercedes.com.ar\/principal\/wp-content\/uploads\/2024\/02\/dequi-1902.jpg?resize=350%2C200&ssl=1 1x, https:\/\/i0.wp.com\/www.hoymercedes.com.ar\/principal\/wp-content\/uploads\/2024\/02\/dequi-1902.jpg?resize=525%2C300&ssl=1 1.5x"},"classes":[]},{"id":151522,"url":"https:\/\/www.hoymercedes.com.ar\/principal\/2022\/08\/04\/equitacion-maria-silvina-presente-en-el-fogon\/","url_meta":{"origin":144952,"position":3},"title":"Equitaci\u00f3n: Mar\u00eda Silvina presente en el Fog\u00f3n\u00a0","author":"hoymercedes","date":"4 agosto, 2022","format":false,"excerpt":"Este domingo 31 de julio se realiz\u00f3 un encuentro h\u00edpico amistoso en la localidad de Chivilcoy, el cual cont\u00f3 con un representante del Centro ecuestre Mar\u00eda Silvina.\u00a0","rel":"","context":"En \u00abDeportes\u00bb","block_context":{"text":"Deportes","link":"https:\/\/www.hoymercedes.com.ar\/principal\/category\/deportes\/"},"img":{"alt_text":"","src":"https:\/\/i0.wp.com\/www.hoymercedes.com.ar\/principal\/wp-content\/uploads\/2022\/08\/equitacion-0108.jpeg?resize=350%2C200&ssl=1","width":350,"height":200,"srcset":"https:\/\/i0.wp.com\/www.hoymercedes.com.ar\/principal\/wp-content\/uploads\/2022\/08\/equitacion-0108.jpeg?resize=350%2C200&ssl=1 1x, https:\/\/i0.wp.com\/www.hoymercedes.com.ar\/principal\/wp-content\/uploads\/2022\/08\/equitacion-0108.jpeg?resize=525%2C300&ssl=1 1.5x, https:\/\/i0.wp.com\/www.hoymercedes.com.ar\/principal\/wp-content\/uploads\/2022\/08\/equitacion-0108.jpeg?resize=700%2C400&ssl=1 2x"},"classes":[]},{"id":100385,"url":"https:\/\/www.hoymercedes.com.ar\/principal\/2019\/09\/25\/distinguen-a-patinadoras-y-atletas-ganadores-de-medallas-en-torneos-nacionales-e-internacionales\/","url_meta":{"origin":144952,"position":4},"title":"Distinguen a patinadoras y atletas ganadores de medallas en torneos nacionales e internacionales","author":"hoymercedes","date":"25 septiembre, 2019","format":false,"excerpt":"Los equipos de pat\u00edn art\u00edstico del Club Estudiantes y del Club Mercedes que compitieron en el Campeonato Argentino en Puerto Madryn fueron reconocidas por los Concejales de la ciudad. La atleta Romina Fern\u00e1ndez\u00a0 nuevamente fue distinguida por su medalla dorada en los Parapanamericanos de Lima 2019. \u00a0 La sesi\u00f3n del\u2026","rel":"","context":"En \u00abDeportes\u00bb","block_context":{"text":"Deportes","link":"https:\/\/www.hoymercedes.com.ar\/principal\/category\/deportes\/"},"img":{"alt_text":"","src":"https:\/\/i0.wp.com\/www.hoymercedes.com.ar\/principal\/wp-content\/uploads\/2019\/09\/hcd-patin-ganadoras.jpg?resize=350%2C200&ssl=1","width":350,"height":200,"srcset":"https:\/\/i0.wp.com\/www.hoymercedes.com.ar\/principal\/wp-content\/uploads\/2019\/09\/hcd-patin-ganadoras.jpg?resize=350%2C200&ssl=1 1x, https:\/\/i0.wp.com\/www.hoymercedes.com.ar\/principal\/wp-content\/uploads\/2019\/09\/hcd-patin-ganadoras.jpg?resize=525%2C300&ssl=1 1.5x, https:\/\/i0.wp.com\/www.hoymercedes.com.ar\/principal\/wp-content\/uploads\/2019\/09\/hcd-patin-ganadoras.jpg?resize=700%2C400&ssl=1 2x"},"classes":[]},{"id":58511,"url":"https:\/\/www.hoymercedes.com.ar\/principal\/2017\/01\/15\/nicolas-dematei-seria-historico-para-puerto-madryn-llegar-a-primera-division\/","url_meta":{"origin":144952,"position":5},"title":"Nicol\u00e1s Dematei: \u00abSer\u00eda hist\u00f3rico para Puerto Madryn llegar a Primera Divisi\u00f3n\u00bb","author":"hoymercedes","date":"15 enero, 2017","format":false,"excerpt":"Nicol\u00e1s Dematei lleg\u00f3 a Guillermo Brown de Puerto Madryn con la misi\u00f3n de obtener un lugar en el once inicial, algo que logr\u00f3 en forma temprana y ahora se encuentra como el l\u00edder de la B Nacional. Sobre el momento de su equipo, dijo que \"fue un semestre muy positivo.\u2026","rel":"","context":"En \u00abDeportes\u00bb","block_context":{"text":"Deportes","link":"https:\/\/www.hoymercedes.com.ar\/principal\/category\/deportes\/"},"img":{"alt_text":"","src":"https:\/\/i0.wp.com\/www.hoymercedes.com.ar\/principal\/wp-content\/uploads\/2016\/12\/nicolas-dematei-guillermo-brown-3.jpg?resize=350%2C200&ssl=1","width":350,"height":200,"srcset":"https:\/\/i0.wp.com\/www.hoymercedes.com.ar\/principal\/wp-content\/uploads\/2016\/12\/nicolas-dematei-guillermo-brown-3.jpg?resize=350%2C200&ssl=1 1x, https:\/\/i0.wp.com\/www.hoymercedes.com.ar\/principal\/wp-content\/uploads\/2016\/12\/nicolas-dematei-guillermo-brown-3.jpg?resize=525%2C300&ssl=1 1.5x, https:\/\/i0.wp.com\/www.hoymercedes.com.ar\/principal\/wp-content\/uploads\/2016\/12\/nicolas-dematei-guillermo-brown-3.jpg?resize=700%2C400&ssl=1 2x, https:\/\/i0.wp.com\/www.hoymercedes.com.ar\/principal\/wp-content\/uploads\/2016\/12\/nicolas-dematei-guillermo-brown-3.jpg?resize=1050%2C600&ssl=1 3x"},"classes":[]}],"_links":{"self":[{"href":"https:\/\/www.hoymercedes.com.ar\/principal\/wp-json\/wp\/v2\/posts\/144952","targetHints":{"allow":["GET"]}}],"collection":[{"href":"https:\/\/www.hoymercedes.com.ar\/principal\/wp-json\/wp\/v2\/posts"}],"about":[{"href":"https:\/\/www.hoymercedes.com.ar\/principal\/wp-json\/wp\/v2\/types\/post"}],"author":[{"embeddable":true,"href":"https:\/\/www.hoymercedes.com.ar\/principal\/wp-json\/wp\/v2\/users\/1"}],"replies":[{"embeddable":true,"href":"https:\/\/www.hoymercedes.com.ar\/principal\/wp-json\/wp\/v2\/comments?post=144952"}],"version-history":[{"count":0,"href":"https:\/\/www.hoymercedes.com.ar\/principal\/wp-json\/wp\/v2\/posts\/144952\/revisions"}],"wp:featuredmedia":[{"embeddable":true,"href":"https:\/\/www.hoymercedes.com.ar\/principal\/wp-json\/wp\/v2\/media\/144949"}],"wp:attachment":[{"href":"https:\/\/www.hoymercedes.com.ar\/principal\/wp-json\/wp\/v2\/media?parent=144952"}],"wp:term":[{"taxonomy":"category","embeddable":true,"href":"https:\/\/www.hoymercedes.com.ar\/principal\/wp-json\/wp\/v2\/categories?post=144952"},{"taxonomy":"post_tag","embeddable":true,"href":"https:\/\/www.hoymercedes.com.ar\/principal\/wp-json\/wp\/v2\/tags?post=144952"}],"curies":[{"name":"wp","href":"https:\/\/api.w.org\/{rel}","templated":true}]}}