{"id":144987,"date":"2022-03-07T23:16:39","date_gmt":"2022-03-08T02:16:39","guid":{"rendered":"https:\/\/www.hoymercedes.com.ar\/principal\/?p=144987"},"modified":"2022-03-07T23:16:44","modified_gmt":"2022-03-08T02:16:44","slug":"en-siniestro-vial-en-ruta-no5-fallece-motociclista-de-chivilcoy","status":"publish","type":"post","link":"https:\/\/www.hoymercedes.com.ar\/principal\/2022\/03\/07\/en-siniestro-vial-en-ruta-no5-fallece-motociclista-de-chivilcoy\/","title":{"rendered":"En siniestro vial en Ruta N\u00ba5 fallece motociclista de Chivilcoy"},"content":{"rendered":"\n<p>Un nuevo siniestro vial se produjo entre Mercedes y Supacha, con jurisdicci\u00f3n de la vecina localidad, en el km122 donde un chivilcoyano perdi\u00f3 la vida. Se trata de un hombre de 37 a\u00f1os de edad el fallecido y se movilizaba en una motocicleta.<\/p>\n\n\n\n<figure class=\"wp-block-image size-large\"><img loading=\"lazy\" decoding=\"async\" width=\"1024\" height=\"473\" data-attachment-id=\"144988\" data-permalink=\"https:\/\/www.hoymercedes.com.ar\/principal\/2022\/03\/07\/en-siniestro-vial-en-ruta-no5-fallece-motociclista-de-chivilcoy\/siniestrovial-suipacha-larazon\/#main\" data-orig-file=\"https:\/\/www.hoymercedes.com.ar\/principal\/wp-content\/uploads\/2022\/03\/SiniestroVial-Suipacha-LaRazon.jpeg\" data-orig-size=\"1152,532\" data-comments-opened=\"0\" data-image-meta=\"{&quot;aperture&quot;:&quot;0&quot;,&quot;credit&quot;:&quot;&quot;,&quot;camera&quot;:&quot;&quot;,&quot;caption&quot;:&quot;&quot;,&quot;created_timestamp&quot;:&quot;0&quot;,&quot;copyright&quot;:&quot;&quot;,&quot;focal_length&quot;:&quot;0&quot;,&quot;iso&quot;:&quot;0&quot;,&quot;shutter_speed&quot;:&quot;0&quot;,&quot;title&quot;:&quot;&quot;,&quot;orientation&quot;:&quot;0&quot;}\" data-image-title=\"SiniestroVial-Suipacha-LaRazon\" data-image-description=\"\" data-image-caption=\"\" data-large-file=\"https:\/\/www.hoymercedes.com.ar\/principal\/wp-content\/uploads\/2022\/03\/SiniestroVial-Suipacha-LaRazon-1024x473.jpeg\" src=\"https:\/\/www.hoymercedes.com.ar\/principal\/wp-content\/uploads\/2022\/03\/SiniestroVial-Suipacha-LaRazon-1024x473.jpeg\" alt=\"\" class=\"wp-image-144988\" srcset=\"https:\/\/www.hoymercedes.com.ar\/principal\/wp-content\/uploads\/2022\/03\/SiniestroVial-Suipacha-LaRazon-1024x473.jpeg 1024w, https:\/\/www.hoymercedes.com.ar\/principal\/wp-content\/uploads\/2022\/03\/SiniestroVial-Suipacha-LaRazon-630x291.jpeg 630w, https:\/\/www.hoymercedes.com.ar\/principal\/wp-content\/uploads\/2022\/03\/SiniestroVial-Suipacha-LaRazon-150x69.jpeg 150w, https:\/\/www.hoymercedes.com.ar\/principal\/wp-content\/uploads\/2022\/03\/SiniestroVial-Suipacha-LaRazon.jpeg 1152w\" sizes=\"auto, (max-width: 1024px) 100vw, 1024px\" \/><figcaption>Foto: La raz\u00f3n de Chivilcoy <\/figcaption><\/figure>\n\n\n\n<p>20.50hs se habr\u00eda emitido la alerta con jurisdicci\u00f3n en Suipacha.<\/p>\n\n\n\n<p>La colisi\u00f3n se dio entre una motocicleta Honda 150cc y una Fiat Ducato. Seg\u00fan La Raz\u00f3n de Chivilcoy le veh\u00edculo de mayor porte era conducido por Marcelo Pastine, domiciliado en Capital Federal, mientras que la v\u00edctima fatal se trata de Cristian Cabrera.<\/p>\n\n\n\n<p>&nbsp;Act\u00faa en el caso la U.F.I N\u00ba6 del Departamento Judicial Mercedes. Trabajaron en el lugar Polic\u00eda Vial de Chivilcoy, Bomberos de Chivilcoy y Bomberos de Suipacha con la intervenci\u00f3n de la Polic\u00eda Cient\u00edfica para efectuar el correspondiente relevamiento de pruebas.<\/p>\n","protected":false},"excerpt":{"rendered":"<p>Un nuevo siniestro vial se produjo entre Mercedes y Supacha, con jurisdicci\u00f3n de la vecina localidad, en el km122 donde &#8230; <a title=\"En siniestro vial en Ruta N\u00ba5 fallece motociclista de Chivilcoy\" class=\"read-more\" href=\"https:\/\/www.hoymercedes.com.ar\/principal\/2022\/03\/07\/en-siniestro-vial-en-ruta-no5-fallece-motociclista-de-chivilcoy\/\" aria-label=\"Leer m\u00e1s sobre En siniestro vial en Ruta N\u00ba5 fallece motociclista de Chivilcoy\">Leer m\u00e1s<\/a><\/p>\n","protected":false},"author":1,"featured_media":144988,"comment_status":"closed","ping_status":"open","sticky":false,"template":"","format":"standard","meta":{"_monsterinsights_skip_tracking":false,"_monsterinsights_sitenote_active":false,"_monsterinsights_sitenote_note":"","_monsterinsights_sitenote_category":0,"jetpack_post_was_ever_published":false,"_jetpack_newsletter_access":"","_jetpack_dont_email_post_to_subs":false,"_jetpack_newsletter_tier_id":0,"_jetpack_memberships_contains_paywalled_content":false,"_jetpack_memberships_contains_paid_content":false,"footnotes":"","jetpack_publicize_message":"","jetpack_publicize_feature_enabled":true,"jetpack_social_post_already_shared":true,"jetpack_social_options":{"image_generator_settings":{"template":"highway","default_image_id":0,"font":"","enabled":false},"version":2},"_wpas_customize_per_network":false},"categories":[85],"tags":[62,538,10395,559],"class_list":["post-144987","post","type-post","status-publish","format-standard","has-post-thumbnail","hentry","category-policial","tag-chivilcoy","tag-ruta-5","tag-siniestro-vial","tag-suipacha","generate-columns","tablet-grid-50","mobile-grid-100","grid-parent","grid-50"],"jetpack_publicize_connections":[],"jetpack_featured_media_url":"https:\/\/www.hoymercedes.com.ar\/principal\/wp-content\/uploads\/2022\/03\/SiniestroVial-Suipacha-LaRazon.jpeg","wps_subtitle":"Siniestro fatal","jetpack_sharing_enabled":true,"_links":{"self":[{"href":"https:\/\/www.hoymercedes.com.ar\/principal\/wp-json\/wp\/v2\/posts\/144987","targetHints":{"allow":["GET"]}}],"collection":[{"href":"https:\/\/www.hoymercedes.com.ar\/principal\/wp-json\/wp\/v2\/posts"}],"about":[{"href":"https:\/\/www.hoymercedes.com.ar\/principal\/wp-json\/wp\/v2\/types\/post"}],"author":[{"embeddable":true,"href":"https:\/\/www.hoymercedes.com.ar\/principal\/wp-json\/wp\/v2\/users\/1"}],"replies":[{"embeddable":true,"href":"https:\/\/www.hoymercedes.com.ar\/principal\/wp-json\/wp\/v2\/comments?post=144987"}],"version-history":[{"count":0,"href":"https:\/\/www.hoymercedes.com.ar\/principal\/wp-json\/wp\/v2\/posts\/144987\/revisions"}],"wp:featuredmedia":[{"embeddable":true,"href":"https:\/\/www.hoymercedes.com.ar\/principal\/wp-json\/wp\/v2\/media\/144988"}],"wp:attachment":[{"href":"https:\/\/www.hoymercedes.com.ar\/principal\/wp-json\/wp\/v2\/media?parent=144987"}],"wp:term":[{"taxonomy":"category","embeddable":true,"href":"https:\/\/www.hoymercedes.com.ar\/principal\/wp-json\/wp\/v2\/categories?post=144987"},{"taxonomy":"post_tag","embeddable":true,"href":"https:\/\/www.hoymercedes.com.ar\/principal\/wp-json\/wp\/v2\/tags?post=144987"}],"curies":[{"name":"wp","href":"https:\/\/api.w.org\/{rel}","templated":true}]}}