{"id":14512,"date":"2012-07-14T01:03:10","date_gmt":"2012-07-14T01:03:10","guid":{"rendered":"http:\/\/www.hoymercedes.com.ar\/principal\/?p=14512"},"modified":"2012-07-14T01:10:25","modified_gmt":"2012-07-14T01:10:25","slug":"nueva-ambulancia-para-el-dubarry-entregada-por-selva","status":"publish","type":"post","link":"https:\/\/www.hoymercedes.com.ar\/principal\/2012\/07\/14\/nueva-ambulancia-para-el-dubarry-entregada-por-selva\/","title":{"rendered":"Nueva ambulancia para el Dubarry entregada por Selva"},"content":{"rendered":"<p><a href=\"https:\/\/www.hoymercedes.com.ar\/principal\/wp-content\/uploads\/2012\/07\/Ambulancia.Mercedes.2012.jpg\"><img loading=\"lazy\" decoding=\"async\" data-attachment-id=\"14514\" data-permalink=\"https:\/\/www.hoymercedes.com.ar\/principal\/2012\/07\/14\/nueva-ambulancia-para-el-dubarry-entregada-por-selva\/ambulancia-mercedes-2012\/#main\" data-orig-file=\"https:\/\/www.hoymercedes.com.ar\/principal\/wp-content\/uploads\/2012\/07\/Ambulancia.Mercedes.2012.jpg\" data-orig-size=\"614,461\" data-comments-opened=\"1\" data-image-meta=\"{&quot;aperture&quot;:&quot;2.6&quot;,&quot;credit&quot;:&quot;&quot;,&quot;camera&quot;:&quot;GT-B5510L&quot;,&quot;caption&quot;:&quot;&quot;,&quot;created_timestamp&quot;:&quot;1342168175&quot;,&quot;copyright&quot;:&quot;&quot;,&quot;focal_length&quot;:&quot;2.79&quot;,&quot;iso&quot;:&quot;64&quot;,&quot;shutter_speed&quot;:&quot;0.033333333333333&quot;,&quot;title&quot;:&quot;&quot;}\" data-image-title=\"Ambulancia.Mercedes.2012\" data-image-description=\"\" data-image-caption=\"\" data-large-file=\"https:\/\/www.hoymercedes.com.ar\/principal\/wp-content\/uploads\/2012\/07\/Ambulancia.Mercedes.2012.jpg\" class=\"aligncenter size-full wp-image-14514\" title=\"Ambulancia.Mercedes.2012\" src=\"https:\/\/www.hoymercedes.com.ar\/principal\/wp-content\/uploads\/2012\/07\/Ambulancia.Mercedes.2012.jpg\" alt=\"\" width=\"614\" height=\"461\" \/><\/a><\/p>\n<p>Fue durante la ma\u00f1ana de este viernes en el frente del Palacio Municipal con la participaci\u00f3n de la prensa, funcionarios y miembros del poder legislativo.<\/p>\n<p>El Intendente primeramente entreg\u00f3 al Dr. Juan Carlos \u201cCholo\u201d Elizalde, una placa conmemorativa con el motivo de celebrarse el 80\u00b0 Aniversario de la creaci\u00f3n de la Asociaci\u00f3n M\u00e9dica de Mercedes.<\/p>\n<p>En otra parte del acto, cumpliendo con uno de los objetivos propuestos en la anterior campa\u00f1a electoral, a trav\u00e9s de las gestiones llevadas adelante por Selva, el mismo pudo entregar la llave de una nueva ambulancia, totalmente equipada, destinada al Hospital Blas L. Dubarry, las que recibi\u00f3 el Director del Nosocomio local Dr. Rodolfo Principi y el Presidente de la Cooperadora de esa instituci\u00f3n, Rosendo Rubiero.<\/p>\n<p>\u201cY respondiendo a un viejo anhelo de los vecinos de la zona rural, la que corresponde a Gowland, Agote y Tomas Jofre, la ambulancia que ser\u00e1 reemplazada por esta nueva, comenzara a partir de hoy, a cumplir servicios en esa zona. Ya queda a disposici\u00f3n de ustedes, para emergencias medicas\u201d dijo el Intendente Selva.<\/p>\n<p>En el mismo evento, se le hizo entrega tambi\u00e9n al Hospital, de la segunda, parte de la primera tanda de netbooks, que se unen en red al sistema \u00fanico de salud instrumentado en la ciudad, con la interconexi\u00f3n de los Centros de Atenci\u00f3n Primaria de la Salud (CAPS), Ambulancias y Hospital.<\/p>\n<p>\u201cTambi\u00e9n se ha actualizado el sistema para entrelazar la guardia con las ambulancias mediante videoconferencia. Por otro lado, tenemos que destacar tambi\u00e9n, que se ha terminado ya el sistema de registro de casos de violencia, que tambi\u00e9n interact\u00faa con el de salud\u201d dijo el primer mandatario local.<\/p>\n<p>&nbsp;<\/p>\n","protected":false},"excerpt":{"rendered":"<p>Fue durante la ma\u00f1ana de este viernes en el frente del Palacio Municipal con la participaci\u00f3n de la prensa, funcionarios &#8230; <a title=\"Nueva ambulancia para el Dubarry entregada por Selva\" class=\"read-more\" href=\"https:\/\/www.hoymercedes.com.ar\/principal\/2012\/07\/14\/nueva-ambulancia-para-el-dubarry-entregada-por-selva\/\" aria-label=\"Leer m\u00e1s sobre Nueva ambulancia para el Dubarry entregada por Selva\">Leer m\u00e1s<\/a><\/p>\n","protected":false},"author":1,"featured_media":0,"comment_status":"open","ping_status":"open","sticky":false,"template":"","format":"standard","meta":{"_monsterinsights_skip_tracking":false,"_monsterinsights_sitenote_active":false,"_monsterinsights_sitenote_note":"","_monsterinsights_sitenote_category":0,"jetpack_post_was_ever_published":false,"_jetpack_newsletter_access":"","_jetpack_dont_email_post_to_subs":false,"_jetpack_newsletter_tier_id":0,"_jetpack_memberships_contains_paywalled_content":false,"_jetpack_memberships_contains_paid_content":false,"footnotes":"","jetpack_publicize_message":"","jetpack_publicize_feature_enabled":true,"jetpack_social_post_already_shared":false,"jetpack_social_options":{"image_generator_settings":{"template":"highway","default_image_id":0,"font":"","enabled":false},"version":2},"_wpas_customize_per_network":false},"categories":[30],"tags":[39,532,2513],"class_list":["post-14512","post","type-post","status-publish","format-standard","hentry","category-municipio","tag-carlos-selva","tag-fito-principi","tag-nueva-ambulancia-dubarry","generate-columns","tablet-grid-50","mobile-grid-100","grid-parent","grid-50"],"jetpack_publicize_connections":[],"jetpack_featured_media_url":"","wps_subtitle":"","jetpack_sharing_enabled":true,"_links":{"self":[{"href":"https:\/\/www.hoymercedes.com.ar\/principal\/wp-json\/wp\/v2\/posts\/14512","targetHints":{"allow":["GET"]}}],"collection":[{"href":"https:\/\/www.hoymercedes.com.ar\/principal\/wp-json\/wp\/v2\/posts"}],"about":[{"href":"https:\/\/www.hoymercedes.com.ar\/principal\/wp-json\/wp\/v2\/types\/post"}],"author":[{"embeddable":true,"href":"https:\/\/www.hoymercedes.com.ar\/principal\/wp-json\/wp\/v2\/users\/1"}],"replies":[{"embeddable":true,"href":"https:\/\/www.hoymercedes.com.ar\/principal\/wp-json\/wp\/v2\/comments?post=14512"}],"version-history":[{"count":0,"href":"https:\/\/www.hoymercedes.com.ar\/principal\/wp-json\/wp\/v2\/posts\/14512\/revisions"}],"wp:attachment":[{"href":"https:\/\/www.hoymercedes.com.ar\/principal\/wp-json\/wp\/v2\/media?parent=14512"}],"wp:term":[{"taxonomy":"category","embeddable":true,"href":"https:\/\/www.hoymercedes.com.ar\/principal\/wp-json\/wp\/v2\/categories?post=14512"},{"taxonomy":"post_tag","embeddable":true,"href":"https:\/\/www.hoymercedes.com.ar\/principal\/wp-json\/wp\/v2\/tags?post=14512"}],"curies":[{"name":"wp","href":"https:\/\/api.w.org\/{rel}","templated":true}]}}