{"id":14516,"date":"2012-07-14T01:09:32","date_gmt":"2012-07-14T01:09:32","guid":{"rendered":"http:\/\/www.hoymercedes.com.ar\/principal\/?p=14516"},"modified":"2012-07-14T01:09:32","modified_gmt":"2012-07-14T01:09:32","slug":"selva-en-general-rodriguez-convenio-e-inauguracion","status":"publish","type":"post","link":"https:\/\/www.hoymercedes.com.ar\/principal\/2012\/07\/14\/selva-en-general-rodriguez-convenio-e-inauguracion\/","title":{"rendered":"Selva en General Rodr\u00edguez: Convenio e Inauguraci\u00f3n"},"content":{"rendered":"<p><a href=\"https:\/\/www.hoymercedes.com.ar\/principal\/wp-content\/uploads\/2012\/07\/Selva-GeneralRodriguez.jpg\"><img loading=\"lazy\" decoding=\"async\" data-attachment-id=\"14519\" data-permalink=\"https:\/\/www.hoymercedes.com.ar\/principal\/2012\/07\/14\/selva-en-general-rodriguez-convenio-e-inauguracion\/selva-generalrodriguez\/#main\" data-orig-file=\"https:\/\/www.hoymercedes.com.ar\/principal\/wp-content\/uploads\/2012\/07\/Selva-GeneralRodriguez.jpg\" data-orig-size=\"614,461\" data-comments-opened=\"1\" data-image-meta=\"{&quot;aperture&quot;:&quot;0&quot;,&quot;credit&quot;:&quot;&quot;,&quot;camera&quot;:&quot;BlackBerry 8520&quot;,&quot;caption&quot;:&quot;&quot;,&quot;created_timestamp&quot;:&quot;0&quot;,&quot;copyright&quot;:&quot;&quot;,&quot;focal_length&quot;:&quot;0&quot;,&quot;iso&quot;:&quot;0&quot;,&quot;shutter_speed&quot;:&quot;0&quot;,&quot;title&quot;:&quot;&quot;}\" data-image-title=\"Selva-GeneralRodriguez\" data-image-description=\"\" data-image-caption=\"\" data-large-file=\"https:\/\/www.hoymercedes.com.ar\/principal\/wp-content\/uploads\/2012\/07\/Selva-GeneralRodriguez.jpg\" class=\"aligncenter size-full wp-image-14519\" title=\"Selva-GeneralRodriguez\" src=\"https:\/\/www.hoymercedes.com.ar\/principal\/wp-content\/uploads\/2012\/07\/Selva-GeneralRodriguez.jpg\" alt=\"\" width=\"614\" height=\"461\" \/><\/a><\/p>\n<p>Fue este viernes luego de entregar la ambulancia al Hospital Dubarry que el intendente Selva viaj\u00f3 a General Rogriguz.<\/p>\n<p>el Intendente Municipal Carlos Selva, acompa\u00f1o al intendente de Gral. Rodr\u00edguez, D. Juan Pablo Anghileri, quienes recibieron en esa localidad al Ministro de Trabajo Dr. Oscar Antonio Cuartango, el Presidente del IPS, Dr. Mariano Cascallares, el Director Pcial. de Delegaciones Jorge Gomez de Saravia, Jefe de Gabinete Facundo Zonco, y al asesor de la Subsecretaria de Empleo, Prof. Aldo Carreras.<\/p>\n<p>Primeramente se llevo adelante la firma de Convenios Marco y Protocolos con el Municipio de Gral. Rodriguez y el Consorcio Corredor Productivo de Municipios al Mercosur,que integra la Municipalidad de Mercedes y otros distritos.<\/p>\n<p>En este convenio, las partes declararon su mutuo inter\u00e9s prioritario en las cuestiones relativas a la promoci\u00f3n del empleo, el mejoramiento permanente de su calidad, la erradicaci\u00f3n del trabajo infantil, la inclusi\u00f3n laboral de los grupos m\u00e1s vulnerables de la poblaci\u00f3n econ\u00f3micamente activa, la igualdad de oportunidades entre hombres y mujeres, la erradicaci\u00f3n del trabajo no registrado y el fraude laboral, y las adecuadas condiciones de higiene, salubridad y seguridad en el trabajo.<\/p>\n<p>Una vez concluido este acto, se trasladaron a las nuevas instalaciones de la Subdelegaci\u00f3n de Trabajo y<\/p>\n<p>CAP del IPS, para dejarlo inaugurado, en calle Teresa de Calcuta y Alem de esa localidad. Alli fue que se escucharon las palabras del Presidente del IPS Dr. Mariano Cascallares y las del Ministro Dr. Oscar Cuartango<\/p>\n","protected":false},"excerpt":{"rendered":"<p>Fue este viernes luego de entregar la ambulancia al Hospital Dubarry que el intendente Selva viaj\u00f3 a General Rogriguz. el &#8230; <a title=\"Selva en General Rodr\u00edguez: Convenio e Inauguraci\u00f3n\" class=\"read-more\" href=\"https:\/\/www.hoymercedes.com.ar\/principal\/2012\/07\/14\/selva-en-general-rodriguez-convenio-e-inauguracion\/\" aria-label=\"Leer m\u00e1s sobre Selva en General Rodr\u00edguez: Convenio e Inauguraci\u00f3n\">Leer m\u00e1s<\/a><\/p>\n","protected":false},"author":1,"featured_media":0,"comment_status":"open","ping_status":"open","sticky":false,"template":"","format":"standard","meta":{"_monsterinsights_skip_tracking":false,"_monsterinsights_sitenote_active":false,"_monsterinsights_sitenote_note":"","_monsterinsights_sitenote_category":0,"jetpack_post_was_ever_published":false,"_jetpack_newsletter_access":"","_jetpack_dont_email_post_to_subs":false,"_jetpack_newsletter_tier_id":0,"_jetpack_memberships_contains_paywalled_content":false,"_jetpack_memberships_contains_paid_content":false,"footnotes":"","jetpack_publicize_message":"","jetpack_publicize_feature_enabled":true,"jetpack_social_post_already_shared":false,"jetpack_social_options":{"image_generator_settings":{"template":"highway","default_image_id":0,"font":"","enabled":false},"version":2},"_wpas_customize_per_network":false},"categories":[5],"tags":[18],"class_list":["post-14516","post","type-post","status-publish","format-standard","hentry","category-politica","tag-selva","generate-columns","tablet-grid-50","mobile-grid-100","grid-parent","grid-50"],"jetpack_publicize_connections":[],"jetpack_featured_media_url":"","wps_subtitle":"","jetpack_sharing_enabled":true,"_links":{"self":[{"href":"https:\/\/www.hoymercedes.com.ar\/principal\/wp-json\/wp\/v2\/posts\/14516","targetHints":{"allow":["GET"]}}],"collection":[{"href":"https:\/\/www.hoymercedes.com.ar\/principal\/wp-json\/wp\/v2\/posts"}],"about":[{"href":"https:\/\/www.hoymercedes.com.ar\/principal\/wp-json\/wp\/v2\/types\/post"}],"author":[{"embeddable":true,"href":"https:\/\/www.hoymercedes.com.ar\/principal\/wp-json\/wp\/v2\/users\/1"}],"replies":[{"embeddable":true,"href":"https:\/\/www.hoymercedes.com.ar\/principal\/wp-json\/wp\/v2\/comments?post=14516"}],"version-history":[{"count":0,"href":"https:\/\/www.hoymercedes.com.ar\/principal\/wp-json\/wp\/v2\/posts\/14516\/revisions"}],"wp:attachment":[{"href":"https:\/\/www.hoymercedes.com.ar\/principal\/wp-json\/wp\/v2\/media?parent=14516"}],"wp:term":[{"taxonomy":"category","embeddable":true,"href":"https:\/\/www.hoymercedes.com.ar\/principal\/wp-json\/wp\/v2\/categories?post=14516"},{"taxonomy":"post_tag","embeddable":true,"href":"https:\/\/www.hoymercedes.com.ar\/principal\/wp-json\/wp\/v2\/tags?post=14516"}],"curies":[{"name":"wp","href":"https:\/\/api.w.org\/{rel}","templated":true}]}}