{"id":145167,"date":"2022-03-10T20:26:53","date_gmt":"2022-03-10T23:26:53","guid":{"rendered":"https:\/\/www.hoymercedes.com.ar\/principal\/?p=145167"},"modified":"2022-03-10T20:27:00","modified_gmt":"2022-03-10T23:27:00","slug":"el-gol-de-nazarena-viola-no-alcanzo-para-pasar-la-fase","status":"publish","type":"post","link":"https:\/\/www.hoymercedes.com.ar\/principal\/2022\/03\/10\/el-gol-de-nazarena-viola-no-alcanzo-para-pasar-la-fase\/","title":{"rendered":"El gol de Nazarena Viola no alcanz\u00f3 para pasar la fase"},"content":{"rendered":"\n<p>El seleccionado de futbol femenino sub 17 que integran las mercedinas Nazarena Viola y Juana C\u00e1ngaro, empat\u00f3 en la tarde de este jueves ante Paraguay, \u00faltima fecha de la zona de grupos. El gol de Nazarena con el que se inici\u00f3 el tanteador ilusion\u00f3 al equipo argentino, pero el empate del equipo contrario y la diferencia de goles en la fase inicial, hizo que la selecci\u00f3n argentina no avance. <\/p>\n\n\n\n<div class=\"wp-block-image\"><figure class=\"aligncenter size-full\"><img loading=\"lazy\" decoding=\"async\" width=\"800\" height=\"533\" data-attachment-id=\"145161\" data-permalink=\"https:\/\/www.hoymercedes.com.ar\/principal\/img_20220310_180349_copy_800x533\/\" data-orig-file=\"https:\/\/www.hoymercedes.com.ar\/principal\/wp-content\/uploads\/2022\/03\/IMG_20220310_180349_copy_800x533.jpg\" data-orig-size=\"800,533\" data-comments-opened=\"0\" data-image-meta=\"{&quot;aperture&quot;:&quot;0&quot;,&quot;credit&quot;:&quot;&quot;,&quot;camera&quot;:&quot;&quot;,&quot;caption&quot;:&quot;&quot;,&quot;created_timestamp&quot;:&quot;0&quot;,&quot;copyright&quot;:&quot;&quot;,&quot;focal_length&quot;:&quot;0&quot;,&quot;iso&quot;:&quot;0&quot;,&quot;shutter_speed&quot;:&quot;0&quot;,&quot;title&quot;:&quot;&quot;,&quot;orientation&quot;:&quot;0&quot;}\" data-image-title=\"IMG_20220310_180349_copy_800x533\" data-image-description=\"\" data-image-caption=\"\" data-large-file=\"https:\/\/www.hoymercedes.com.ar\/principal\/wp-content\/uploads\/2022\/03\/IMG_20220310_180349_copy_800x533.jpg\" src=\"https:\/\/www.hoymercedes.com.ar\/principal\/wp-content\/uploads\/2022\/03\/IMG_20220310_180349_copy_800x533.jpg\" alt=\"\" class=\"wp-image-145161\" srcset=\"https:\/\/www.hoymercedes.com.ar\/principal\/wp-content\/uploads\/2022\/03\/IMG_20220310_180349_copy_800x533.jpg 800w, https:\/\/www.hoymercedes.com.ar\/principal\/wp-content\/uploads\/2022\/03\/IMG_20220310_180349_copy_800x533-630x420.jpg 630w, https:\/\/www.hoymercedes.com.ar\/principal\/wp-content\/uploads\/2022\/03\/IMG_20220310_180349_copy_800x533-150x100.jpg 150w, https:\/\/www.hoymercedes.com.ar\/principal\/wp-content\/uploads\/2022\/03\/IMG_20220310_180349_copy_800x533-700x465.jpg 700w\" sizes=\"auto, (max-width: 800px) 100vw, 800px\" \/><figcaption>El festejo de Nazarena Viola tras el gol que inici\u00f3 el marcador de este jueves. <\/figcaption><\/figure><\/div>\n\n\n\n<p>La Selecci\u00f3n Argentina de F\u00fatbol Femenino cerr\u00f3 su participaci\u00f3n en el Sudamericano Sub-17, con un empate ante Paraguay, en el estadio Charr\u00faa de Montevideo. Las albicelestes obtuvieron 7 puntos en la Zona A, la misma cantidad que el equipo paraguayo, pero por diferencia de goles Argentina qued\u00f3 tercera.<\/p>\n\n\n\n<p>Con este resultado, las dirigidas por Christian Meloni no pudieron avanzar a la fase final a la cual clasificaban las dos primeras de cada grupo. Ya que anteriormente las argentinas hab\u00eda perdido ante Brasil en la primera fecha por 3 a 0, en la fecha 2 vencieron a Venezuela por 1 a 0, y en la tercera le ganaron a Bolivia por 4 a 0.<\/p>\n\n\n\n<div class=\"wp-block-image\"><figure class=\"aligncenter size-full is-resized\"><img loading=\"lazy\" decoding=\"async\" data-attachment-id=\"145162\" data-permalink=\"https:\/\/www.hoymercedes.com.ar\/principal\/img_20220310_180413_copy_349x233\/\" data-orig-file=\"https:\/\/www.hoymercedes.com.ar\/principal\/wp-content\/uploads\/2022\/03\/IMG_20220310_180413_copy_349x233.jpg\" data-orig-size=\"349,233\" data-comments-opened=\"0\" data-image-meta=\"{&quot;aperture&quot;:&quot;0&quot;,&quot;credit&quot;:&quot;&quot;,&quot;camera&quot;:&quot;&quot;,&quot;caption&quot;:&quot;&quot;,&quot;created_timestamp&quot;:&quot;0&quot;,&quot;copyright&quot;:&quot;&quot;,&quot;focal_length&quot;:&quot;0&quot;,&quot;iso&quot;:&quot;0&quot;,&quot;shutter_speed&quot;:&quot;0&quot;,&quot;title&quot;:&quot;&quot;,&quot;orientation&quot;:&quot;0&quot;}\" data-image-title=\"IMG_20220310_180413_copy_349x233\" data-image-description=\"\" data-image-caption=\"\" data-large-file=\"https:\/\/www.hoymercedes.com.ar\/principal\/wp-content\/uploads\/2022\/03\/IMG_20220310_180413_copy_349x233.jpg\" src=\"https:\/\/www.hoymercedes.com.ar\/principal\/wp-content\/uploads\/2022\/03\/IMG_20220310_180413_copy_349x233.jpg\" alt=\"\" class=\"wp-image-145162\" width=\"527\" height=\"352\" srcset=\"https:\/\/www.hoymercedes.com.ar\/principal\/wp-content\/uploads\/2022\/03\/IMG_20220310_180413_copy_349x233.jpg 349w, https:\/\/www.hoymercedes.com.ar\/principal\/wp-content\/uploads\/2022\/03\/IMG_20220310_180413_copy_349x233-150x100.jpg 150w\" sizes=\"auto, (max-width: 527px) 100vw, 527px\" \/><figcaption>La selecci\u00f3n sub 17 que integran las mercedinas Nazarena Viola y Juana C\u00e1ngaro qued\u00f3 fuera del Sudamericano por diferencia de goles. <\/figcaption><\/figure><\/div>\n","protected":false},"excerpt":{"rendered":"<p>El seleccionado de futbol femenino sub 17 que integran las mercedinas Nazarena Viola y Juana C\u00e1ngaro, empat\u00f3 en la tarde &#8230; <a title=\"El gol de Nazarena Viola no alcanz\u00f3 para pasar la fase\" class=\"read-more\" href=\"https:\/\/www.hoymercedes.com.ar\/principal\/2022\/03\/10\/el-gol-de-nazarena-viola-no-alcanzo-para-pasar-la-fase\/\" aria-label=\"Leer m\u00e1s sobre El gol de Nazarena Viola no alcanz\u00f3 para pasar la fase\">Leer m\u00e1s<\/a><\/p>\n","protected":false},"author":1,"featured_media":145162,"comment_status":"closed","ping_status":"open","sticky":false,"template":"","format":"standard","meta":{"_monsterinsights_skip_tracking":false,"_monsterinsights_sitenote_active":false,"_monsterinsights_sitenote_note":"","_monsterinsights_sitenote_category":0,"jetpack_post_was_ever_published":false,"_jetpack_newsletter_access":"","_jetpack_dont_email_post_to_subs":false,"_jetpack_newsletter_tier_id":0,"_jetpack_memberships_contains_paywalled_content":false,"_jetpack_memberships_contains_paid_content":false,"footnotes":"","jetpack_publicize_message":"","jetpack_publicize_feature_enabled":true,"jetpack_social_post_already_shared":true,"jetpack_social_options":{"image_generator_settings":{"template":"highway","default_image_id":0,"font":"","enabled":false},"version":2},"_wpas_customize_per_network":false},"categories":[21],"tags":[204],"class_list":["post-145167","post","type-post","status-publish","format-standard","has-post-thumbnail","hentry","category-deportes","tag-deportes-2","generate-columns","tablet-grid-50","mobile-grid-100","grid-parent","grid-50"],"jetpack_publicize_connections":[],"jetpack_featured_media_url":"https:\/\/www.hoymercedes.com.ar\/principal\/wp-content\/uploads\/2022\/03\/IMG_20220310_180413_copy_349x233.jpg","wps_subtitle":"Sudamericano futbol femenino sub17","jetpack_sharing_enabled":true,"jetpack-related-posts":[{"id":138278,"url":"https:\/\/www.hoymercedes.com.ar\/principal\/2021\/10\/05\/nazarena-viola-convocada-a-la-seleccion-femenina-de-futbol\/","url_meta":{"origin":145167,"position":0},"title":"Nazarena Viola convocada a la selecci\u00f3n femenina de f\u00fatbol","author":"hoymercedes","date":"5 octubre, 2021","format":false,"excerpt":"En la jornada del lunes se conoci\u00f3 que el entrenador de las selecciones sub 17 y sub 15 del futbol femenino, Christian Meloni convoc\u00f3 a las veinte jugadoras para integrar el equipo sub 17, entre las convocadas se encuentra la mercedina Nazarena Viola. Actual jugadora de Racing Club de Avellaneda,\u2026","rel":"","context":"En \u00abDeportes\u00bb","block_context":{"text":"Deportes","link":"https:\/\/www.hoymercedes.com.ar\/principal\/category\/deportes\/"},"img":{"alt_text":"","src":"https:\/\/i0.wp.com\/www.hoymercedes.com.ar\/principal\/wp-content\/uploads\/2021\/10\/nazarena-viola-1.jpg?resize=350%2C200&ssl=1","width":350,"height":200,"srcset":"https:\/\/i0.wp.com\/www.hoymercedes.com.ar\/principal\/wp-content\/uploads\/2021\/10\/nazarena-viola-1.jpg?resize=350%2C200&ssl=1 1x, https:\/\/i0.wp.com\/www.hoymercedes.com.ar\/principal\/wp-content\/uploads\/2021\/10\/nazarena-viola-1.jpg?resize=525%2C300&ssl=1 1.5x, https:\/\/i0.wp.com\/www.hoymercedes.com.ar\/principal\/wp-content\/uploads\/2021\/10\/nazarena-viola-1.jpg?resize=700%2C400&ssl=1 2x"},"classes":[]},{"id":144514,"url":"https:\/\/www.hoymercedes.com.ar\/principal\/2022\/03\/01\/juana-cangaro-y-nazarena-viola-arrancan-en-el-sudamericano-sub17\/","url_meta":{"origin":145167,"position":1},"title":"Juana C\u00e1ngaro y Nazarena Viola arrancan en el Sudamericano Sub17","author":"hoymercedes","date":"1 marzo, 2022","format":false,"excerpt":"Este martes 1\u00b0 de marzo arranca en el Torneo Sudamericano de Futbol Femenino Sub 17 en Uruguay. Dos mercedinas son parte de la selecci\u00f3n nacional que competir\u00e1n este mi\u00e9rcoles 2 en el estadio Charr\u00faa contra Brasil, a las 18:30 hs. Se trata de Juan C\u00e1ngaro y Nazarena Viola. Ambas est\u00e1n\u2026","rel":"","context":"En \u00abDeportes\u00bb","block_context":{"text":"Deportes","link":"https:\/\/www.hoymercedes.com.ar\/principal\/category\/deportes\/"},"img":{"alt_text":"","src":"https:\/\/i0.wp.com\/www.hoymercedes.com.ar\/principal\/wp-content\/uploads\/2022\/03\/futbolFemesub17.jpg?resize=350%2C200&ssl=1","width":350,"height":200,"srcset":"https:\/\/i0.wp.com\/www.hoymercedes.com.ar\/principal\/wp-content\/uploads\/2022\/03\/futbolFemesub17.jpg?resize=350%2C200&ssl=1 1x, https:\/\/i0.wp.com\/www.hoymercedes.com.ar\/principal\/wp-content\/uploads\/2022\/03\/futbolFemesub17.jpg?resize=525%2C300&ssl=1 1.5x"},"classes":[]},{"id":144900,"url":"https:\/\/www.hoymercedes.com.ar\/principal\/2022\/03\/06\/seleccion-sub-17-4-a-0-argentina-le-gano-a-bolivia\/","url_meta":{"origin":145167,"position":2},"title":"Selecci\u00f3n Sub 17: 4  a 0 Argentina le gan\u00f3 a Bolivia","author":"hoymercedes","date":"6 marzo, 2022","format":false,"excerpt":"Tras el duelo que le dio la tranquilidad al equipo de Meloni y Qui\u00f1ones ante Venezuela con el gol de Juana Cangaro, en la tarde del domingo, en el estadio Charr\u00faas de Uruguay, se jug\u00f3 la tercera fecha por el Grupo B del Sudamericano del Futbol Femenino Sub 17. Argentina\u2026","rel":"","context":"En \u00abDeportes\u00bb","block_context":{"text":"Deportes","link":"https:\/\/www.hoymercedes.com.ar\/principal\/category\/deportes\/"},"img":{"alt_text":"","src":"https:\/\/i0.wp.com\/www.hoymercedes.com.ar\/principal\/wp-content\/uploads\/2022\/03\/IMG_20220306_231754-e1646620183596.jpg?resize=350%2C200&ssl=1","width":350,"height":200,"srcset":"https:\/\/i0.wp.com\/www.hoymercedes.com.ar\/principal\/wp-content\/uploads\/2022\/03\/IMG_20220306_231754-e1646620183596.jpg?resize=350%2C200&ssl=1 1x, https:\/\/i0.wp.com\/www.hoymercedes.com.ar\/principal\/wp-content\/uploads\/2022\/03\/IMG_20220306_231754-e1646620183596.jpg?resize=525%2C300&ssl=1 1.5x, https:\/\/i0.wp.com\/www.hoymercedes.com.ar\/principal\/wp-content\/uploads\/2022\/03\/IMG_20220306_231754-e1646620183596.jpg?resize=700%2C400&ssl=1 2x"},"classes":[]},{"id":145455,"url":"https:\/\/www.hoymercedes.com.ar\/principal\/2022\/03\/20\/nazarena-viola-convocada-para-la-seleccion-sub20\/","url_meta":{"origin":145167,"position":3},"title":"Nazarena Viola convocada para la selecci\u00f3n sub20","author":"hoymercedes","date":"20 marzo, 2022","format":false,"excerpt":"Luego de su pase por el Sudamericano en Uruguay con la selecci\u00f3n sub17, la mercedina Nazarena Viola fue convocada para la selecci\u00f3n Sub20 del futbol femenino. D\u00edas atr\u00e1s estuvo entrenando con el equipo que dirige Germ\u00e1n Portanova. Dieciocho jugadoras viajaron a Montevideo, donde disputaron un amistoso ante su similar de\u2026","rel":"","context":"En \u00abDeportes\u00bb","block_context":{"text":"Deportes","link":"https:\/\/www.hoymercedes.com.ar\/principal\/category\/deportes\/"},"img":{"alt_text":"","src":"https:\/\/i0.wp.com\/www.hoymercedes.com.ar\/principal\/wp-content\/uploads\/2022\/03\/Nazarena-Viola-2.jpg?resize=350%2C200&ssl=1","width":350,"height":200,"srcset":"https:\/\/i0.wp.com\/www.hoymercedes.com.ar\/principal\/wp-content\/uploads\/2022\/03\/Nazarena-Viola-2.jpg?resize=350%2C200&ssl=1 1x, https:\/\/i0.wp.com\/www.hoymercedes.com.ar\/principal\/wp-content\/uploads\/2022\/03\/Nazarena-Viola-2.jpg?resize=525%2C300&ssl=1 1.5x, https:\/\/i0.wp.com\/www.hoymercedes.com.ar\/principal\/wp-content\/uploads\/2022\/03\/Nazarena-Viola-2.jpg?resize=700%2C400&ssl=1 2x"},"classes":[]},{"id":84034,"url":"https:\/\/www.hoymercedes.com.ar\/principal\/2018\/11\/16\/nazarena-viola-y-juana-cangaro-campeonas-con-la-sub-14-de-river-plate\/","url_meta":{"origin":145167,"position":4},"title":"Nazarena Viola y Juana C\u00e1ngaro, campeonas con la Sub 14 de River Plate","author":"hoymercedes","date":"16 noviembre, 2018","format":false,"excerpt":"En Santa Fe, el equipo Sub-14 de f\u00fatbol femenino de River se consagr\u00f3 campe\u00f3n de la Liga de Desarrollo organizada por Conmebol. En su primera participaci\u00f3n en la competencia, las chicas dirigidas por Vivian V\u00e1zquez Roa cumplieron una gran actuaci\u00f3n y se quedaron con el trofeo. El debut con una\u2026","rel":"","context":"En \u00abDeportes\u00bb","block_context":{"text":"Deportes","link":"https:\/\/www.hoymercedes.com.ar\/principal\/category\/deportes\/"},"img":{"alt_text":"","src":"https:\/\/i0.wp.com\/www.hoymercedes.com.ar\/principal\/wp-content\/uploads\/2018\/11\/River-Plate-Sub-14-campe%C3%B3n.jpg?resize=350%2C200&ssl=1","width":350,"height":200,"srcset":"https:\/\/i0.wp.com\/www.hoymercedes.com.ar\/principal\/wp-content\/uploads\/2018\/11\/River-Plate-Sub-14-campe%C3%B3n.jpg?resize=350%2C200&ssl=1 1x, https:\/\/i0.wp.com\/www.hoymercedes.com.ar\/principal\/wp-content\/uploads\/2018\/11\/River-Plate-Sub-14-campe%C3%B3n.jpg?resize=525%2C300&ssl=1 1.5x, https:\/\/i0.wp.com\/www.hoymercedes.com.ar\/principal\/wp-content\/uploads\/2018\/11\/River-Plate-Sub-14-campe%C3%B3n.jpg?resize=700%2C400&ssl=1 2x"},"classes":[]},{"id":87522,"url":"https:\/\/www.hoymercedes.com.ar\/principal\/2019\/01\/30\/river-plate-con-nazarena-viola-y-juana-cangaro-va-por-la-clasificacion-en-el-sudamericano-de-paraguay\/","url_meta":{"origin":145167,"position":5},"title":"River Plate, con Nazarena Viola y Juana C\u00e1ngaro, va por la clasificaci\u00f3n en el Sudamericano de Paraguay","author":"hoymercedes","date":"30 enero, 2019","format":false,"excerpt":"Las mercedinas Nazarena Viola y Juana C\u00e1ngaro tuvieron su d\u00eda de descanso este martes cuando River Plate qued\u00f3 libre en el Sudamericano de F\u00fatbol Femenino que se est\u00e1 jugando en Paraguay y que es organizado por Conmebol. El Millonario consigui\u00f3 dos triunfos y luego una derrota. Debut\u00f3 venciendo 5 a\u2026","rel":"","context":"En \u00abDeportes\u00bb","block_context":{"text":"Deportes","link":"https:\/\/www.hoymercedes.com.ar\/principal\/category\/deportes\/"},"img":{"alt_text":"","src":"https:\/\/i0.wp.com\/www.hoymercedes.com.ar\/principal\/wp-content\/uploads\/2019\/01\/River-Sub-14.jpg?resize=350%2C200&ssl=1","width":350,"height":200,"srcset":"https:\/\/i0.wp.com\/www.hoymercedes.com.ar\/principal\/wp-content\/uploads\/2019\/01\/River-Sub-14.jpg?resize=350%2C200&ssl=1 1x, https:\/\/i0.wp.com\/www.hoymercedes.com.ar\/principal\/wp-content\/uploads\/2019\/01\/River-Sub-14.jpg?resize=525%2C300&ssl=1 1.5x, https:\/\/i0.wp.com\/www.hoymercedes.com.ar\/principal\/wp-content\/uploads\/2019\/01\/River-Sub-14.jpg?resize=700%2C400&ssl=1 2x"},"classes":[]}],"_links":{"self":[{"href":"https:\/\/www.hoymercedes.com.ar\/principal\/wp-json\/wp\/v2\/posts\/145167","targetHints":{"allow":["GET"]}}],"collection":[{"href":"https:\/\/www.hoymercedes.com.ar\/principal\/wp-json\/wp\/v2\/posts"}],"about":[{"href":"https:\/\/www.hoymercedes.com.ar\/principal\/wp-json\/wp\/v2\/types\/post"}],"author":[{"embeddable":true,"href":"https:\/\/www.hoymercedes.com.ar\/principal\/wp-json\/wp\/v2\/users\/1"}],"replies":[{"embeddable":true,"href":"https:\/\/www.hoymercedes.com.ar\/principal\/wp-json\/wp\/v2\/comments?post=145167"}],"version-history":[{"count":0,"href":"https:\/\/www.hoymercedes.com.ar\/principal\/wp-json\/wp\/v2\/posts\/145167\/revisions"}],"wp:featuredmedia":[{"embeddable":true,"href":"https:\/\/www.hoymercedes.com.ar\/principal\/wp-json\/wp\/v2\/media\/145162"}],"wp:attachment":[{"href":"https:\/\/www.hoymercedes.com.ar\/principal\/wp-json\/wp\/v2\/media?parent=145167"}],"wp:term":[{"taxonomy":"category","embeddable":true,"href":"https:\/\/www.hoymercedes.com.ar\/principal\/wp-json\/wp\/v2\/categories?post=145167"},{"taxonomy":"post_tag","embeddable":true,"href":"https:\/\/www.hoymercedes.com.ar\/principal\/wp-json\/wp\/v2\/tags?post=145167"}],"curies":[{"name":"wp","href":"https:\/\/api.w.org\/{rel}","templated":true}]}}