{"id":145190,"date":"2022-03-11T09:14:00","date_gmt":"2022-03-11T12:14:00","guid":{"rendered":"https:\/\/www.hoymercedes.com.ar\/principal\/?p=145190"},"modified":"2022-03-11T12:45:47","modified_gmt":"2022-03-11T15:45:47","slug":"amplian-horario-de-vacunacion-en-el-martin-rodriguez","status":"publish","type":"post","link":"https:\/\/www.hoymercedes.com.ar\/principal\/2022\/03\/11\/amplian-horario-de-vacunacion-en-el-martin-rodriguez\/","title":{"rendered":"Ampl\u00edan horario de vacunaci\u00f3n en el Mart\u00edn Rodr\u00edguez"},"content":{"rendered":"\n<p>Desde el Municipio de Mercedes informaron que el vacunatorio instalado recientemente en la calle 11 y 6 (ex-Mart\u00edn Rodr\u00edguez) ampl\u00eda su horario de atenci\u00f3n. Atender\u00e1n de lunes a viernes, desde la 9:00 hasta la medianoche, y los s\u00e1bados y domingos de 9:00 a 18:00 horas.\u00a0\u00a0\u00a0\u00a0\u00a0<\/p>\n\n\n\n<div class=\"wp-block-image\"><figure class=\"aligncenter size-full\"><img loading=\"lazy\" decoding=\"async\" width=\"800\" height=\"453\" data-attachment-id=\"145191\" data-permalink=\"https:\/\/www.hoymercedes.com.ar\/principal\/2022\/03\/11\/amplian-horario-de-vacunacion-en-el-martin-rodriguez\/dsc07968\/#main\" data-orig-file=\"https:\/\/www.hoymercedes.com.ar\/principal\/wp-content\/uploads\/2022\/03\/DSC07968.jpg\" data-orig-size=\"800,453\" data-comments-opened=\"0\" data-image-meta=\"{&quot;aperture&quot;:&quot;0&quot;,&quot;credit&quot;:&quot;&quot;,&quot;camera&quot;:&quot;&quot;,&quot;caption&quot;:&quot;&quot;,&quot;created_timestamp&quot;:&quot;0&quot;,&quot;copyright&quot;:&quot;&quot;,&quot;focal_length&quot;:&quot;0&quot;,&quot;iso&quot;:&quot;0&quot;,&quot;shutter_speed&quot;:&quot;0&quot;,&quot;title&quot;:&quot;&quot;,&quot;orientation&quot;:&quot;0&quot;}\" data-image-title=\"DSC07968\" data-image-description=\"\" data-image-caption=\"\" data-large-file=\"https:\/\/www.hoymercedes.com.ar\/principal\/wp-content\/uploads\/2022\/03\/DSC07968.jpg\" src=\"https:\/\/www.hoymercedes.com.ar\/principal\/wp-content\/uploads\/2022\/03\/DSC07968.jpg\" alt=\"\" class=\"wp-image-145191\" srcset=\"https:\/\/www.hoymercedes.com.ar\/principal\/wp-content\/uploads\/2022\/03\/DSC07968.jpg 800w, https:\/\/www.hoymercedes.com.ar\/principal\/wp-content\/uploads\/2022\/03\/DSC07968-630x357.jpg 630w, https:\/\/www.hoymercedes.com.ar\/principal\/wp-content\/uploads\/2022\/03\/DSC07968-150x85.jpg 150w\" sizes=\"auto, (max-width: 800px) 100vw, 800px\" \/><\/figure><\/div>\n\n\n\n<p>De acuerdo a la comunicaci\u00f3n oficial, la ampliaci\u00f3n del horario se concreta a partir de la cantidad de gente que asiti\u00f3 a las jornadas nocturnas de vacunaci\u00f3n. Es as\u00ed que destacaron que es \u00abamplio el porcentaje\u00bb de vecinos que asisten a vacunarse contra el covid. \u00abYa tenemos vacunaci\u00f3n libre a partir de los 12 a\u00f1os de edad de tercera dosis, donde debi\u00f3 pasar \u2013al menos- 4 meses entre la segunda y la inoculaci\u00f3n de la tercera\u201d, explica la Subsecretaria de Salud Marianela Arenillas. \u00a0<\/p>\n\n\n\n<p>\u00abMuchos vecinos a veces preguntan &#8216;tengo la segunda dosis hace 5 meses y todav\u00eda no me lleg\u00f3 el turno&#8217;, probablemente no haya llegado y no llegue porque la vacunaci\u00f3n ya es libre. Es decir, las personas pueden ir en cualquier momento a vacunarse, pasado los 4 meses desde la \u00faltima dosis. Pasado los 4 meses pueden ir libremente a vacunarse\u201d, agrega la funcionaria.\u00a0Inform\u00f3, a su vez, que m\u00e1s del 90% de la poblaci\u00f3n local ya tiene 1\u00b0 y 2\u00b0 dosis y m\u00e1s del 50% la 3\u00b0 dosis. <\/p>\n\n\n\n<p>Por otro lado, adelantaron que plenean hacer \u00abun sistema de vacunaci\u00f3n itinerante\u00bb que permitir\u00e1 a la poblaci\u00f3n de los barrios m\u00e1s alejados y zonas rurales tener acceso a la vacunaci\u00f3n contra el covid. <\/p>\n","protected":false},"excerpt":{"rendered":"<p>Desde el Municipio de Mercedes informaron que el vacunatorio instalado recientemente en la calle 11 y 6 (ex-Mart\u00edn Rodr\u00edguez) ampl\u00eda &#8230; <a title=\"Ampl\u00edan horario de vacunaci\u00f3n en el Mart\u00edn Rodr\u00edguez\" class=\"read-more\" href=\"https:\/\/www.hoymercedes.com.ar\/principal\/2022\/03\/11\/amplian-horario-de-vacunacion-en-el-martin-rodriguez\/\" aria-label=\"Leer m\u00e1s sobre Ampl\u00edan horario de vacunaci\u00f3n en el Mart\u00edn Rodr\u00edguez\">Leer m\u00e1s<\/a><\/p>\n","protected":false},"author":1,"featured_media":145191,"comment_status":"closed","ping_status":"open","sticky":false,"template":"","format":"standard","meta":{"_monsterinsights_skip_tracking":false,"_monsterinsights_sitenote_active":false,"_monsterinsights_sitenote_note":"","_monsterinsights_sitenote_category":0,"jetpack_post_was_ever_published":false,"_jetpack_newsletter_access":"","_jetpack_dont_email_post_to_subs":false,"_jetpack_newsletter_tier_id":0,"_jetpack_memberships_contains_paywalled_content":false,"_jetpack_memberships_contains_paid_content":false,"footnotes":"","jetpack_publicize_message":"","jetpack_publicize_feature_enabled":true,"jetpack_social_post_already_shared":true,"jetpack_social_options":{"image_generator_settings":{"template":"highway","default_image_id":0,"font":"","enabled":false},"version":2},"_wpas_customize_per_network":false},"categories":[30],"tags":[16175,16313,244],"class_list":["post-145190","post","type-post","status-publish","format-standard","has-post-thumbnail","hentry","category-municipio","tag-coronavirus","tag-covid-19","tag-municipio-2","generate-columns","tablet-grid-50","mobile-grid-100","grid-parent","grid-50"],"jetpack_publicize_connections":[],"jetpack_featured_media_url":"https:\/\/www.hoymercedes.com.ar\/principal\/wp-content\/uploads\/2022\/03\/DSC07968.jpg","wps_subtitle":"","jetpack_sharing_enabled":true,"_links":{"self":[{"href":"https:\/\/www.hoymercedes.com.ar\/principal\/wp-json\/wp\/v2\/posts\/145190","targetHints":{"allow":["GET"]}}],"collection":[{"href":"https:\/\/www.hoymercedes.com.ar\/principal\/wp-json\/wp\/v2\/posts"}],"about":[{"href":"https:\/\/www.hoymercedes.com.ar\/principal\/wp-json\/wp\/v2\/types\/post"}],"author":[{"embeddable":true,"href":"https:\/\/www.hoymercedes.com.ar\/principal\/wp-json\/wp\/v2\/users\/1"}],"replies":[{"embeddable":true,"href":"https:\/\/www.hoymercedes.com.ar\/principal\/wp-json\/wp\/v2\/comments?post=145190"}],"version-history":[{"count":0,"href":"https:\/\/www.hoymercedes.com.ar\/principal\/wp-json\/wp\/v2\/posts\/145190\/revisions"}],"wp:featuredmedia":[{"embeddable":true,"href":"https:\/\/www.hoymercedes.com.ar\/principal\/wp-json\/wp\/v2\/media\/145191"}],"wp:attachment":[{"href":"https:\/\/www.hoymercedes.com.ar\/principal\/wp-json\/wp\/v2\/media?parent=145190"}],"wp:term":[{"taxonomy":"category","embeddable":true,"href":"https:\/\/www.hoymercedes.com.ar\/principal\/wp-json\/wp\/v2\/categories?post=145190"},{"taxonomy":"post_tag","embeddable":true,"href":"https:\/\/www.hoymercedes.com.ar\/principal\/wp-json\/wp\/v2\/tags?post=145190"}],"curies":[{"name":"wp","href":"https:\/\/api.w.org\/{rel}","templated":true}]}}