{"id":145332,"date":"2022-03-14T12:26:08","date_gmt":"2022-03-14T15:26:08","guid":{"rendered":"https:\/\/www.hoymercedes.com.ar\/principal\/?p=145332"},"modified":"2022-03-14T13:04:03","modified_gmt":"2022-03-14T16:04:03","slug":"la-escuela-municipal-de-softbol-paso-por-alberti","status":"publish","type":"post","link":"https:\/\/www.hoymercedes.com.ar\/principal\/2022\/03\/14\/la-escuela-municipal-de-softbol-paso-por-alberti\/","title":{"rendered":"La Escuela Municipal de Softbol pas\u00f3 por Alberti\u00a0"},"content":{"rendered":"\n<p><strong><em>Junto a un equipo juvenil, la Escuela Municipal de Softbol particip\u00f3 de un cuadrangular el pasado domingo. Tras la jornada deportiva, finaliz\u00f3 en la tercera colocaci\u00f3n dejando una buen desempe\u00f1o sobre el campo de juego.&nbsp;<\/em><\/strong><\/p>\n\n\n\n<div class=\"wp-block-image\"><figure class=\"aligncenter size-full\"><img loading=\"lazy\" decoding=\"async\" width=\"800\" height=\"533\" data-attachment-id=\"145337\" data-permalink=\"https:\/\/www.hoymercedes.com.ar\/principal\/2022\/03\/14\/la-escuela-municipal-de-softbol-paso-por-alberti\/dsoftball14\/#main\" data-orig-file=\"https:\/\/www.hoymercedes.com.ar\/principal\/wp-content\/uploads\/2022\/03\/dsoftball14.jpeg\" data-orig-size=\"800,533\" data-comments-opened=\"0\" data-image-meta=\"{&quot;aperture&quot;:&quot;0&quot;,&quot;credit&quot;:&quot;&quot;,&quot;camera&quot;:&quot;&quot;,&quot;caption&quot;:&quot;&quot;,&quot;created_timestamp&quot;:&quot;1647256864&quot;,&quot;copyright&quot;:&quot;&quot;,&quot;focal_length&quot;:&quot;0&quot;,&quot;iso&quot;:&quot;0&quot;,&quot;shutter_speed&quot;:&quot;0&quot;,&quot;title&quot;:&quot;&quot;,&quot;orientation&quot;:&quot;1&quot;}\" data-image-title=\"dsoftball14\" data-image-description=\"\" data-image-caption=\"\" data-large-file=\"https:\/\/www.hoymercedes.com.ar\/principal\/wp-content\/uploads\/2022\/03\/dsoftball14.jpeg\" src=\"https:\/\/www.hoymercedes.com.ar\/principal\/wp-content\/uploads\/2022\/03\/dsoftball14.jpeg\" alt=\"\" class=\"wp-image-145337\" srcset=\"https:\/\/www.hoymercedes.com.ar\/principal\/wp-content\/uploads\/2022\/03\/dsoftball14.jpeg 800w, https:\/\/www.hoymercedes.com.ar\/principal\/wp-content\/uploads\/2022\/03\/dsoftball14-630x420.jpeg 630w, https:\/\/www.hoymercedes.com.ar\/principal\/wp-content\/uploads\/2022\/03\/dsoftball14-150x100.jpeg 150w, https:\/\/www.hoymercedes.com.ar\/principal\/wp-content\/uploads\/2022\/03\/dsoftball14-700x465.jpeg 700w\" sizes=\"auto, (max-width: 800px) 100vw, 800px\" \/><\/figure><\/div>\n\n\n\n<p>El pasado domingo se desarroll\u00f3 un cuadrangular de Softbol en la localidad de Alberti, donde el equipo de la Escuela Municipal tom\u00f3 participaci\u00f3n con un equipo juvenil.&nbsp;<\/p>\n\n\n\n<p>Los jugadores que representaron a la ciudad fueron Javier Chiacchiarini (Profesor), Felipe Chiacchiarini, Luca Marcati, Santiago Labanda, Juan Maldonado, Tomas Maldonado, Edicson Rojas Dugarte, Federico Shcheisz, Santiago Suarez, David Bra\u00f1as, Candela Arroyo, Felipe Finochetto e Ilario Chiacchiarini.&nbsp;<\/p>\n\n\n\n<p>Finalizada la jornada, el local se consagr\u00f3 campe\u00f3n, mientras que Jun\u00edn termin\u00f3 segundo, Mercedes tercero y cuarto Brewes de Jun\u00edn.&nbsp;<\/p>\n\n\n\n<p>En lo que respecta al conjunto mercedino, se jugaron 2 partidos. El primero fue contra Jun\u00edn donde fueron derrotados 6-3, de todas formas, un lindo y disfrutado partido. Y el segundo contra los Brewes donde ganamos 13-3.&nbsp;<\/p>\n\n\n\n<p>Desde la escuela municipal destacan la organizaci\u00f3n levada acabo por la gente de Alberti. Este a\u00f1o el grupo se propone participar en la liga de Jun\u00edn y seguir atrayendo m\u00e1s chicos y chicas de todas las edades a jugar al softbol.&nbsp;<\/p>\n\n\n\n<p>Colaboraci\u00f3n: Mariano Oyarz\u00fa<\/p>\n","protected":false},"excerpt":{"rendered":"<p>Junto a un equipo juvenil, la Escuela Municipal de Softbol particip\u00f3 de un cuadrangular el pasado domingo. Tras la jornada &#8230; <a title=\"La Escuela Municipal de Softbol pas\u00f3 por Alberti\u00a0\" class=\"read-more\" href=\"https:\/\/www.hoymercedes.com.ar\/principal\/2022\/03\/14\/la-escuela-municipal-de-softbol-paso-por-alberti\/\" aria-label=\"Leer m\u00e1s sobre La Escuela Municipal de Softbol pas\u00f3 por Alberti\u00a0\">Leer m\u00e1s<\/a><\/p>\n","protected":false},"author":1,"featured_media":145337,"comment_status":"closed","ping_status":"open","sticky":false,"template":"","format":"standard","meta":{"_monsterinsights_skip_tracking":false,"_monsterinsights_sitenote_active":false,"_monsterinsights_sitenote_note":"","_monsterinsights_sitenote_category":0,"jetpack_post_was_ever_published":false,"_jetpack_newsletter_access":"","_jetpack_dont_email_post_to_subs":false,"_jetpack_newsletter_tier_id":0,"_jetpack_memberships_contains_paywalled_content":false,"_jetpack_memberships_contains_paid_content":false,"footnotes":"","jetpack_publicize_message":"","jetpack_publicize_feature_enabled":true,"jetpack_social_post_already_shared":true,"jetpack_social_options":{"image_generator_settings":{"template":"highway","default_image_id":0,"font":"","enabled":false},"version":2},"_wpas_customize_per_network":false},"categories":[21],"tags":[204],"class_list":["post-145332","post","type-post","status-publish","format-standard","has-post-thumbnail","hentry","category-deportes","tag-deportes-2","generate-columns","tablet-grid-50","mobile-grid-100","grid-parent","grid-50"],"jetpack_publicize_connections":[],"jetpack_featured_media_url":"https:\/\/www.hoymercedes.com.ar\/principal\/wp-content\/uploads\/2022\/03\/dsoftball14.jpeg","wps_subtitle":"","jetpack_sharing_enabled":true,"jetpack-related-posts":[{"id":159498,"url":"https:\/\/www.hoymercedes.com.ar\/principal\/2023\/03\/13\/softbol-la-escuela-municipal-de-softbol-arranco-el-ano\/","url_meta":{"origin":145332,"position":0},"title":"Softbol: La Escuela municipal de Softbol arranc\u00f3 el a\u00f1o\u00a0","author":"hoymercedes","date":"13 marzo, 2023","format":false,"excerpt":"Se realiz\u00f3 el primer encuentro amistoso en la localidad de Alberti. A la espera del inicio de la temporada los mercedinos lograron superar a su rival por 13 a 9.\u00a0 El pasado fin de semana, la Escuela Municipal de Softbol jug\u00f3 el primer amistoso del a\u00f1o, visitando a sus colegas\u2026","rel":"","context":"En \u00abDeportes\u00bb","block_context":{"text":"Deportes","link":"https:\/\/www.hoymercedes.com.ar\/principal\/category\/deportes\/"},"img":{"alt_text":"","src":"https:\/\/i0.wp.com\/www.hoymercedes.com.ar\/principal\/wp-content\/uploads\/2023\/03\/softball-1303.jpeg?resize=350%2C200&ssl=1","width":350,"height":200,"srcset":"https:\/\/i0.wp.com\/www.hoymercedes.com.ar\/principal\/wp-content\/uploads\/2023\/03\/softball-1303.jpeg?resize=350%2C200&ssl=1 1x, https:\/\/i0.wp.com\/www.hoymercedes.com.ar\/principal\/wp-content\/uploads\/2023\/03\/softball-1303.jpeg?resize=525%2C300&ssl=1 1.5x, https:\/\/i0.wp.com\/www.hoymercedes.com.ar\/principal\/wp-content\/uploads\/2023\/03\/softball-1303.jpeg?resize=700%2C400&ssl=1 2x"},"classes":[]},{"id":100095,"url":"https:\/\/www.hoymercedes.com.ar\/principal\/2019\/09\/20\/en-junin-disputo-un-torneo-la-escuela-municipal-de-softbol\/","url_meta":{"origin":145332,"position":1},"title":"En Jun\u00edn disput\u00f3 un torneo la Escuela Municipal de Softbol","author":"hoymercedes","date":"20 septiembre, 2019","format":false,"excerpt":"Los Tarros, como se hace llamar el equipo de la Escuela Municipal de Softbol, disput\u00f3 algunos encuentros en la ciudad de Jun\u00edn presentando dos formaciones. Cada uno jug\u00f3 dos partidos, obteniendo Tarros B dos triunfos. Mercedes A enfrent\u00f3 a Jun\u00edn CEF cayendo por 13 a 9 y m\u00e1s tarde 6\u2026","rel":"","context":"En \u00abDeportes\u00bb","block_context":{"text":"Deportes","link":"https:\/\/www.hoymercedes.com.ar\/principal\/category\/deportes\/"},"img":{"alt_text":"","src":"https:\/\/i0.wp.com\/www.hoymercedes.com.ar\/principal\/wp-content\/uploads\/2019\/09\/Escuela-Softbol-en-Junin-2.jpg?resize=350%2C200&ssl=1","width":350,"height":200,"srcset":"https:\/\/i0.wp.com\/www.hoymercedes.com.ar\/principal\/wp-content\/uploads\/2019\/09\/Escuela-Softbol-en-Junin-2.jpg?resize=350%2C200&ssl=1 1x, https:\/\/i0.wp.com\/www.hoymercedes.com.ar\/principal\/wp-content\/uploads\/2019\/09\/Escuela-Softbol-en-Junin-2.jpg?resize=525%2C300&ssl=1 1.5x, https:\/\/i0.wp.com\/www.hoymercedes.com.ar\/principal\/wp-content\/uploads\/2019\/09\/Escuela-Softbol-en-Junin-2.jpg?resize=700%2C400&ssl=1 2x"},"classes":[]},{"id":103467,"url":"https:\/\/www.hoymercedes.com.ar\/principal\/2019\/12\/05\/los-tarro-ganaron-uno-y-perdieron-otro-en-berazategui\/","url_meta":{"origin":145332,"position":2},"title":"Los Tarro ganaron uno y perdieron otro en Berazategui","author":"hoymercedes","date":"5 diciembre, 2019","format":false,"excerpt":"La Escuela Municipal de Softbol se present\u00f3 con su categor\u00eda Cadetes en Berazategui, jugando dos partidos con el formato de softbol oficial de mayores a siete entradas y a tres out. El primero fue para Berazategui por 13 a 11 y el segundo a favor de Los Tarro por 16\u2026","rel":"","context":"En \u00abDeportes\u00bb","block_context":{"text":"Deportes","link":"https:\/\/www.hoymercedes.com.ar\/principal\/category\/deportes\/"},"img":{"alt_text":"","src":"https:\/\/i0.wp.com\/www.hoymercedes.com.ar\/principal\/wp-content\/uploads\/2019\/12\/Escuela-Softbol-en-berazategui.jpg?resize=350%2C200&ssl=1","width":350,"height":200,"srcset":"https:\/\/i0.wp.com\/www.hoymercedes.com.ar\/principal\/wp-content\/uploads\/2019\/12\/Escuela-Softbol-en-berazategui.jpg?resize=350%2C200&ssl=1 1x, https:\/\/i0.wp.com\/www.hoymercedes.com.ar\/principal\/wp-content\/uploads\/2019\/12\/Escuela-Softbol-en-berazategui.jpg?resize=525%2C300&ssl=1 1.5x"},"classes":[]},{"id":149419,"url":"https:\/\/www.hoymercedes.com.ar\/principal\/2022\/06\/13\/softbol-la-escuela-municipal-llego-a-alberti\/","url_meta":{"origin":145332,"position":3},"title":"Softbol: La Escuela Municipal lleg\u00f3 a Alberti\u00a0","author":"hoymercedes","date":"13 junio, 2022","format":false,"excerpt":"Por la liga de Juninense del softbol, los equipos de la Escuela Municipal disputaron sus respectivos encuentros en la localidad de Alberti.\u00a0 Cabe aclarar que Mercedes participa en esta liga con un equipo juvenil y mixto. En cuanto a los resultados, contra los juveniles gan\u00f3 el equipo mercedino por 28\u2026","rel":"","context":"En \u00abDeportes\u00bb","block_context":{"text":"Deportes","link":"https:\/\/www.hoymercedes.com.ar\/principal\/category\/deportes\/"},"img":{"alt_text":"","src":"https:\/\/i0.wp.com\/www.hoymercedes.com.ar\/principal\/wp-content\/uploads\/2022\/06\/softbol-1306.jpeg?resize=350%2C200&ssl=1","width":350,"height":200,"srcset":"https:\/\/i0.wp.com\/www.hoymercedes.com.ar\/principal\/wp-content\/uploads\/2022\/06\/softbol-1306.jpeg?resize=350%2C200&ssl=1 1x, https:\/\/i0.wp.com\/www.hoymercedes.com.ar\/principal\/wp-content\/uploads\/2022\/06\/softbol-1306.jpeg?resize=525%2C300&ssl=1 1.5x, https:\/\/i0.wp.com\/www.hoymercedes.com.ar\/principal\/wp-content\/uploads\/2022\/06\/softbol-1306.jpeg?resize=700%2C400&ssl=1 2x"},"classes":[]},{"id":155929,"url":"https:\/\/www.hoymercedes.com.ar\/principal\/2022\/11\/28\/softbol-la-escuela-municipal-paso-por-la-plata\/","url_meta":{"origin":145332,"position":4},"title":"Softbol: La Escuela Municipal pas\u00f3 por La Plata\u00a0","author":"hoymercedes","date":"28 noviembre, 2022","format":false,"excerpt":"Los mercedinos formaron parte de los festejos por el aniversario de la ciudad de las diagonales enfrentando a los mejores equipos de la provincia. Finalizaron en la cuarta posici\u00f3n del torneo, demostrando un gran nivel de juego y estando a la altura de la competencia.\u00a0","rel":"","context":"En \u00abDeportes\u00bb","block_context":{"text":"Deportes","link":"https:\/\/www.hoymercedes.com.ar\/principal\/category\/deportes\/"},"img":{"alt_text":"","src":"https:\/\/i0.wp.com\/www.hoymercedes.com.ar\/principal\/wp-content\/uploads\/2022\/11\/softbol-2811.jpeg?resize=350%2C200&ssl=1","width":350,"height":200,"srcset":"https:\/\/i0.wp.com\/www.hoymercedes.com.ar\/principal\/wp-content\/uploads\/2022\/11\/softbol-2811.jpeg?resize=350%2C200&ssl=1 1x, https:\/\/i0.wp.com\/www.hoymercedes.com.ar\/principal\/wp-content\/uploads\/2022\/11\/softbol-2811.jpeg?resize=525%2C300&ssl=1 1.5x, https:\/\/i0.wp.com\/www.hoymercedes.com.ar\/principal\/wp-content\/uploads\/2022\/11\/softbol-2811.jpeg?resize=700%2C400&ssl=1 2x"},"classes":[]},{"id":102685,"url":"https:\/\/www.hoymercedes.com.ar\/principal\/2019\/11\/21\/la-escuela-de-softbol-mercedina-jugo-ante-haedo\/","url_meta":{"origin":145332,"position":5},"title":"La Escuela de Softbol mercedina jug\u00f3 ante Haedo","author":"hoymercedes","date":"21 noviembre, 2019","format":false,"excerpt":"En la cancha del predio Mart\u00edn Rodr\u00edguez los equipos de Los Tarro tuvieron la visita de Haedo en una jornada a puro softbol para la categor\u00eda Cadetes. En la oportunidad se disputaron dos partidos, completando el conjunto local la indumentaria pasando a vestir los cl\u00e1sicos pantalones que tiene la disciplina.\u2026","rel":"","context":"En \u00abDeportes\u00bb","block_context":{"text":"Deportes","link":"https:\/\/www.hoymercedes.com.ar\/principal\/category\/deportes\/"},"img":{"alt_text":"","src":"https:\/\/i0.wp.com\/www.hoymercedes.com.ar\/principal\/wp-content\/uploads\/2019\/11\/softbol-1.jpg?resize=350%2C200&ssl=1","width":350,"height":200,"srcset":"https:\/\/i0.wp.com\/www.hoymercedes.com.ar\/principal\/wp-content\/uploads\/2019\/11\/softbol-1.jpg?resize=350%2C200&ssl=1 1x, https:\/\/i0.wp.com\/www.hoymercedes.com.ar\/principal\/wp-content\/uploads\/2019\/11\/softbol-1.jpg?resize=525%2C300&ssl=1 1.5x"},"classes":[]}],"_links":{"self":[{"href":"https:\/\/www.hoymercedes.com.ar\/principal\/wp-json\/wp\/v2\/posts\/145332","targetHints":{"allow":["GET"]}}],"collection":[{"href":"https:\/\/www.hoymercedes.com.ar\/principal\/wp-json\/wp\/v2\/posts"}],"about":[{"href":"https:\/\/www.hoymercedes.com.ar\/principal\/wp-json\/wp\/v2\/types\/post"}],"author":[{"embeddable":true,"href":"https:\/\/www.hoymercedes.com.ar\/principal\/wp-json\/wp\/v2\/users\/1"}],"replies":[{"embeddable":true,"href":"https:\/\/www.hoymercedes.com.ar\/principal\/wp-json\/wp\/v2\/comments?post=145332"}],"version-history":[{"count":0,"href":"https:\/\/www.hoymercedes.com.ar\/principal\/wp-json\/wp\/v2\/posts\/145332\/revisions"}],"wp:featuredmedia":[{"embeddable":true,"href":"https:\/\/www.hoymercedes.com.ar\/principal\/wp-json\/wp\/v2\/media\/145337"}],"wp:attachment":[{"href":"https:\/\/www.hoymercedes.com.ar\/principal\/wp-json\/wp\/v2\/media?parent=145332"}],"wp:term":[{"taxonomy":"category","embeddable":true,"href":"https:\/\/www.hoymercedes.com.ar\/principal\/wp-json\/wp\/v2\/categories?post=145332"},{"taxonomy":"post_tag","embeddable":true,"href":"https:\/\/www.hoymercedes.com.ar\/principal\/wp-json\/wp\/v2\/tags?post=145332"}],"curies":[{"name":"wp","href":"https:\/\/api.w.org\/{rel}","templated":true}]}}