{"id":145384,"date":"2022-03-15T07:21:00","date_gmt":"2022-03-15T10:21:00","guid":{"rendered":"https:\/\/www.hoymercedes.com.ar\/principal\/?p=145384"},"modified":"2022-03-14T20:35:07","modified_gmt":"2022-03-14T23:35:07","slug":"patin-artistico-mercedinas-en-el-metropolitano-fpp","status":"publish","type":"post","link":"https:\/\/www.hoymercedes.com.ar\/principal\/2022\/03\/15\/patin-artistico-mercedinas-en-el-metropolitano-fpp\/","title":{"rendered":"Pat\u00edn Art\u00edstico: Mercedinas en el metropolitano FPP\u00a0"},"content":{"rendered":"\n<p><strong><em>Durante el fin de semana se desarroll\u00f3 la primera fecha en la Ciudad deportiva Don Bosco. Representantes del Club Mercedes y de Pat\u00edn Infinito lograron excelentes resultados.\u00a0<\/em><\/strong><\/p>\n\n\n\n<div class=\"wp-block-image\"><figure class=\"aligncenter size-full\"><img loading=\"lazy\" decoding=\"async\" width=\"750\" height=\"757\" data-attachment-id=\"145335\" data-permalink=\"https:\/\/www.hoymercedes.com.ar\/principal\/2022\/03\/14\/la-escuela-municipal-de-softbol-paso-por-alberti\/dpatin14-1\/#main\" data-orig-file=\"https:\/\/www.hoymercedes.com.ar\/principal\/wp-content\/uploads\/2022\/03\/Dpatin14-1.jpeg\" data-orig-size=\"750,757\" data-comments-opened=\"0\" data-image-meta=\"{&quot;aperture&quot;:&quot;0&quot;,&quot;credit&quot;:&quot;&quot;,&quot;camera&quot;:&quot;&quot;,&quot;caption&quot;:&quot;&quot;,&quot;created_timestamp&quot;:&quot;0&quot;,&quot;copyright&quot;:&quot;&quot;,&quot;focal_length&quot;:&quot;0&quot;,&quot;iso&quot;:&quot;0&quot;,&quot;shutter_speed&quot;:&quot;0&quot;,&quot;title&quot;:&quot;&quot;,&quot;orientation&quot;:&quot;0&quot;}\" data-image-title=\"Dpatin14 1\" data-image-description=\"\" data-image-caption=\"\" data-large-file=\"https:\/\/www.hoymercedes.com.ar\/principal\/wp-content\/uploads\/2022\/03\/Dpatin14-1.jpeg\" src=\"https:\/\/www.hoymercedes.com.ar\/principal\/wp-content\/uploads\/2022\/03\/Dpatin14-1.jpeg\" alt=\"\" class=\"wp-image-145335\" srcset=\"https:\/\/www.hoymercedes.com.ar\/principal\/wp-content\/uploads\/2022\/03\/Dpatin14-1.jpeg 750w, https:\/\/www.hoymercedes.com.ar\/principal\/wp-content\/uploads\/2022\/03\/Dpatin14-1-614x620.jpeg 614w, https:\/\/www.hoymercedes.com.ar\/principal\/wp-content\/uploads\/2022\/03\/Dpatin14-1-150x150.jpeg 150w\" sizes=\"auto, (max-width: 750px) 100vw, 750px\" \/><figcaption>Martina Palacios y Justina Bruschi representando a la Escuela de Pat\u00edn Infinito.\u00a0<\/figcaption><\/figure><\/div>\n\n\n\n<p>Dando comienzo al a\u00f1o competitivo 2022, desde la Federaci\u00f3n Porte\u00f1a de Pat\u00edn se llev\u00f3 a cabo la primera fecha del Metropolitano de la divisional B, donde varias representantes locales formaron parte.&nbsp;<\/p>\n\n\n\n<p>El encuentro se dio en la Ciudad deportiva Don Bosco, correspondiente a la localidad de Aldo Bonzi durante los d\u00edas 12 y 13 de marzo. Adem\u00e1s, estuvo arbitrado por el colegio de \u00e1rbitros de la CAP.&nbsp;<\/p>\n\n\n\n<p>Entre otros, fueron parte instituciones como River, V\u00e9lez Sarsfield, AMPA, CASVA, CEDEP, Estudiantil porte\u00f1o, El palomar, San Lorenzo, Brandsen, GEBA y Ferro.&nbsp;<\/p>\n\n\n\n<p>En representaci\u00f3n de la ciudad de Mercedes, hubo patinadoras de la Escuela de Pat\u00edn Infinito como del Club Mercedes.&nbsp;<\/p>\n\n\n\n<p><strong>Martina Palacios y Justina Bruschi comenzaron con el pie derecho<\/strong>\u00a0<br>Como parte de la Escuela de Pat\u00edn Infinito, las patinadoras Martina Palacios y Justina Bruschi dirigidas\u00a0 por sus t\u00e9cnicas Nacionales Candela y Sof\u00eda Bruschi, salieron a la pista y lograron cosechar excelentes resultados en su primera presentaci\u00f3n metropolitana.\u00a0\u00a0<\/p>\n\n\n\n<p>Tras la realizaci\u00f3n de todas las pruebas, Martina palacios se qued\u00f3 con el 1er puesto en la categor\u00eda segunda B Junior, mientras que para Justina Bruschi fue una segunda colocaci\u00f3n en la categor\u00eda segunda B Juvenil&nbsp;<\/p>\n\n\n\n<p>Las t\u00e9cnicas Candela y Sof\u00eda Bruschi felicitan a sus patinadoras por su desempe\u00f1o en la pista.&nbsp;<\/p>\n\n\n\n<p><strong>El Club Mercedes tambi\u00e9n se subi\u00f3 al podio<\/strong>\u00a0<br>En tanto, el Club Mercedes tambi\u00e9n cont\u00f3 con una delegaci\u00f3n local en la primera fecha del Metropolitano de la FPP.\u00a0<\/p>\n\n\n\n<p>En este caso, las patinadoras estuvieron acompa\u00f1adas por su t\u00e9cnica nacional Laura Brunello y consiguieron destacados resultados.&nbsp;&nbsp;<\/p>\n\n\n\n<p>La peque\u00f1a Lola Montenegro se qued\u00f3 con el 1er puesto de la categor\u00eda Promocional B Nmini, mientras que Julieta Ponce fue tercera en la Promocional B Infantil y Martina Marcos obtuvo la misma colocaci\u00f3n en la Promocional Cadete. Quien tambi\u00e9n represent\u00f3 al \u201cblanquinegro\u201d fue Malena Marcos que finaliz\u00f3 en la sexta posici\u00f3n de la categor\u00eda Tercera B Senior.&nbsp;<\/p>\n\n\n\n<p>Desde la instituci\u00f3n felicitan a nuestras amigas patinadoras por su gran desempe\u00f1o y representaci\u00f3n en el primer torneo del Metropolitano de la B.\u00a0<\/p>\n\n\n\n<p>Colaboraci\u00f3n Mariano Oyarz\u00fa<\/p>\n\n\n\n<p><\/p>\n","protected":false},"excerpt":{"rendered":"<p>Durante el fin de semana se desarroll\u00f3 la primera fecha en la Ciudad deportiva Don Bosco. Representantes del Club Mercedes &#8230; <a title=\"Pat\u00edn Art\u00edstico: Mercedinas en el metropolitano FPP\u00a0\" class=\"read-more\" href=\"https:\/\/www.hoymercedes.com.ar\/principal\/2022\/03\/15\/patin-artistico-mercedinas-en-el-metropolitano-fpp\/\" aria-label=\"Leer m\u00e1s sobre Pat\u00edn Art\u00edstico: Mercedinas en el metropolitano FPP\u00a0\">Leer m\u00e1s<\/a><\/p>\n","protected":false},"author":1,"featured_media":145336,"comment_status":"closed","ping_status":"open","sticky":false,"template":"","format":"standard","meta":{"_monsterinsights_skip_tracking":false,"_monsterinsights_sitenote_active":false,"_monsterinsights_sitenote_note":"","_monsterinsights_sitenote_category":0,"jetpack_post_was_ever_published":false,"_jetpack_newsletter_access":"","_jetpack_dont_email_post_to_subs":false,"_jetpack_newsletter_tier_id":0,"_jetpack_memberships_contains_paywalled_content":false,"_jetpack_memberships_contains_paid_content":false,"footnotes":"","jetpack_publicize_message":"","jetpack_publicize_feature_enabled":true,"jetpack_social_post_already_shared":true,"jetpack_social_options":{"image_generator_settings":{"template":"highway","default_image_id":0,"font":"","enabled":false},"version":2},"_wpas_customize_per_network":false},"categories":[21],"tags":[204,14895],"class_list":["post-145384","post","type-post","status-publish","format-standard","has-post-thumbnail","hentry","category-deportes","tag-deportes-2","tag-patin-artistico-3","generate-columns","tablet-grid-50","mobile-grid-100","grid-parent","grid-50"],"jetpack_publicize_connections":[],"jetpack_featured_media_url":"https:\/\/www.hoymercedes.com.ar\/principal\/wp-content\/uploads\/2022\/03\/dpatin14-2.jpeg","wps_subtitle":"Pat\u00edn","jetpack_sharing_enabled":true,"jetpack-related-posts":[{"id":168461,"url":"https:\/\/www.hoymercedes.com.ar\/principal\/2023\/10\/18\/patin-artistico-excelente-desempeno-para-infinito\/","url_meta":{"origin":145384,"position":0},"title":"Pat\u00edn Art\u00edstico: Excelente desempe\u00f1o para Infinito","author":"hoymercedes","date":"18 octubre, 2023","format":false,"excerpt":"Las patinadoras mercedinas participaron del \u00faltimo Metropolitano realizado en la Ciudad Deportiva de Don Bosco. Durante este torneo, revalidaron su alto nivel de competencia al lograr resultados sobresalientes en las diferentes categor\u00edas. En las fechas del 2, 8 y 14 de octubre, se llev\u00f3 a cabo el \u00faltimo Metropolitano de\u2026","rel":"","context":"En \u00abDeportes\u00bb","block_context":{"text":"Deportes","link":"https:\/\/www.hoymercedes.com.ar\/principal\/category\/deportes\/"},"img":{"alt_text":"","src":"https:\/\/i0.wp.com\/www.hoymercedes.com.ar\/principal\/wp-content\/uploads\/2023\/10\/patin-1610-2.jpg?resize=350%2C200&ssl=1","width":350,"height":200,"srcset":"https:\/\/i0.wp.com\/www.hoymercedes.com.ar\/principal\/wp-content\/uploads\/2023\/10\/patin-1610-2.jpg?resize=350%2C200&ssl=1 1x, https:\/\/i0.wp.com\/www.hoymercedes.com.ar\/principal\/wp-content\/uploads\/2023\/10\/patin-1610-2.jpg?resize=525%2C300&ssl=1 1.5x, https:\/\/i0.wp.com\/www.hoymercedes.com.ar\/principal\/wp-content\/uploads\/2023\/10\/patin-1610-2.jpg?resize=700%2C400&ssl=1 2x"},"classes":[]},{"id":163916,"url":"https:\/\/www.hoymercedes.com.ar\/principal\/2023\/06\/27\/patin-artistico-mercedes-paso-por-el-metropolitano\/","url_meta":{"origin":145384,"position":1},"title":"Pat\u00edn Art\u00edstico: Mercedes pas\u00f3 por el Metropolitano","author":"hoymercedes","date":"27 junio, 2023","format":false,"excerpt":"El pasado lunes 19 de junio en la Ciudad Deportiva Don Bosco concluy\u00f3 la primera fecha del Metropolitano de la divisional C, la cual fue realizada en cuatro etapas debido a la gran convocatoria. Las patinadoras locales tuvieron su jornada en el Metro de la C. Durante los d\u00edas 3,\u2026","rel":"","context":"En \u00abDeportes\u00bb","block_context":{"text":"Deportes","link":"https:\/\/www.hoymercedes.com.ar\/principal\/category\/deportes\/"},"img":{"alt_text":"","src":"https:\/\/i0.wp.com\/www.hoymercedes.com.ar\/principal\/wp-content\/uploads\/2023\/06\/patin-2606.jpg?resize=350%2C200&ssl=1","width":350,"height":200,"srcset":"https:\/\/i0.wp.com\/www.hoymercedes.com.ar\/principal\/wp-content\/uploads\/2023\/06\/patin-2606.jpg?resize=350%2C200&ssl=1 1x, https:\/\/i0.wp.com\/www.hoymercedes.com.ar\/principal\/wp-content\/uploads\/2023\/06\/patin-2606.jpg?resize=525%2C300&ssl=1 1.5x"},"classes":[]},{"id":193259,"url":"https:\/\/www.hoymercedes.com.ar\/principal\/2026\/03\/18\/fin-de-semana-con-buenos-resultados-para-el-patin-de-club-mercedes\/","url_meta":{"origin":145384,"position":2},"title":"Fin de semana con buenos resultados para el pat\u00edn de Club Mercedes","author":"hoymercedes","date":"18 marzo, 2026","format":false,"excerpt":"l pasado fin de semana se llev\u00f3 a cabo la primera fecha de\u00a0Campeonato Metropolitano\u00a0y con ello el torneo clasificatorio para el\u00a0Apertura de la Categor\u00eda B,\u00a0organizado por la\u00a0Federaci\u00f3n Porte\u00f1a de Pat\u00edn\u00a0(FPP) en las instalaciones de la ciudad deportiva Don Bosco (La Matanza). Las representantes de Club Mercedes, dirigidas por su t\u00e9cnica\u2026","rel":"","context":"En \u00abDeportes\u00bb","block_context":{"text":"Deportes","link":"https:\/\/www.hoymercedes.com.ar\/principal\/category\/deportes\/"},"img":{"alt_text":"","src":"https:\/\/i0.wp.com\/www.hoymercedes.com.ar\/principal\/wp-content\/uploads\/2026\/03\/image-60.png?resize=350%2C200&ssl=1","width":350,"height":200,"srcset":"https:\/\/i0.wp.com\/www.hoymercedes.com.ar\/principal\/wp-content\/uploads\/2026\/03\/image-60.png?resize=350%2C200&ssl=1 1x, https:\/\/i0.wp.com\/www.hoymercedes.com.ar\/principal\/wp-content\/uploads\/2026\/03\/image-60.png?resize=525%2C300&ssl=1 1.5x"},"classes":[]},{"id":137752,"url":"https:\/\/www.hoymercedes.com.ar\/principal\/2021\/09\/23\/patin-artistico-mercedinas-clasificadas-al-nacional\/","url_meta":{"origin":145384,"position":3},"title":"Pat\u00edn art\u00edstico: Mercedinas clasificadas al Nacional","author":"hoymercedes","date":"23 septiembre, 2021","format":false,"excerpt":"Martina Palacios y Justina\u00a0Bruschi\u00a0estar\u00e1n presentes en la ciudad de Iguaz\u00fa del 23 al 30 de octubre. Fue en el marco de la divisional B, correspondiente a la Federaci\u00f3n\u00a0 Porte\u00f1a de Pat\u00edn.\u00a0 Este domingo realiz\u00f3 la apertura de la divisional B, correspondiente a la Federaci\u00f3n\u00a0 Porte\u00f1a de Pat\u00edn en las instalaciones\u2026","rel":"","context":"En \u00abDeportes\u00bb","block_context":{"text":"Deportes","link":"https:\/\/www.hoymercedes.com.ar\/principal\/category\/deportes\/"},"img":{"alt_text":"","src":"https:\/\/i0.wp.com\/www.hoymercedes.com.ar\/principal\/wp-content\/uploads\/2021\/09\/patin21.jpeg?resize=350%2C200&ssl=1","width":350,"height":200,"srcset":"https:\/\/i0.wp.com\/www.hoymercedes.com.ar\/principal\/wp-content\/uploads\/2021\/09\/patin21.jpeg?resize=350%2C200&ssl=1 1x, https:\/\/i0.wp.com\/www.hoymercedes.com.ar\/principal\/wp-content\/uploads\/2021\/09\/patin21.jpeg?resize=525%2C300&ssl=1 1.5x, https:\/\/i0.wp.com\/www.hoymercedes.com.ar\/principal\/wp-content\/uploads\/2021\/09\/patin21.jpeg?resize=700%2C400&ssl=1 2x"},"classes":[]},{"id":146300,"url":"https:\/\/www.hoymercedes.com.ar\/principal\/2022\/04\/05\/patin-artistico-mercedinas-con-pasaje-directo-a-san-luis\/","url_meta":{"origin":145384,"position":4},"title":"Pat\u00edn Art\u00edstico: mercedinas con pasaje directo a San Luis\u00a0","author":"hoymercedes","date":"5 abril, 2022","format":false,"excerpt":"Patinadoras locales lograron conseguir un puesto de clasificaci\u00f3n para el nacional de la B a realizarse en los primeros d\u00edas de mayo. Justina Bruschi representar\u00e1 a la escuela de Pat\u00edn Infinito mientras que el Club Mercedes llevar\u00e1 a cuatro concursantes.\u00a0 El pasado fin de semana se realiz\u00f3 el clasificatorio para\u2026","rel":"","context":"En \u00abDeportes\u00bb","block_context":{"text":"Deportes","link":"https:\/\/www.hoymercedes.com.ar\/principal\/category\/deportes\/"},"img":{"alt_text":"","src":"https:\/\/i0.wp.com\/www.hoymercedes.com.ar\/principal\/wp-content\/uploads\/2022\/04\/patin-1.jpeg?resize=350%2C200&ssl=1","width":350,"height":200,"srcset":"https:\/\/i0.wp.com\/www.hoymercedes.com.ar\/principal\/wp-content\/uploads\/2022\/04\/patin-1.jpeg?resize=350%2C200&ssl=1 1x, https:\/\/i0.wp.com\/www.hoymercedes.com.ar\/principal\/wp-content\/uploads\/2022\/04\/patin-1.jpeg?resize=525%2C300&ssl=1 1.5x, https:\/\/i0.wp.com\/www.hoymercedes.com.ar\/principal\/wp-content\/uploads\/2022\/04\/patin-1.jpeg?resize=700%2C400&ssl=1 2x"},"classes":[]},{"id":167643,"url":"https:\/\/www.hoymercedes.com.ar\/principal\/2023\/09\/25\/patin-artistico-gran-jornada-para-patin-infinito\/","url_meta":{"origin":145384,"position":5},"title":"Pat\u00edn Art\u00edstico: Gran jornada para Pat\u00edn Infinito","author":"hoymercedes","date":"25 septiembre, 2023","format":false,"excerpt":"Se llev\u00f3 a cabo la \u00faltima fecha de la Asociaci\u00f3n Lutz. La Escuela de Pat\u00edn local present\u00f3 un total de 14 patinadores, de los cuales varios terminar subi\u00e9ndose al podio.","rel":"","context":"En \u00abDeportes\u00bb","block_context":{"text":"Deportes","link":"https:\/\/www.hoymercedes.com.ar\/principal\/category\/deportes\/"},"img":{"alt_text":"","src":"https:\/\/i0.wp.com\/www.hoymercedes.com.ar\/principal\/wp-content\/uploads\/2023\/09\/patin-2509-2.jpg?resize=350%2C200&ssl=1","width":350,"height":200,"srcset":"https:\/\/i0.wp.com\/www.hoymercedes.com.ar\/principal\/wp-content\/uploads\/2023\/09\/patin-2509-2.jpg?resize=350%2C200&ssl=1 1x, https:\/\/i0.wp.com\/www.hoymercedes.com.ar\/principal\/wp-content\/uploads\/2023\/09\/patin-2509-2.jpg?resize=525%2C300&ssl=1 1.5x, https:\/\/i0.wp.com\/www.hoymercedes.com.ar\/principal\/wp-content\/uploads\/2023\/09\/patin-2509-2.jpg?resize=700%2C400&ssl=1 2x"},"classes":[]}],"_links":{"self":[{"href":"https:\/\/www.hoymercedes.com.ar\/principal\/wp-json\/wp\/v2\/posts\/145384","targetHints":{"allow":["GET"]}}],"collection":[{"href":"https:\/\/www.hoymercedes.com.ar\/principal\/wp-json\/wp\/v2\/posts"}],"about":[{"href":"https:\/\/www.hoymercedes.com.ar\/principal\/wp-json\/wp\/v2\/types\/post"}],"author":[{"embeddable":true,"href":"https:\/\/www.hoymercedes.com.ar\/principal\/wp-json\/wp\/v2\/users\/1"}],"replies":[{"embeddable":true,"href":"https:\/\/www.hoymercedes.com.ar\/principal\/wp-json\/wp\/v2\/comments?post=145384"}],"version-history":[{"count":0,"href":"https:\/\/www.hoymercedes.com.ar\/principal\/wp-json\/wp\/v2\/posts\/145384\/revisions"}],"wp:featuredmedia":[{"embeddable":true,"href":"https:\/\/www.hoymercedes.com.ar\/principal\/wp-json\/wp\/v2\/media\/145336"}],"wp:attachment":[{"href":"https:\/\/www.hoymercedes.com.ar\/principal\/wp-json\/wp\/v2\/media?parent=145384"}],"wp:term":[{"taxonomy":"category","embeddable":true,"href":"https:\/\/www.hoymercedes.com.ar\/principal\/wp-json\/wp\/v2\/categories?post=145384"},{"taxonomy":"post_tag","embeddable":true,"href":"https:\/\/www.hoymercedes.com.ar\/principal\/wp-json\/wp\/v2\/tags?post=145384"}],"curies":[{"name":"wp","href":"https:\/\/api.w.org\/{rel}","templated":true}]}}