{"id":14542,"date":"2012-07-14T20:58:33","date_gmt":"2012-07-14T20:58:33","guid":{"rendered":"http:\/\/www.hoymercedes.com.ar\/principal\/?p=14542"},"modified":"2012-07-14T20:58:33","modified_gmt":"2012-07-14T20:58:33","slug":"autoridades-del-stmm-de-mercedes-en-bragado","status":"publish","type":"post","link":"https:\/\/www.hoymercedes.com.ar\/principal\/2012\/07\/14\/autoridades-del-stmm-de-mercedes-en-bragado\/","title":{"rendered":"Autoridades del STMM de Mercedes en Bragado"},"content":{"rendered":"<p><a href=\"https:\/\/www.hoymercedes.com.ar\/principal\/wp-content\/uploads\/2012\/07\/Municipales-Bragado.jpg\"><img loading=\"lazy\" decoding=\"async\" data-attachment-id=\"14544\" data-permalink=\"https:\/\/www.hoymercedes.com.ar\/principal\/2012\/07\/14\/autoridades-del-stmm-de-mercedes-en-bragado\/municipales-bragado\/#main\" data-orig-file=\"https:\/\/www.hoymercedes.com.ar\/principal\/wp-content\/uploads\/2012\/07\/Municipales-Bragado.jpg\" data-orig-size=\"614,461\" data-comments-opened=\"1\" data-image-meta=\"{&quot;aperture&quot;:&quot;2.9&quot;,&quot;credit&quot;:&quot;&quot;,&quot;camera&quot;:&quot;E4200&quot;,&quot;caption&quot;:&quot;&quot;,&quot;created_timestamp&quot;:&quot;-62169984000&quot;,&quot;copyright&quot;:&quot;&quot;,&quot;focal_length&quot;:&quot;8.5&quot;,&quot;iso&quot;:&quot;79&quot;,&quot;shutter_speed&quot;:&quot;0.32258064516129&quot;,&quot;title&quot;:&quot;&quot;}\" data-image-title=\"Municipales-Bragado\" data-image-description=\"\" data-image-caption=\"\" data-large-file=\"https:\/\/www.hoymercedes.com.ar\/principal\/wp-content\/uploads\/2012\/07\/Municipales-Bragado.jpg\" class=\"aligncenter size-full wp-image-14544\" title=\"Municipales-Bragado\" src=\"https:\/\/www.hoymercedes.com.ar\/principal\/wp-content\/uploads\/2012\/07\/Municipales-Bragado.jpg\" alt=\"\" width=\"614\" height=\"461\" \/><\/a><\/p>\n<p>Autoridades del Sindicato Trabajadores Municipales de Mercedes se hicieron presentes en la ciudad de Bragado.<\/p>\n<p>Estuvo presente el Secretario General Ernesto Ballesteros y la Secretaria Adjunta Florencia Balsategui, como as\u00ed tambi\u00e9n integrantes de la Comisi\u00f3n Directiva.<\/p>\n<p>Integrantes del Sindicato de Trabajadores Municipales de Mercedes (STMM), visitaron este mi\u00e9rcoles por tarde el Sindicato de Trabajadores Municipales de la ciudad de Bragado (STM). Adem\u00e1s del acto participaron un importante n\u00famero de municipales de esa ciudad, como as\u00ed tambi\u00e9n integrantes de sindicatos de la zona.<\/p>\n<p>En el encuentro se present\u00f3 la lista que encabeza Juan Jos\u00e9 Bramajo como Secretario General y es secundado por Patricia Villareal como Secretaria Adjunta, dado que el proximo 27 de Julio el Sindicato Municipal de Bragado tendr\u00e1 elecciones para la renovaci\u00f3n de la comisi\u00f3n directiva.<\/p>\n<p>Adem\u00e1s de los temas netamente eleccionarios y de los beneficios conseguidos por los municipales de Bragado, se pudo dar un interesante debate en el cual se habl\u00f3 de la realidad econ\u00f3mica que viven los empleados municipales de distintas ciudades de la provincia. Otro punto importante, fue los pasos concretos que se van a seguir para conseguir la derogaci\u00f3n de la Ley 11757, para lo cual se intercambiaron proyectos e ideas que ser\u00e1n presentadas desde cada sindicato en su respectivo municipio.<\/p>\n","protected":false},"excerpt":{"rendered":"<p>Autoridades del Sindicato Trabajadores Municipales de Mercedes se hicieron presentes en la ciudad de Bragado. Estuvo presente el Secretario General &#8230; <a title=\"Autoridades del STMM de Mercedes en Bragado\" class=\"read-more\" href=\"https:\/\/www.hoymercedes.com.ar\/principal\/2012\/07\/14\/autoridades-del-stmm-de-mercedes-en-bragado\/\" aria-label=\"Leer m\u00e1s sobre Autoridades del STMM de Mercedes en Bragado\">Leer m\u00e1s<\/a><\/p>\n","protected":false},"author":1,"featured_media":0,"comment_status":"open","ping_status":"open","sticky":false,"template":"","format":"standard","meta":{"_monsterinsights_skip_tracking":false,"_monsterinsights_sitenote_active":false,"_monsterinsights_sitenote_note":"","_monsterinsights_sitenote_category":0,"jetpack_post_was_ever_published":false,"_jetpack_newsletter_access":"","_jetpack_dont_email_post_to_subs":false,"_jetpack_newsletter_tier_id":0,"_jetpack_memberships_contains_paywalled_content":false,"_jetpack_memberships_contains_paid_content":false,"footnotes":"","jetpack_publicize_message":"","jetpack_publicize_feature_enabled":true,"jetpack_social_post_already_shared":false,"jetpack_social_options":{"image_generator_settings":{"template":"highway","default_image_id":0,"font":"","enabled":false},"version":2},"_wpas_customize_per_network":false},"categories":[5],"tags":[2521],"class_list":["post-14542","post","type-post","status-publish","format-standard","hentry","category-politica","tag-sindicato-trabajadores-municipales-mercedes","generate-columns","tablet-grid-50","mobile-grid-100","grid-parent","grid-50"],"jetpack_publicize_connections":[],"jetpack_featured_media_url":"","wps_subtitle":"","jetpack_sharing_enabled":true,"_links":{"self":[{"href":"https:\/\/www.hoymercedes.com.ar\/principal\/wp-json\/wp\/v2\/posts\/14542","targetHints":{"allow":["GET"]}}],"collection":[{"href":"https:\/\/www.hoymercedes.com.ar\/principal\/wp-json\/wp\/v2\/posts"}],"about":[{"href":"https:\/\/www.hoymercedes.com.ar\/principal\/wp-json\/wp\/v2\/types\/post"}],"author":[{"embeddable":true,"href":"https:\/\/www.hoymercedes.com.ar\/principal\/wp-json\/wp\/v2\/users\/1"}],"replies":[{"embeddable":true,"href":"https:\/\/www.hoymercedes.com.ar\/principal\/wp-json\/wp\/v2\/comments?post=14542"}],"version-history":[{"count":0,"href":"https:\/\/www.hoymercedes.com.ar\/principal\/wp-json\/wp\/v2\/posts\/14542\/revisions"}],"wp:attachment":[{"href":"https:\/\/www.hoymercedes.com.ar\/principal\/wp-json\/wp\/v2\/media?parent=14542"}],"wp:term":[{"taxonomy":"category","embeddable":true,"href":"https:\/\/www.hoymercedes.com.ar\/principal\/wp-json\/wp\/v2\/categories?post=14542"},{"taxonomy":"post_tag","embeddable":true,"href":"https:\/\/www.hoymercedes.com.ar\/principal\/wp-json\/wp\/v2\/tags?post=14542"}],"curies":[{"name":"wp","href":"https:\/\/api.w.org\/{rel}","templated":true}]}}