{"id":145451,"date":"2022-03-16T15:57:31","date_gmt":"2022-03-16T18:57:31","guid":{"rendered":"https:\/\/www.hoymercedes.com.ar\/principal\/?p=145451"},"modified":"2022-03-16T15:57:37","modified_gmt":"2022-03-16T18:57:37","slug":"recorren-las-obras-del-loteo-calabria","status":"publish","type":"post","link":"https:\/\/www.hoymercedes.com.ar\/principal\/2022\/03\/16\/recorren-las-obras-del-loteo-calabria\/","title":{"rendered":"Recorren las obras del Loteo Calabria"},"content":{"rendered":"\n<p>Por Prensa Municipal &#8211; El intendente Juan Ignacio Ustarroz junto al secretario de H\u00e1bitat de la Naci\u00f3n, Lic. Santiago Maggiotti, recorri\u00f3 d\u00edas atr\u00e1s, el importante avance de la primera etapa de construcci\u00f3n de viviendas en el denominado \u201cLoteo Calabria\u201d.<\/p>\n\n\n\n<div class=\"wp-block-image\"><figure class=\"aligncenter size-large is-resized\"><img loading=\"lazy\" decoding=\"async\" data-attachment-id=\"145452\" data-permalink=\"https:\/\/www.hoymercedes.com.ar\/principal\/2022\/03\/16\/recorren-las-obras-del-loteo-calabria\/200-4\/#main\" data-orig-file=\"https:\/\/www.hoymercedes.com.ar\/principal\/wp-content\/uploads\/2022\/03\/200-e1647456948415.jpeg\" data-orig-size=\"800,533\" data-comments-opened=\"0\" data-image-meta=\"{&quot;aperture&quot;:&quot;0&quot;,&quot;credit&quot;:&quot;&quot;,&quot;camera&quot;:&quot;&quot;,&quot;caption&quot;:&quot;&quot;,&quot;created_timestamp&quot;:&quot;0&quot;,&quot;copyright&quot;:&quot;&quot;,&quot;focal_length&quot;:&quot;0&quot;,&quot;iso&quot;:&quot;0&quot;,&quot;shutter_speed&quot;:&quot;0&quot;,&quot;title&quot;:&quot;&quot;,&quot;orientation&quot;:&quot;0&quot;}\" data-image-title=\"200\" data-image-description=\"\" data-image-caption=\"\" data-large-file=\"https:\/\/www.hoymercedes.com.ar\/principal\/wp-content\/uploads\/2022\/03\/200-1024x682.jpeg\" src=\"https:\/\/www.hoymercedes.com.ar\/principal\/wp-content\/uploads\/2022\/03\/200-1024x682.jpeg\" alt=\"\" class=\"wp-image-145452\" width=\"596\" height=\"393\"\/><\/figure><\/div>\n\n\n\n<p>Este lugar es un emprendimiento de hist\u00f3ricas dimensiones en el cual se construir\u00e1 un barrio con todas sus prestaciones de servicios, a partir de las gestiones realizadas por el Municipio de Mercedes, ante el Gobierno Nacional, y a trav\u00e9s de la Direcci\u00f3n de Vivienda y Tierras, haciendo aplicaci\u00f3n de la Ley de H\u00e1bitat.<\/p>\n\n\n\n<p>El intendente Ustarroz felicit\u00f3 a todo el personal municipal \u201ces una alegr\u00eda poder ver de la manera que se viene trabajando, y lo grandes avances que en tan poco tiempo se han logrado\u201d y agradeci\u00f3 \u201cal Ministro de Desarrollo Territorial y H\u00e1bitat de la Naci\u00f3n Argentina, Jorge Ferraresi y al Secretario de H\u00e1bitat de la Naci\u00f3n, Santiago Maggiotti por estar presentes siempre y acompa\u00f1ar el desarrollo urban\u00edstico que le permite consolidar, a muchos vecinos de nuestra ciudad, el cumplimiento del sue\u00f1o de la casa propia\u201d.<\/p>\n\n\n\n<p>La visita permiti\u00f3 que los funcionarios y equipos t\u00e9cnicos nacionales constatar\u00e1n y visualizaran las tareas que est\u00e1n realizando las empresas nacionales, dada que la obra se realiza \u2013mayormente- con financiamiento del Gobierno Nacional a trav\u00e9s del mencionado ministerio.<\/p>\n\n\n\n<p>Luego de la recorrida se concret\u00f3 la entrega, desde el complejo Cultural La Trocha, de otros 21 cr\u00e9ditos para la construcci\u00f3n de viviendas.&nbsp;&nbsp;<\/p>\n\n\n\n<div class=\"wp-block-image\"><figure class=\"aligncenter size-large is-resized\"><img decoding=\"async\" data-attachment-id=\"145453\" data-permalink=\"https:\/\/www.hoymercedes.com.ar\/principal\/2022\/03\/16\/recorren-las-obras-del-loteo-calabria\/300-4\/#main\" data-orig-file=\"https:\/\/www.hoymercedes.com.ar\/principal\/wp-content\/uploads\/2022\/03\/300-e1647456989402.jpeg\" data-orig-size=\"800,534\" data-comments-opened=\"0\" data-image-meta=\"{&quot;aperture&quot;:&quot;0&quot;,&quot;credit&quot;:&quot;&quot;,&quot;camera&quot;:&quot;&quot;,&quot;caption&quot;:&quot;&quot;,&quot;created_timestamp&quot;:&quot;0&quot;,&quot;copyright&quot;:&quot;&quot;,&quot;focal_length&quot;:&quot;0&quot;,&quot;iso&quot;:&quot;0&quot;,&quot;shutter_speed&quot;:&quot;0&quot;,&quot;title&quot;:&quot;&quot;,&quot;orientation&quot;:&quot;0&quot;}\" data-image-title=\"300\" data-image-description=\"\" data-image-caption=\"\" data-large-file=\"https:\/\/www.hoymercedes.com.ar\/principal\/wp-content\/uploads\/2022\/03\/300-1024x683.jpeg\" src=\"https:\/\/www.hoymercedes.com.ar\/principal\/wp-content\/uploads\/2022\/03\/300-1024x683.jpeg\" alt=\"\" class=\"wp-image-145453\" width=\"-378\" height=\"-251\"\/><\/figure><\/div>\n","protected":false},"excerpt":{"rendered":"<p>Por Prensa Municipal &#8211; El intendente Juan Ignacio Ustarroz junto al secretario de H\u00e1bitat de la Naci\u00f3n, Lic. Santiago Maggiotti, &#8230; <a title=\"Recorren las obras del Loteo Calabria\" class=\"read-more\" href=\"https:\/\/www.hoymercedes.com.ar\/principal\/2022\/03\/16\/recorren-las-obras-del-loteo-calabria\/\" aria-label=\"Leer m\u00e1s sobre Recorren las obras del Loteo Calabria\">Leer m\u00e1s<\/a><\/p>\n","protected":false},"author":1,"featured_media":145453,"comment_status":"closed","ping_status":"open","sticky":false,"template":"","format":"standard","meta":{"_monsterinsights_skip_tracking":false,"_monsterinsights_sitenote_active":false,"_monsterinsights_sitenote_note":"","_monsterinsights_sitenote_category":0,"jetpack_post_was_ever_published":false,"_jetpack_newsletter_access":"","_jetpack_dont_email_post_to_subs":false,"_jetpack_newsletter_tier_id":0,"_jetpack_memberships_contains_paywalled_content":false,"_jetpack_memberships_contains_paid_content":false,"footnotes":"","jetpack_publicize_message":"","jetpack_publicize_feature_enabled":true,"jetpack_social_post_already_shared":true,"jetpack_social_options":{"image_generator_settings":{"template":"highway","default_image_id":0,"font":"","enabled":false},"version":2},"_wpas_customize_per_network":false},"categories":[8],"tags":[244],"class_list":["post-145451","post","type-post","status-publish","format-standard","has-post-thumbnail","hentry","category-sociedad","tag-municipio-2","generate-columns","tablet-grid-50","mobile-grid-100","grid-parent","grid-50"],"jetpack_publicize_connections":[],"jetpack_featured_media_url":"https:\/\/www.hoymercedes.com.ar\/principal\/wp-content\/uploads\/2022\/03\/300-e1647456989402.jpeg","wps_subtitle":"","jetpack_sharing_enabled":true,"_links":{"self":[{"href":"https:\/\/www.hoymercedes.com.ar\/principal\/wp-json\/wp\/v2\/posts\/145451","targetHints":{"allow":["GET"]}}],"collection":[{"href":"https:\/\/www.hoymercedes.com.ar\/principal\/wp-json\/wp\/v2\/posts"}],"about":[{"href":"https:\/\/www.hoymercedes.com.ar\/principal\/wp-json\/wp\/v2\/types\/post"}],"author":[{"embeddable":true,"href":"https:\/\/www.hoymercedes.com.ar\/principal\/wp-json\/wp\/v2\/users\/1"}],"replies":[{"embeddable":true,"href":"https:\/\/www.hoymercedes.com.ar\/principal\/wp-json\/wp\/v2\/comments?post=145451"}],"version-history":[{"count":0,"href":"https:\/\/www.hoymercedes.com.ar\/principal\/wp-json\/wp\/v2\/posts\/145451\/revisions"}],"wp:featuredmedia":[{"embeddable":true,"href":"https:\/\/www.hoymercedes.com.ar\/principal\/wp-json\/wp\/v2\/media\/145453"}],"wp:attachment":[{"href":"https:\/\/www.hoymercedes.com.ar\/principal\/wp-json\/wp\/v2\/media?parent=145451"}],"wp:term":[{"taxonomy":"category","embeddable":true,"href":"https:\/\/www.hoymercedes.com.ar\/principal\/wp-json\/wp\/v2\/categories?post=145451"},{"taxonomy":"post_tag","embeddable":true,"href":"https:\/\/www.hoymercedes.com.ar\/principal\/wp-json\/wp\/v2\/tags?post=145451"}],"curies":[{"name":"wp","href":"https:\/\/api.w.org\/{rel}","templated":true}]}}