{"id":145455,"date":"2022-03-20T12:01:00","date_gmt":"2022-03-20T15:01:00","guid":{"rendered":"https:\/\/www.hoymercedes.com.ar\/principal\/?p=145455"},"modified":"2022-03-20T11:51:24","modified_gmt":"2022-03-20T14:51:24","slug":"nazarena-viola-convocada-para-la-seleccion-sub20","status":"publish","type":"post","link":"https:\/\/www.hoymercedes.com.ar\/principal\/2022\/03\/20\/nazarena-viola-convocada-para-la-seleccion-sub20\/","title":{"rendered":"Nazarena Viola convocada para la selecci\u00f3n sub20"},"content":{"rendered":"\n<p>Luego de su pase por el Sudamericano en Uruguay con la selecci\u00f3n sub17, la mercedina Nazarena Viola fue convocada para la selecci\u00f3n Sub20 del futbol femenino. D\u00edas atr\u00e1s estuvo entrenando con el equipo que dirige Germ\u00e1n Portanova. <\/p>\n\n\n\n<p>Dieciocho jugadoras viajaron a Montevideo, donde disputaron un amistoso ante su similar de Uruguay. Luego, Veintidos futbolistas se presentaron en el Predio de Ezeiza para ser parte de un ensayo formal de f\u00fatbol bajo la mirada de Germ\u00e1n Portanova y su cuerpo t\u00e9cnico. Ya en la recta final de preparaci\u00f3n para el Sudamericano, la actividad volver\u00e1 el pr\u00f3ximo martes en el Predio de Ezeiza.<\/p>\n\n\n\n<p>En la lista de convocadas est\u00e1n:  Joaquina Rodr\u00edguez Palma &#8211; Platense; Sof\u00eda Dom\u00ednguez &#8211; River; Valentina Tesio &#8211; Gimnasia; Lourdes Gonz\u00e1lez &#8211; Platense; Estefan\u00eda Palomar &#8211; Boca; Brisa De \u00c1ngelis &#8211; Ferro; Kishi N\u00fa\u00f1ez &#8211; Argentinos Jrs.; Loana Bernhard &#8211; S.A.T.; Ana Frenedoso &#8211; Ferro; Bel\u00e9n Ludue\u00f1a &#8211; River; Camila Duarte &#8211; River; <strong>Nazarena Viola &#8211; Racing<\/strong>; Agustina Arias &#8211; Platense; Milagros Martin &#8211; Platense; Magal\u00ed Chavero &#8211; Ferro; Maricel Cabrera &#8211; Lan\u00fas; Tatiana Sarmiento &#8211; V\u00e9lez; Chiara Magni &#8211; UAI Urquiza; Brisa Galeano &#8211; Estudiantes (BA); Yuliana Sanabria &#8211; Platense: y Mariana Echecopar &#8211; S.A.T.<\/p>\n\n\n\n<figure class=\"wp-block-image size-full\"><img loading=\"lazy\" decoding=\"async\" width=\"800\" height=\"533\" data-attachment-id=\"145598\" data-permalink=\"https:\/\/www.hoymercedes.com.ar\/principal\/2022\/03\/20\/nazarena-viola-convocada-para-la-seleccion-sub20\/selecc-femin-sub20\/#main\" data-orig-file=\"https:\/\/www.hoymercedes.com.ar\/principal\/wp-content\/uploads\/2022\/03\/selecc-femin-sub20.jpg\" data-orig-size=\"800,533\" data-comments-opened=\"0\" data-image-meta=\"{&quot;aperture&quot;:&quot;0&quot;,&quot;credit&quot;:&quot;&quot;,&quot;camera&quot;:&quot;&quot;,&quot;caption&quot;:&quot;&quot;,&quot;created_timestamp&quot;:&quot;1647529552&quot;,&quot;copyright&quot;:&quot;&quot;,&quot;focal_length&quot;:&quot;0&quot;,&quot;iso&quot;:&quot;0&quot;,&quot;shutter_speed&quot;:&quot;0&quot;,&quot;title&quot;:&quot;&quot;,&quot;orientation&quot;:&quot;0&quot;}\" data-image-title=\"selecc femin sub20\" data-image-description=\"\" data-image-caption=\"\" data-large-file=\"https:\/\/www.hoymercedes.com.ar\/principal\/wp-content\/uploads\/2022\/03\/selecc-femin-sub20.jpg\" src=\"https:\/\/www.hoymercedes.com.ar\/principal\/wp-content\/uploads\/2022\/03\/selecc-femin-sub20.jpg\" alt=\"\" class=\"wp-image-145598\" srcset=\"https:\/\/www.hoymercedes.com.ar\/principal\/wp-content\/uploads\/2022\/03\/selecc-femin-sub20.jpg 800w, https:\/\/www.hoymercedes.com.ar\/principal\/wp-content\/uploads\/2022\/03\/selecc-femin-sub20-630x420.jpg 630w, https:\/\/www.hoymercedes.com.ar\/principal\/wp-content\/uploads\/2022\/03\/selecc-femin-sub20-150x100.jpg 150w, https:\/\/www.hoymercedes.com.ar\/principal\/wp-content\/uploads\/2022\/03\/selecc-femin-sub20-700x465.jpg 700w\" sizes=\"auto, (max-width: 800px) 100vw, 800px\" \/><\/figure>\n","protected":false},"excerpt":{"rendered":"<p>Luego de su pase por el Sudamericano en Uruguay con la selecci\u00f3n sub17, la mercedina Nazarena Viola fue convocada para &#8230; <a title=\"Nazarena Viola convocada para la selecci\u00f3n sub20\" class=\"read-more\" href=\"https:\/\/www.hoymercedes.com.ar\/principal\/2022\/03\/20\/nazarena-viola-convocada-para-la-seleccion-sub20\/\" aria-label=\"Leer m\u00e1s sobre Nazarena Viola convocada para la selecci\u00f3n sub20\">Leer m\u00e1s<\/a><\/p>\n","protected":false},"author":1,"featured_media":144518,"comment_status":"closed","ping_status":"open","sticky":false,"template":"","format":"standard","meta":{"_monsterinsights_skip_tracking":false,"_monsterinsights_sitenote_active":false,"_monsterinsights_sitenote_note":"","_monsterinsights_sitenote_category":0,"jetpack_post_was_ever_published":false,"_jetpack_newsletter_access":"","_jetpack_dont_email_post_to_subs":false,"_jetpack_newsletter_tier_id":0,"_jetpack_memberships_contains_paywalled_content":false,"_jetpack_memberships_contains_paid_content":false,"footnotes":"","jetpack_publicize_message":"","jetpack_publicize_feature_enabled":true,"jetpack_social_post_already_shared":true,"jetpack_social_options":{"image_generator_settings":{"template":"highway","default_image_id":0,"font":"","enabled":false},"version":2},"_wpas_customize_per_network":false},"categories":[21],"tags":[204],"class_list":["post-145455","post","type-post","status-publish","format-standard","has-post-thumbnail","hentry","category-deportes","tag-deportes-2","generate-columns","tablet-grid-50","mobile-grid-100","grid-parent","grid-50"],"jetpack_publicize_connections":[],"jetpack_featured_media_url":"https:\/\/www.hoymercedes.com.ar\/principal\/wp-content\/uploads\/2022\/03\/Nazarena-Viola-2.jpg","wps_subtitle":"Futbol femenino","jetpack_sharing_enabled":true,"jetpack-related-posts":[{"id":138278,"url":"https:\/\/www.hoymercedes.com.ar\/principal\/2021\/10\/05\/nazarena-viola-convocada-a-la-seleccion-femenina-de-futbol\/","url_meta":{"origin":145455,"position":0},"title":"Nazarena Viola convocada a la selecci\u00f3n femenina de f\u00fatbol","author":"hoymercedes","date":"5 octubre, 2021","format":false,"excerpt":"En la jornada del lunes se conoci\u00f3 que el entrenador de las selecciones sub 17 y sub 15 del futbol femenino, Christian Meloni convoc\u00f3 a las veinte jugadoras para integrar el equipo sub 17, entre las convocadas se encuentra la mercedina Nazarena Viola. Actual jugadora de Racing Club de Avellaneda,\u2026","rel":"","context":"En \u00abDeportes\u00bb","block_context":{"text":"Deportes","link":"https:\/\/www.hoymercedes.com.ar\/principal\/category\/deportes\/"},"img":{"alt_text":"","src":"https:\/\/i0.wp.com\/www.hoymercedes.com.ar\/principal\/wp-content\/uploads\/2021\/10\/nazarena-viola-1.jpg?resize=350%2C200&ssl=1","width":350,"height":200,"srcset":"https:\/\/i0.wp.com\/www.hoymercedes.com.ar\/principal\/wp-content\/uploads\/2021\/10\/nazarena-viola-1.jpg?resize=350%2C200&ssl=1 1x, https:\/\/i0.wp.com\/www.hoymercedes.com.ar\/principal\/wp-content\/uploads\/2021\/10\/nazarena-viola-1.jpg?resize=525%2C300&ssl=1 1.5x, https:\/\/i0.wp.com\/www.hoymercedes.com.ar\/principal\/wp-content\/uploads\/2021\/10\/nazarena-viola-1.jpg?resize=700%2C400&ssl=1 2x"},"classes":[]},{"id":144514,"url":"https:\/\/www.hoymercedes.com.ar\/principal\/2022\/03\/01\/juana-cangaro-y-nazarena-viola-arrancan-en-el-sudamericano-sub17\/","url_meta":{"origin":145455,"position":1},"title":"Juana C\u00e1ngaro y Nazarena Viola arrancan en el Sudamericano Sub17","author":"hoymercedes","date":"1 marzo, 2022","format":false,"excerpt":"Este martes 1\u00b0 de marzo arranca en el Torneo Sudamericano de Futbol Femenino Sub 17 en Uruguay. Dos mercedinas son parte de la selecci\u00f3n nacional que competir\u00e1n este mi\u00e9rcoles 2 en el estadio Charr\u00faa contra Brasil, a las 18:30 hs. Se trata de Juan C\u00e1ngaro y Nazarena Viola. Ambas est\u00e1n\u2026","rel":"","context":"En \u00abDeportes\u00bb","block_context":{"text":"Deportes","link":"https:\/\/www.hoymercedes.com.ar\/principal\/category\/deportes\/"},"img":{"alt_text":"","src":"https:\/\/i0.wp.com\/www.hoymercedes.com.ar\/principal\/wp-content\/uploads\/2022\/03\/futbolFemesub17.jpg?resize=350%2C200&ssl=1","width":350,"height":200,"srcset":"https:\/\/i0.wp.com\/www.hoymercedes.com.ar\/principal\/wp-content\/uploads\/2022\/03\/futbolFemesub17.jpg?resize=350%2C200&ssl=1 1x, https:\/\/i0.wp.com\/www.hoymercedes.com.ar\/principal\/wp-content\/uploads\/2022\/03\/futbolFemesub17.jpg?resize=525%2C300&ssl=1 1.5x"},"classes":[]},{"id":145167,"url":"https:\/\/www.hoymercedes.com.ar\/principal\/2022\/03\/10\/el-gol-de-nazarena-viola-no-alcanzo-para-pasar-la-fase\/","url_meta":{"origin":145455,"position":2},"title":"El gol de Nazarena Viola no alcanz\u00f3 para pasar la fase","author":"hoymercedes","date":"10 marzo, 2022","format":false,"excerpt":"El seleccionado de futbol femenino sub 17 que integran las mercedinas Nazarena Viola y Juana C\u00e1ngaro, empat\u00f3 en la tarde de este jueves ante Paraguay, \u00faltima fecha de la zona de grupos. El gol de Nazarena con el que se inici\u00f3 el tanteador ilusion\u00f3 al equipo argentino, pero el empate\u2026","rel":"","context":"En \u00abDeportes\u00bb","block_context":{"text":"Deportes","link":"https:\/\/www.hoymercedes.com.ar\/principal\/category\/deportes\/"},"img":{"alt_text":"","src":"https:\/\/i0.wp.com\/www.hoymercedes.com.ar\/principal\/wp-content\/uploads\/2022\/03\/IMG_20220310_180349_copy_800x533.jpg?resize=350%2C200&ssl=1","width":350,"height":200,"srcset":"https:\/\/i0.wp.com\/www.hoymercedes.com.ar\/principal\/wp-content\/uploads\/2022\/03\/IMG_20220310_180349_copy_800x533.jpg?resize=350%2C200&ssl=1 1x, https:\/\/i0.wp.com\/www.hoymercedes.com.ar\/principal\/wp-content\/uploads\/2022\/03\/IMG_20220310_180349_copy_800x533.jpg?resize=525%2C300&ssl=1 1.5x, https:\/\/i0.wp.com\/www.hoymercedes.com.ar\/principal\/wp-content\/uploads\/2022\/03\/IMG_20220310_180349_copy_800x533.jpg?resize=700%2C400&ssl=1 2x"},"classes":[]},{"id":190729,"url":"https:\/\/www.hoymercedes.com.ar\/principal\/2026\/01\/07\/juana-cangaro-entrena-con-la-pre-seleccion-sub-20\/","url_meta":{"origin":145455,"position":3},"title":"Juana C\u00e1ngaro entrena con la Pre Selecci\u00f3n Sub 20","author":"hoymercedes","date":"7 enero, 2026","format":false,"excerpt":"El seleccionado femenino Sub-20, bajo la conducci\u00f3n de Christian Meloni y Clarisa Huber, entren\u00f3 esta ma\u00f1ana en el predio Lionel Andr\u00e9s Messi. El plantel comenz\u00f3 as\u00ed la preparaci\u00f3n de cara al Sudamericano de la categor\u00eda, que se disputar\u00e1 en Paraguay del 4 al 28 de febrero y otorgar\u00e1 plazas para\u2026","rel":"","context":"En \u00abDeportes\u00bb","block_context":{"text":"Deportes","link":"https:\/\/www.hoymercedes.com.ar\/principal\/category\/deportes\/"},"img":{"alt_text":"","src":"https:\/\/i0.wp.com\/www.hoymercedes.com.ar\/principal\/wp-content\/uploads\/2026\/01\/WhatsApp-Image-2026-01-06-at-22.38.30-edited.jpeg?resize=350%2C200&ssl=1","width":350,"height":200},"classes":[]},{"id":104618,"url":"https:\/\/www.hoymercedes.com.ar\/principal\/2020\/01\/01\/juana-cangaro-y-nazarena-viola-bicampeonas-nacionales-con-la-sub-14-de-river-plate\/","url_meta":{"origin":145455,"position":4},"title":"Juana C\u00e1ngaro y Nazarena Viola, bicampeonas nacionales con la Sub 14 de River Plate","author":"hoymercedes","date":"1 enero, 2020","format":false,"excerpt":"La fase final de la Liga Femenina, organizada por Desarrollo AFA en el marco del programa Evoluci\u00f3n de Conmebol, tuvo su fiesta de cierre en la provincia de San Luis. En total,\u00a016 planteles divididos en dos categor\u00edas (Sub 14 y Sub 16) participaron de la definici\u00f3n del torneo nacional.\u00a0 La\u2026","rel":"","context":"En \u00abDeportes\u00bb","block_context":{"text":"Deportes","link":"https:\/\/www.hoymercedes.com.ar\/principal\/category\/deportes\/"},"img":{"alt_text":"","src":"https:\/\/i0.wp.com\/www.hoymercedes.com.ar\/principal\/wp-content\/uploads\/2019\/12\/Nazarena-Viola-Juana-Cangaro-bicampeonas-river-sub-14-2.jpg?resize=350%2C200&ssl=1","width":350,"height":200,"srcset":"https:\/\/i0.wp.com\/www.hoymercedes.com.ar\/principal\/wp-content\/uploads\/2019\/12\/Nazarena-Viola-Juana-Cangaro-bicampeonas-river-sub-14-2.jpg?resize=350%2C200&ssl=1 1x, https:\/\/i0.wp.com\/www.hoymercedes.com.ar\/principal\/wp-content\/uploads\/2019\/12\/Nazarena-Viola-Juana-Cangaro-bicampeonas-river-sub-14-2.jpg?resize=525%2C300&ssl=1 1.5x, https:\/\/i0.wp.com\/www.hoymercedes.com.ar\/principal\/wp-content\/uploads\/2019\/12\/Nazarena-Viola-Juana-Cangaro-bicampeonas-river-sub-14-2.jpg?resize=700%2C400&ssl=1 2x"},"classes":[]},{"id":144655,"url":"https:\/\/www.hoymercedes.com.ar\/principal\/2022\/03\/02\/la-seleccion-con-cangaro-y-viola-no-pudo-con-brasil-en-su-debut\/","url_meta":{"origin":145455,"position":5},"title":"La selecci\u00f3n con C\u00e1ngaro y Viola no pudo con Brasil en su debut","author":"hoymercedes","date":"2 marzo, 2022","format":false,"excerpt":"El seleccionado argentino femenino de f\u00fatbol Sub 17 cay\u00f3 este mi\u00e9rcoles ante su par de Brasil, por 3-0, en el estreno de ambos por el grupo B del Sudamericano de la categor\u00eda, que se lleva a cabo en la ciudad de Montevideo, Uruguay. En el estadio Charr\u00faa, el equipo albiceleste\u2026","rel":"","context":"En \u00abDeportes\u00bb","block_context":{"text":"Deportes","link":"https:\/\/www.hoymercedes.com.ar\/principal\/category\/deportes\/"},"img":{"alt_text":"","src":"https:\/\/i0.wp.com\/www.hoymercedes.com.ar\/principal\/wp-content\/uploads\/2022\/03\/2022-03-02-9.png?resize=350%2C200&ssl=1","width":350,"height":200,"srcset":"https:\/\/i0.wp.com\/www.hoymercedes.com.ar\/principal\/wp-content\/uploads\/2022\/03\/2022-03-02-9.png?resize=350%2C200&ssl=1 1x, https:\/\/i0.wp.com\/www.hoymercedes.com.ar\/principal\/wp-content\/uploads\/2022\/03\/2022-03-02-9.png?resize=525%2C300&ssl=1 1.5x, https:\/\/i0.wp.com\/www.hoymercedes.com.ar\/principal\/wp-content\/uploads\/2022\/03\/2022-03-02-9.png?resize=700%2C400&ssl=1 2x"},"classes":[]}],"_links":{"self":[{"href":"https:\/\/www.hoymercedes.com.ar\/principal\/wp-json\/wp\/v2\/posts\/145455","targetHints":{"allow":["GET"]}}],"collection":[{"href":"https:\/\/www.hoymercedes.com.ar\/principal\/wp-json\/wp\/v2\/posts"}],"about":[{"href":"https:\/\/www.hoymercedes.com.ar\/principal\/wp-json\/wp\/v2\/types\/post"}],"author":[{"embeddable":true,"href":"https:\/\/www.hoymercedes.com.ar\/principal\/wp-json\/wp\/v2\/users\/1"}],"replies":[{"embeddable":true,"href":"https:\/\/www.hoymercedes.com.ar\/principal\/wp-json\/wp\/v2\/comments?post=145455"}],"version-history":[{"count":0,"href":"https:\/\/www.hoymercedes.com.ar\/principal\/wp-json\/wp\/v2\/posts\/145455\/revisions"}],"wp:featuredmedia":[{"embeddable":true,"href":"https:\/\/www.hoymercedes.com.ar\/principal\/wp-json\/wp\/v2\/media\/144518"}],"wp:attachment":[{"href":"https:\/\/www.hoymercedes.com.ar\/principal\/wp-json\/wp\/v2\/media?parent=145455"}],"wp:term":[{"taxonomy":"category","embeddable":true,"href":"https:\/\/www.hoymercedes.com.ar\/principal\/wp-json\/wp\/v2\/categories?post=145455"},{"taxonomy":"post_tag","embeddable":true,"href":"https:\/\/www.hoymercedes.com.ar\/principal\/wp-json\/wp\/v2\/tags?post=145455"}],"curies":[{"name":"wp","href":"https:\/\/api.w.org\/{rel}","templated":true}]}}