{"id":145494,"date":"2022-03-17T10:15:00","date_gmt":"2022-03-17T13:15:00","guid":{"rendered":"https:\/\/www.hoymercedes.com.ar\/principal\/?p=145494"},"modified":"2022-03-17T17:57:25","modified_gmt":"2022-03-17T20:57:25","slug":"los-10-alimentos-que-mas-aumentaron-con-la-inflacion-de-febrero","status":"publish","type":"post","link":"https:\/\/www.hoymercedes.com.ar\/principal\/2022\/03\/17\/los-10-alimentos-que-mas-aumentaron-con-la-inflacion-de-febrero\/","title":{"rendered":"Los 10 alimentos que m\u00e1s aumentaron con la inflaci\u00f3n de febrero"},"content":{"rendered":"\n<p><strong><em>El Instituto Nacional de Estad\u00edstica y Censos (Indec) inform\u00f3 este martes un incremento promedio de 4,7% en el \u00edndice de precios al consumidor del mes pasado, y los rubros que m\u00e1s aumentaron fueron alimentos y bebidas no alcoh\u00f3licas, por un 7,5%.<\/em><\/strong><\/p>\n\n\n\n<div class=\"wp-block-image\"><figure class=\"aligncenter\"><img decoding=\"async\" src=\"https:\/\/d1iibezb83drel.cloudfront.net\/wp-content\/uploads\/2021\/08\/inflacion-688x387.webp\" alt=\"\"\/><\/figure><\/div>\n\n\n\n<p>As\u00ed como es un saber popular que conviene comprar frutas y verduras de estaci\u00f3n para aprovechar cuando est\u00e1n a buen precio, por estos d\u00edas hay alimentos que se fueron por las nubes y la gente puede \u201cesquivar\u201d.<\/p>\n\n\n\n<p><a href=\"https:\/\/www.grupolaprovincia.com\/economia\/el-indice-de-precios-al-consumidor-subio-47-en-febrero-900831\" target=\"_blank\" rel=\"noreferrer noopener\">El Instituto Nacional de Estad\u00edstica y Censos (Indec) inform\u00f3 este martes un incremento promedio de 4,7% en el \u00edndice de precios al consumidor del mes pasado<\/a>, y los rubros que m\u00e1s aumentaron fueron alimentos y bebidas no alcoh\u00f3licas, por un 7,5%.<\/p>\n\n\n\n<p>Lo que m\u00e1s llam\u00f3 la atenci\u00f3n fue el precio de la lechuga con una suba del 72,7%, liderando el ranking de los 10 alimentos que est\u00e1n m\u00e1s caros que en enero. La siguen el tomate que por kilo aument\u00f3 un 40,8%, la cebolla un 30,8%, y el lim\u00f3n un 27%.<\/p>\n\n\n\n<p>Adem\u00e1s de la ensaladita, que ser\u00e1 mejor postergar por lo menos hasta el viernes cuando&nbsp;empiece&nbsp;<a href=\"https:\/\/www.grupolaprovincia.com\/politica\/alberto-fernandez-el-viernes-empieza-la-guerra-contra-la-inflacion-en-la-argentina-900499\" target=\"_blank\" rel=\"noreferrer noopener\">\u201cla guerra contra la inflaci\u00f3n\u201d como expres\u00f3 el presidente Alberto Fern\u00e1ndez<\/a>, completan la lista negra el huevo por docena que aument\u00f3 22,5%, la naranja un 19,8% y la funcional papa, con un 16,3%.<\/p>\n\n\n\n<p>Los \u00faltimos tres alimentos que m\u00e1s se vieron afectados fueron la leche en polvo que subi\u00f3 un 15,9%, la carne picada un 11,7% y el kilo de manzana un 10,9%.<\/p>\n\n\n\n<p>En general, los cortes de carne tambi\u00e9n sufrieron un fuerte impacto de la inflaci\u00f3n, y de hecho, la C\u00e1mara de la Industria y Comercio de las Carnes (CICCRA) registr\u00f3 una ca\u00edda del 1,8% en el consumo con respecto a febrero de 2021. <\/p>\n\n\n\n<p>Fuente: GLP (<a href=\"https:\/\/www.grupolaprovincia.com\/\" target=\"_blank\" rel=\"noreferrer noopener\">grupolaprovincia.com<\/a>)<\/p>\n","protected":false},"excerpt":{"rendered":"<p>El Instituto Nacional de Estad\u00edstica y Censos (Indec) inform\u00f3 este martes un incremento promedio de 4,7% en el \u00edndice de &#8230; <a title=\"Los 10 alimentos que m\u00e1s aumentaron con la inflaci\u00f3n de febrero\" class=\"read-more\" href=\"https:\/\/www.hoymercedes.com.ar\/principal\/2022\/03\/17\/los-10-alimentos-que-mas-aumentaron-con-la-inflacion-de-febrero\/\" aria-label=\"Leer m\u00e1s sobre Los 10 alimentos que m\u00e1s aumentaron con la inflaci\u00f3n de febrero\">Leer m\u00e1s<\/a><\/p>\n","protected":false},"author":1,"featured_media":145498,"comment_status":"closed","ping_status":"open","sticky":false,"template":"","format":"standard","meta":{"_monsterinsights_skip_tracking":false,"_monsterinsights_sitenote_active":false,"_monsterinsights_sitenote_note":"","_monsterinsights_sitenote_category":0,"jetpack_post_was_ever_published":false,"_jetpack_newsletter_access":"","_jetpack_dont_email_post_to_subs":false,"_jetpack_newsletter_tier_id":0,"_jetpack_memberships_contains_paywalled_content":false,"_jetpack_memberships_contains_paid_content":false,"footnotes":"","jetpack_publicize_message":"","jetpack_publicize_feature_enabled":true,"jetpack_social_post_already_shared":true,"jetpack_social_options":{"image_generator_settings":{"template":"highway","default_image_id":0,"font":"","enabled":false},"version":2},"_wpas_customize_per_network":false},"categories":[16777],"tags":[],"class_list":["post-145494","post","type-post","status-publish","format-standard","has-post-thumbnail","hentry","category-economia","generate-columns","tablet-grid-50","mobile-grid-100","grid-parent","grid-50"],"jetpack_publicize_connections":[],"jetpack_featured_media_url":"https:\/\/www.hoymercedes.com.ar\/principal\/wp-content\/uploads\/2022\/03\/inflacion.png","wps_subtitle":"","jetpack_sharing_enabled":true,"_links":{"self":[{"href":"https:\/\/www.hoymercedes.com.ar\/principal\/wp-json\/wp\/v2\/posts\/145494","targetHints":{"allow":["GET"]}}],"collection":[{"href":"https:\/\/www.hoymercedes.com.ar\/principal\/wp-json\/wp\/v2\/posts"}],"about":[{"href":"https:\/\/www.hoymercedes.com.ar\/principal\/wp-json\/wp\/v2\/types\/post"}],"author":[{"embeddable":true,"href":"https:\/\/www.hoymercedes.com.ar\/principal\/wp-json\/wp\/v2\/users\/1"}],"replies":[{"embeddable":true,"href":"https:\/\/www.hoymercedes.com.ar\/principal\/wp-json\/wp\/v2\/comments?post=145494"}],"version-history":[{"count":0,"href":"https:\/\/www.hoymercedes.com.ar\/principal\/wp-json\/wp\/v2\/posts\/145494\/revisions"}],"wp:featuredmedia":[{"embeddable":true,"href":"https:\/\/www.hoymercedes.com.ar\/principal\/wp-json\/wp\/v2\/media\/145498"}],"wp:attachment":[{"href":"https:\/\/www.hoymercedes.com.ar\/principal\/wp-json\/wp\/v2\/media?parent=145494"}],"wp:term":[{"taxonomy":"category","embeddable":true,"href":"https:\/\/www.hoymercedes.com.ar\/principal\/wp-json\/wp\/v2\/categories?post=145494"},{"taxonomy":"post_tag","embeddable":true,"href":"https:\/\/www.hoymercedes.com.ar\/principal\/wp-json\/wp\/v2\/tags?post=145494"}],"curies":[{"name":"wp","href":"https:\/\/api.w.org\/{rel}","templated":true}]}}