{"id":145628,"date":"2022-03-21T12:46:11","date_gmt":"2022-03-21T15:46:11","guid":{"rendered":"https:\/\/www.hoymercedes.com.ar\/principal\/?p=145628"},"modified":"2022-03-21T12:46:17","modified_gmt":"2022-03-21T15:46:17","slug":"se-inaugura-el-patio-de-la-memoria-en-el-complejo-udaondo","status":"publish","type":"post","link":"https:\/\/www.hoymercedes.com.ar\/principal\/2022\/03\/21\/se-inaugura-el-patio-de-la-memoria-en-el-complejo-udaondo\/","title":{"rendered":"Se inaugura el \u201cPatio de la Memoria\u201d en el Complejo Udaondo"},"content":{"rendered":"\n<p><em>En el marco del D\u00eda Nacional de la Memoria por la Verdad y la Justicia, el 23 de marzo el Instituto Cultural de la provincia de Buenos Aires colocar\u00e1 una placa con el s\u00edmbolo de la lucha de madres y abuelas de Plaza de Mayo, creando y declarando ese espacio como un lugar para reflexionar sobre nuestra historia reciente. Ser\u00e1 en el Museo Udaondo en la ciudad de Luj\u00e1n.<\/em><\/p>\n\n\n\n<div class=\"wp-block-image\"><figure class=\"aligncenter size-full\"><img loading=\"lazy\" decoding=\"async\" width=\"801\" height=\"801\" data-attachment-id=\"145629\" data-permalink=\"https:\/\/www.hoymercedes.com.ar\/principal\/2022\/03\/21\/se-inaugura-el-patio-de-la-memoria-en-el-complejo-udaondo\/uda-dia-de-la-memoria-_feed\/#main\" data-orig-file=\"https:\/\/www.hoymercedes.com.ar\/principal\/wp-content\/uploads\/2022\/03\/UDA-DIA-DE-LA-MEMORIA-_FEED.png\" data-orig-size=\"801,801\" data-comments-opened=\"0\" data-image-meta=\"{&quot;aperture&quot;:&quot;0&quot;,&quot;credit&quot;:&quot;&quot;,&quot;camera&quot;:&quot;&quot;,&quot;caption&quot;:&quot;&quot;,&quot;created_timestamp&quot;:&quot;0&quot;,&quot;copyright&quot;:&quot;&quot;,&quot;focal_length&quot;:&quot;0&quot;,&quot;iso&quot;:&quot;0&quot;,&quot;shutter_speed&quot;:&quot;0&quot;,&quot;title&quot;:&quot;&quot;,&quot;orientation&quot;:&quot;0&quot;}\" data-image-title=\"UDA &amp;#8211; DIA DE LA MEMORIA -_FEED\" data-image-description=\"\" data-image-caption=\"\" data-large-file=\"https:\/\/www.hoymercedes.com.ar\/principal\/wp-content\/uploads\/2022\/03\/UDA-DIA-DE-LA-MEMORIA-_FEED.png\" src=\"https:\/\/www.hoymercedes.com.ar\/principal\/wp-content\/uploads\/2022\/03\/UDA-DIA-DE-LA-MEMORIA-_FEED.png\" alt=\"\" class=\"wp-image-145629\" srcset=\"https:\/\/www.hoymercedes.com.ar\/principal\/wp-content\/uploads\/2022\/03\/UDA-DIA-DE-LA-MEMORIA-_FEED.png 801w, https:\/\/www.hoymercedes.com.ar\/principal\/wp-content\/uploads\/2022\/03\/UDA-DIA-DE-LA-MEMORIA-_FEED-620x620.png 620w, https:\/\/www.hoymercedes.com.ar\/principal\/wp-content\/uploads\/2022\/03\/UDA-DIA-DE-LA-MEMORIA-_FEED-150x150.png 150w\" sizes=\"auto, (max-width: 801px) 100vw, 801px\" \/><\/figure><\/div>\n\n\n\n<p>El Instituto Cultural de la Provincia de Buenos Aires, como parte de la propuesta \u201cMemoria es Cultura\u201d, inaugurar\u00e1 el \u201cPatio de la Memoria Verdad y Justicia\u201d en el Complejo Museogr\u00e1fico Provincial&nbsp; Enrique Udaondo. La cita ser\u00e1 el 23 de marzo a las 17 hs y contar\u00e1 con la presencia de la Comisi\u00f3n de Familiares detenidos y desaparecidos Luj\u00e1n.&nbsp;&nbsp;<\/p>\n\n\n\n<p>La actividad ser\u00e1 realizada junto con el Colectivo de Artistas Memoria y Mosaicos y ese d\u00eda se colocar\u00e1 una placa con el s\u00edmbolo del pa\u00f1uelo de las madres y abuelas de Plaza de Mayo, en uno de los patios del Complejo, sum\u00e1ndose al proyecto \u201c30 mil pa\u00f1uelos por la memoria\u201d. La propuesta busca que los espacios p\u00fablicos y hogares que consideren a las madres y abuelas como ejemplo de lucha tengan su pa\u00f1uelo como s\u00edmbolo para no olvidar a ninguna de los&nbsp; 30000 compa\u00f1eros&nbsp; secuestrados y desaparecidos.&nbsp;<\/p>\n\n\n\n<p>De esta manera, el Complejo Museogr\u00e1fico Provincial Enrique Udaondo comienza a tener un&nbsp; espacio f\u00edsico y simb\u00f3lico para reflexionar de manera cr\u00edtica sobre la historia reciente. El nuevo espacio para la verdad, la memoria y la justicia no s\u00f3lo recordar\u00e1 un hecho hist\u00f3rico, sino que ser\u00e1 un llamado a toda la comunidad a comprometerse activamente con la defensa de los derechos y garant\u00edas establecidas por la Constituci\u00f3n Nacional y del r\u00e9gimen pol\u00edtico democr\u00e1tico.&nbsp;<\/p>\n\n\n\n<p>Adem\u00e1s de la Comisi\u00f3n de Familiares detenidos y desaparecidos Luj\u00e1n, participar\u00e1n del acto autoridades del Instituto Cultural de la Provincia de Buenos Aires y de la Municipalidad de Luj\u00e1n y el Instituto Municipal Superior de Educaci\u00f3n y Tecnolog\u00eda Emilio F Mignone.\u00a0\u00a0<\/p>\n\n\n\n<p>Fuente: Museo Udaondo<\/p>\n","protected":false},"excerpt":{"rendered":"<p>En el marco del D\u00eda Nacional de la Memoria por la Verdad y la Justicia, el 23 de marzo el &#8230; <a title=\"Se inaugura el \u201cPatio de la Memoria\u201d en el Complejo Udaondo\" class=\"read-more\" href=\"https:\/\/www.hoymercedes.com.ar\/principal\/2022\/03\/21\/se-inaugura-el-patio-de-la-memoria-en-el-complejo-udaondo\/\" aria-label=\"Leer m\u00e1s sobre Se inaugura el \u201cPatio de la Memoria\u201d en el Complejo Udaondo\">Leer m\u00e1s<\/a><\/p>\n","protected":false},"author":1,"featured_media":145629,"comment_status":"closed","ping_status":"open","sticky":false,"template":"","format":"standard","meta":{"_monsterinsights_skip_tracking":false,"_monsterinsights_sitenote_active":false,"_monsterinsights_sitenote_note":"","_monsterinsights_sitenote_category":0,"jetpack_post_was_ever_published":false,"_jetpack_newsletter_access":"","_jetpack_dont_email_post_to_subs":false,"_jetpack_newsletter_tier_id":0,"_jetpack_memberships_contains_paywalled_content":false,"_jetpack_memberships_contains_paid_content":false,"footnotes":"","jetpack_publicize_message":"","jetpack_publicize_feature_enabled":true,"jetpack_social_post_already_shared":true,"jetpack_social_options":{"image_generator_settings":{"template":"highway","default_image_id":0,"font":"","enabled":false},"version":2},"_wpas_customize_per_network":false},"categories":[201],"tags":[],"class_list":["post-145628","post","type-post","status-publish","format-standard","has-post-thumbnail","hentry","category-lujan-2","generate-columns","tablet-grid-50","mobile-grid-100","grid-parent","grid-50"],"jetpack_publicize_connections":[],"jetpack_featured_media_url":"https:\/\/www.hoymercedes.com.ar\/principal\/wp-content\/uploads\/2022\/03\/UDA-DIA-DE-LA-MEMORIA-_FEED.png","wps_subtitle":"","jetpack_sharing_enabled":true,"_links":{"self":[{"href":"https:\/\/www.hoymercedes.com.ar\/principal\/wp-json\/wp\/v2\/posts\/145628","targetHints":{"allow":["GET"]}}],"collection":[{"href":"https:\/\/www.hoymercedes.com.ar\/principal\/wp-json\/wp\/v2\/posts"}],"about":[{"href":"https:\/\/www.hoymercedes.com.ar\/principal\/wp-json\/wp\/v2\/types\/post"}],"author":[{"embeddable":true,"href":"https:\/\/www.hoymercedes.com.ar\/principal\/wp-json\/wp\/v2\/users\/1"}],"replies":[{"embeddable":true,"href":"https:\/\/www.hoymercedes.com.ar\/principal\/wp-json\/wp\/v2\/comments?post=145628"}],"version-history":[{"count":0,"href":"https:\/\/www.hoymercedes.com.ar\/principal\/wp-json\/wp\/v2\/posts\/145628\/revisions"}],"wp:featuredmedia":[{"embeddable":true,"href":"https:\/\/www.hoymercedes.com.ar\/principal\/wp-json\/wp\/v2\/media\/145629"}],"wp:attachment":[{"href":"https:\/\/www.hoymercedes.com.ar\/principal\/wp-json\/wp\/v2\/media?parent=145628"}],"wp:term":[{"taxonomy":"category","embeddable":true,"href":"https:\/\/www.hoymercedes.com.ar\/principal\/wp-json\/wp\/v2\/categories?post=145628"},{"taxonomy":"post_tag","embeddable":true,"href":"https:\/\/www.hoymercedes.com.ar\/principal\/wp-json\/wp\/v2\/tags?post=145628"}],"curies":[{"name":"wp","href":"https:\/\/api.w.org\/{rel}","templated":true}]}}