{"id":145643,"date":"2022-03-21T20:19:46","date_gmt":"2022-03-21T23:19:46","guid":{"rendered":"https:\/\/www.hoymercedes.com.ar\/principal\/?p=145643"},"modified":"2022-03-21T20:19:49","modified_gmt":"2022-03-21T23:19:49","slug":"exitosa-9o-edicion-de-la-fiesta-del-arraigo-en-agote","status":"publish","type":"post","link":"https:\/\/www.hoymercedes.com.ar\/principal\/2022\/03\/21\/exitosa-9o-edicion-de-la-fiesta-del-arraigo-en-agote\/","title":{"rendered":"Exitosa 9\u00ba edici\u00f3n de la Fiesta del Arraigo en Agote"},"content":{"rendered":"\n<figure class=\"wp-block-image size-large\"><img loading=\"lazy\" decoding=\"async\" width=\"1024\" height=\"576\" data-attachment-id=\"145644\" data-permalink=\"https:\/\/www.hoymercedes.com.ar\/principal\/2022\/03\/21\/exitosa-9o-edicion-de-la-fiesta-del-arraigo-en-agote\/dsc07241\/#main\" data-orig-file=\"https:\/\/www.hoymercedes.com.ar\/principal\/wp-content\/uploads\/2022\/03\/DSC07241.jpg\" data-orig-size=\"1094,615\" data-comments-opened=\"0\" data-image-meta=\"{&quot;aperture&quot;:&quot;0&quot;,&quot;credit&quot;:&quot;&quot;,&quot;camera&quot;:&quot;&quot;,&quot;caption&quot;:&quot;&quot;,&quot;created_timestamp&quot;:&quot;0&quot;,&quot;copyright&quot;:&quot;&quot;,&quot;focal_length&quot;:&quot;0&quot;,&quot;iso&quot;:&quot;0&quot;,&quot;shutter_speed&quot;:&quot;0&quot;,&quot;title&quot;:&quot;&quot;,&quot;orientation&quot;:&quot;0&quot;}\" data-image-title=\"DSC07241\" data-image-description=\"\" data-image-caption=\"\" data-large-file=\"https:\/\/www.hoymercedes.com.ar\/principal\/wp-content\/uploads\/2022\/03\/DSC07241-1024x576.jpg\" src=\"https:\/\/www.hoymercedes.com.ar\/principal\/wp-content\/uploads\/2022\/03\/DSC07241-1024x576.jpg\" alt=\"\" class=\"wp-image-145644\" srcset=\"https:\/\/www.hoymercedes.com.ar\/principal\/wp-content\/uploads\/2022\/03\/DSC07241-1024x576.jpg 1024w, https:\/\/www.hoymercedes.com.ar\/principal\/wp-content\/uploads\/2022\/03\/DSC07241-630x354.jpg 630w, https:\/\/www.hoymercedes.com.ar\/principal\/wp-content\/uploads\/2022\/03\/DSC07241-150x84.jpg 150w, https:\/\/www.hoymercedes.com.ar\/principal\/wp-content\/uploads\/2022\/03\/DSC07241.jpg 1094w\" sizes=\"auto, (max-width: 1024px) 100vw, 1024px\" \/><\/figure>\n\n\n\n<p>La comunidad de Agote celebr\u00f3 con el apoyo de la Municipalidad la 9\u00ba Fiesta del Arraigo. Fue un encuentro con una gran participaci\u00f3n de p\u00fablico, desfiles, homenajes, reconocimientos, shows en vivo y mucha tradici\u00f3n e identidad campera. El intendente Dr. Juan I. Ustarroz felicit\u00f3 a su comunidad \u201cpor esta hermosa fiesta que reivindica la identidad, el arraigo, los pueblos rurales, la vida en comunidad\u201d, entre otros conceptos.<\/p>\n\n\n\n<p>La fiesta si inici\u00f3 durante horas de la ma\u00f1ana y tuvo una ampl\u00edsima grilla de propuestas culturales.<\/p>\n\n\n\n<p>Hubo el tradicional levantamiento de banderas nacionales y una referencia local, brindando un momento de unidad y reconocimiento. Se cont\u00f3 con la presencia del Centro de Veteranos de Malvinas, siempre respetados, queridos y homenajeados, adem\u00e1s, en el marco del 40 aniversario de la gesta de Malvinas.<\/p>\n\n\n\n<figure class=\"wp-block-image size-full is-resized\"><img loading=\"lazy\" decoding=\"async\" data-attachment-id=\"145645\" data-permalink=\"https:\/\/www.hoymercedes.com.ar\/principal\/2022\/03\/21\/exitosa-9o-edicion-de-la-fiesta-del-arraigo-en-agote\/dsc08191\/#main\" data-orig-file=\"https:\/\/www.hoymercedes.com.ar\/principal\/wp-content\/uploads\/2022\/03\/DSC08191.jpg\" data-orig-size=\"921,615\" data-comments-opened=\"0\" data-image-meta=\"{&quot;aperture&quot;:&quot;0&quot;,&quot;credit&quot;:&quot;&quot;,&quot;camera&quot;:&quot;&quot;,&quot;caption&quot;:&quot;&quot;,&quot;created_timestamp&quot;:&quot;0&quot;,&quot;copyright&quot;:&quot;&quot;,&quot;focal_length&quot;:&quot;0&quot;,&quot;iso&quot;:&quot;0&quot;,&quot;shutter_speed&quot;:&quot;0&quot;,&quot;title&quot;:&quot;&quot;,&quot;orientation&quot;:&quot;0&quot;}\" data-image-title=\"DSC08191\" data-image-description=\"\" data-image-caption=\"\" data-large-file=\"https:\/\/www.hoymercedes.com.ar\/principal\/wp-content\/uploads\/2022\/03\/DSC08191.jpg\" src=\"https:\/\/www.hoymercedes.com.ar\/principal\/wp-content\/uploads\/2022\/03\/DSC08191.jpg\" alt=\"\" class=\"wp-image-145645\" width=\"959\" height=\"640\" srcset=\"https:\/\/www.hoymercedes.com.ar\/principal\/wp-content\/uploads\/2022\/03\/DSC08191.jpg 921w, https:\/\/www.hoymercedes.com.ar\/principal\/wp-content\/uploads\/2022\/03\/DSC08191-630x421.jpg 630w, https:\/\/www.hoymercedes.com.ar\/principal\/wp-content\/uploads\/2022\/03\/DSC08191-150x100.jpg 150w\" sizes=\"auto, (max-width: 959px) 100vw, 959px\" \/><\/figure>\n\n\n\n<p>Como se dijo, todo inici\u00f3 con el cl\u00e1sico desfile gaucho, continu\u00f3 con el Grupo Suyai, Herederos de mi Tierra, Los del Pedregal, Sabasti\u00e1n Giovanetone, Balltet Tati Almeida, Semilla Agreste, Ballet Almafuerte, Miguel y su grupo de Chamameceros, Oscar Barrera y su show, Ballet Santa Cecilia, Ballet Estrella del Sur, Oscar Rosello, Ivana Cestari, Mati Navarro, Es lo que Hay y Viru Cumbieron.<\/p>\n\n\n\n<figure class=\"wp-block-image size-full is-resized\"><img loading=\"lazy\" decoding=\"async\" data-attachment-id=\"145646\" data-permalink=\"https:\/\/www.hoymercedes.com.ar\/principal\/2022\/03\/21\/exitosa-9o-edicion-de-la-fiesta-del-arraigo-en-agote\/dsc08320\/#main\" data-orig-file=\"https:\/\/www.hoymercedes.com.ar\/principal\/wp-content\/uploads\/2022\/03\/DSC08320.jpg\" data-orig-size=\"922,615\" data-comments-opened=\"0\" data-image-meta=\"{&quot;aperture&quot;:&quot;0&quot;,&quot;credit&quot;:&quot;&quot;,&quot;camera&quot;:&quot;&quot;,&quot;caption&quot;:&quot;&quot;,&quot;created_timestamp&quot;:&quot;0&quot;,&quot;copyright&quot;:&quot;&quot;,&quot;focal_length&quot;:&quot;0&quot;,&quot;iso&quot;:&quot;0&quot;,&quot;shutter_speed&quot;:&quot;0&quot;,&quot;title&quot;:&quot;&quot;,&quot;orientation&quot;:&quot;0&quot;}\" data-image-title=\"DSC08320\" data-image-description=\"\" data-image-caption=\"\" data-large-file=\"https:\/\/www.hoymercedes.com.ar\/principal\/wp-content\/uploads\/2022\/03\/DSC08320.jpg\" src=\"https:\/\/www.hoymercedes.com.ar\/principal\/wp-content\/uploads\/2022\/03\/DSC08320.jpg\" alt=\"\" class=\"wp-image-145646\" width=\"954\" height=\"636\" srcset=\"https:\/\/www.hoymercedes.com.ar\/principal\/wp-content\/uploads\/2022\/03\/DSC08320.jpg 922w, https:\/\/www.hoymercedes.com.ar\/principal\/wp-content\/uploads\/2022\/03\/DSC08320-630x420.jpg 630w, https:\/\/www.hoymercedes.com.ar\/principal\/wp-content\/uploads\/2022\/03\/DSC08320-150x100.jpg 150w\" sizes=\"auto, (max-width: 954px) 100vw, 954px\" \/><\/figure>\n\n\n\n<p>La tarde permiti\u00f3 un gran nivel de asistencia. Estuvo presente, adem\u00e1s del intendente, Mariana San Mart\u00edn, directora de relaciones institucionales, Mart\u00edn Boragno, director de turismo, entre otras y otros funcionarios danto un fuerte apoyo a las y los vecinos de Agote que desde hace a\u00f1os vienen elaborando esta propuesta que ya una tradici\u00f3n en nuestro Partido, que une a las comunidades y brinda amplios niveles de participaci\u00f3n en su organizaci\u00f3n.<\/p>\n\n\n\n<figure class=\"wp-block-image size-full\"><img loading=\"lazy\" decoding=\"async\" width=\"921\" height=\"615\" data-attachment-id=\"145647\" data-permalink=\"https:\/\/www.hoymercedes.com.ar\/principal\/2022\/03\/21\/exitosa-9o-edicion-de-la-fiesta-del-arraigo-en-agote\/dsc08311-2\/#main\" data-orig-file=\"https:\/\/www.hoymercedes.com.ar\/principal\/wp-content\/uploads\/2022\/03\/DSC08311.jpg\" data-orig-size=\"921,615\" data-comments-opened=\"0\" data-image-meta=\"{&quot;aperture&quot;:&quot;0&quot;,&quot;credit&quot;:&quot;&quot;,&quot;camera&quot;:&quot;&quot;,&quot;caption&quot;:&quot;&quot;,&quot;created_timestamp&quot;:&quot;0&quot;,&quot;copyright&quot;:&quot;&quot;,&quot;focal_length&quot;:&quot;0&quot;,&quot;iso&quot;:&quot;0&quot;,&quot;shutter_speed&quot;:&quot;0&quot;,&quot;title&quot;:&quot;&quot;,&quot;orientation&quot;:&quot;0&quot;}\" data-image-title=\"DSC08311\" data-image-description=\"\" data-image-caption=\"\" data-large-file=\"https:\/\/www.hoymercedes.com.ar\/principal\/wp-content\/uploads\/2022\/03\/DSC08311.jpg\" src=\"https:\/\/www.hoymercedes.com.ar\/principal\/wp-content\/uploads\/2022\/03\/DSC08311.jpg\" alt=\"\" class=\"wp-image-145647\" srcset=\"https:\/\/www.hoymercedes.com.ar\/principal\/wp-content\/uploads\/2022\/03\/DSC08311.jpg 921w, https:\/\/www.hoymercedes.com.ar\/principal\/wp-content\/uploads\/2022\/03\/DSC08311-630x421.jpg 630w, https:\/\/www.hoymercedes.com.ar\/principal\/wp-content\/uploads\/2022\/03\/DSC08311-150x100.jpg 150w\" sizes=\"auto, (max-width: 921px) 100vw, 921px\" \/><\/figure>\n","protected":false},"excerpt":{"rendered":"<p>La comunidad de Agote celebr\u00f3 con el apoyo de la Municipalidad la 9\u00ba Fiesta del Arraigo. Fue un encuentro con &#8230; <a title=\"Exitosa 9\u00ba edici\u00f3n de la Fiesta del Arraigo en Agote\" class=\"read-more\" href=\"https:\/\/www.hoymercedes.com.ar\/principal\/2022\/03\/21\/exitosa-9o-edicion-de-la-fiesta-del-arraigo-en-agote\/\" aria-label=\"Leer m\u00e1s sobre Exitosa 9\u00ba edici\u00f3n de la Fiesta del Arraigo en Agote\">Leer m\u00e1s<\/a><\/p>\n","protected":false},"author":1,"featured_media":145646,"comment_status":"closed","ping_status":"open","sticky":false,"template":"","format":"standard","meta":{"_monsterinsights_skip_tracking":false,"_monsterinsights_sitenote_active":false,"_monsterinsights_sitenote_note":"","_monsterinsights_sitenote_category":0,"jetpack_post_was_ever_published":false,"_jetpack_newsletter_access":"","_jetpack_dont_email_post_to_subs":false,"_jetpack_newsletter_tier_id":0,"_jetpack_memberships_contains_paywalled_content":false,"_jetpack_memberships_contains_paid_content":false,"footnotes":"","jetpack_publicize_message":"","jetpack_publicize_feature_enabled":true,"jetpack_social_post_already_shared":true,"jetpack_social_options":{"image_generator_settings":{"template":"highway","default_image_id":0,"font":"","enabled":false},"version":2},"_wpas_customize_per_network":false},"categories":[104],"tags":[1981,8629,18291],"class_list":["post-145643","post","type-post","status-publish","format-standard","has-post-thumbnail","hentry","category-cultura","tag-agote","tag-arraigo","tag-fiestas-popualres","generate-columns","tablet-grid-50","mobile-grid-100","grid-parent","grid-50"],"jetpack_publicize_connections":[],"jetpack_featured_media_url":"https:\/\/www.hoymercedes.com.ar\/principal\/wp-content\/uploads\/2022\/03\/DSC08320.jpg","wps_subtitle":"Fiestas populares ","jetpack_sharing_enabled":true,"_links":{"self":[{"href":"https:\/\/www.hoymercedes.com.ar\/principal\/wp-json\/wp\/v2\/posts\/145643","targetHints":{"allow":["GET"]}}],"collection":[{"href":"https:\/\/www.hoymercedes.com.ar\/principal\/wp-json\/wp\/v2\/posts"}],"about":[{"href":"https:\/\/www.hoymercedes.com.ar\/principal\/wp-json\/wp\/v2\/types\/post"}],"author":[{"embeddable":true,"href":"https:\/\/www.hoymercedes.com.ar\/principal\/wp-json\/wp\/v2\/users\/1"}],"replies":[{"embeddable":true,"href":"https:\/\/www.hoymercedes.com.ar\/principal\/wp-json\/wp\/v2\/comments?post=145643"}],"version-history":[{"count":0,"href":"https:\/\/www.hoymercedes.com.ar\/principal\/wp-json\/wp\/v2\/posts\/145643\/revisions"}],"wp:featuredmedia":[{"embeddable":true,"href":"https:\/\/www.hoymercedes.com.ar\/principal\/wp-json\/wp\/v2\/media\/145646"}],"wp:attachment":[{"href":"https:\/\/www.hoymercedes.com.ar\/principal\/wp-json\/wp\/v2\/media?parent=145643"}],"wp:term":[{"taxonomy":"category","embeddable":true,"href":"https:\/\/www.hoymercedes.com.ar\/principal\/wp-json\/wp\/v2\/categories?post=145643"},{"taxonomy":"post_tag","embeddable":true,"href":"https:\/\/www.hoymercedes.com.ar\/principal\/wp-json\/wp\/v2\/tags?post=145643"}],"curies":[{"name":"wp","href":"https:\/\/api.w.org\/{rel}","templated":true}]}}